{"id":1467,"date":"2017-03-14T23:49:12","date_gmt":"2017-03-14T22:49:12","guid":{"rendered":"http:\/\/der-rote-faden.de\/wordpress\/?p=1467"},"modified":"2023-06-06T09:18:25","modified_gmt":"2023-06-06T07:18:25","slug":"handgepaeck-reisetasche-diy","status":"publish","type":"post","link":"https:\/\/der-rote-faden.de\/wordpress\/handgepaeck-reisetasche-diy\/","title":{"rendered":"Handgep\u00e4ck-Reisetasche DIY"},"content":{"rendered":"<h1><a href=\"http:\/\/der-rote-faden.de\/wordpress\/wp-content\/uploads\/2017\/03\/reisetasche0.jpg\"><img loading=\"lazy\" decoding=\"async\" class=\"aligncenter wp-image-1476\" src=\"http:\/\/der-rote-faden.de\/wordpress\/wp-content\/uploads\/2017\/03\/reisetasche0.jpg\" alt=\"Reisetasche\" width=\"601\" height=\"589\" srcset=\"https:\/\/der-rote-faden.de\/wordpress\/wp-content\/uploads\/2017\/03\/reisetasche0.jpg 900w, https:\/\/der-rote-faden.de\/wordpress\/wp-content\/uploads\/2017\/03\/reisetasche0-300x294.jpg 300w, https:\/\/der-rote-faden.de\/wordpress\/wp-content\/uploads\/2017\/03\/reisetasche0-768x753.jpg 768w, https:\/\/der-rote-faden.de\/wordpress\/wp-content\/uploads\/2017\/03\/reisetasche0-830x813.jpg 830w, https:\/\/der-rote-faden.de\/wordpress\/wp-content\/uploads\/2017\/03\/reisetasche0-230x225.jpg 230w, https:\/\/der-rote-faden.de\/wordpress\/wp-content\/uploads\/2017\/03\/reisetasche0-350x343.jpg 350w\" sizes=\"auto, (max-width: 601px) 100vw, 601px\" \/><\/a><\/h1>\n<h1>Handgep\u00e4ckf\u00e4hige Reisetasche mit Laptop-Fach<\/h1>\n<p>Eine Reisetasche, die noch als Handgep\u00e4ck durchgeht, darf bei den meisten Fluggesellschaften nicht gr\u00f6\u00dfer als 56 x 45 x 26 cm sein. Ich m\u00f6chte eine leichte, aber auch f\u00fcr Fl\u00fcge gut optimierte Tasche n\u00e4hen, die ich bei wenig Gep\u00e4ck \u00fcber die Schulter h\u00e4ngen kann und nicht \u00fcber Stock und Stein hinter mir herziehen und mir Gedanken machen muss, ob die Rollen den Spaziergang \u00fcberleben. Damit es keine Schwierigkeiten gibt, vor allem mit einer weichen, sich ausbeulenden Tasche, werde ich mich auf das Ma\u00df 55 x 42 x 22 cm beschr\u00e4nken.<\/p>\n<p>Ich m\u00f6chte die Tasche auf der&nbsp; Schulter tragen und bei Bedarf auch ganz aufklappen k\u00f6nnen, deshalb werde ich den Rei\u00dfverschluss bis unten zur Standfl\u00e4che n\u00e4hen.<\/p>\n<p>Die Reisetasche soll aus einem robusten Material sein, ich entscheide mich f\u00fcr einen Gobelin, \u00e4hnlich fest wie ein Canvas. Damit sie auch auf dem Boden stehen kann ohne zu durchn\u00e4ssen entscheide ich mich f\u00fcr Rindsleder-Imitat im Bodenbereich und zus\u00e4tzliche Koffern\u00e4gel zum Stehen. Au\u00dferdem m\u00f6chte ich sie etwas gepolstert haben, damit der Laptop beim Anecken nicht leidet. Die Innentasche wird daher mit Volumenvlies ausgef\u00fcttert, zus\u00e4tzlich zur steifen und formerhaltenden Schabracken-Einlage. Die unteren 30 cm der Tasche sollen seitlich auch aus dem Lederimitat sein, der Rest oben aus dem Jaquard-Stoff.<\/p>\n<h2>Zutaten:<\/h2>\n<p>80 cm <a href=\"https:\/\/aachen-stoffe.de\/de\/Karneval\/Dekostoffe\/\" target=\"_blank\" rel=\"noopener noreferrer\">Gobelin-\/Canvas-Jaquard<\/a><\/p>\n<p>90 cm Futterstoff stabil (kann auch Satinfutter, Taschenfutter, Popeline oder Baumwoll-Satin sein)<\/p>\n<p>40 cm <a href=\"https:\/\/aachen-stoffe.de\/de\/Futterstoffe\/Taschenfutter--Wirkfutter\/\" target=\"_blank\" rel=\"noopener noreferrer\">Futterstoff\/Taschenfutter&nbsp; <\/a>f\u00fcr Innentasche (f\u00fcr Laptop)<\/p>\n<p>90 cm <a href=\"https:\/\/aachen-stoffe.de\/de\/Fixiereinlagen\/Breitware-Einlagen\/Schabracken-Einlage-105-cm-rohweiss--hart-u--steif.html\" target=\"_blank\" rel=\"noopener noreferrer\">Schabracken-Einlage<\/a><\/p>\n<p>1 m <a href=\"https:\/\/aachen-stoffe.de\/de\/Fixiereinlagen\/Breitware-Einlagen\/Polyester-Watte--Dacron-Watte--Volumenvlies---80g-qm-150cmwaermendes-Zwischenfutter--nicht-buegelbar-.html\" target=\"_blank\" rel=\"noopener noreferrer\">Volumenvlies (zur Polsterung des Laptops)<\/a><\/p>\n<p>40 cm <a href=\"https:\/\/aachen-stoffe.de\/de\/Karneval\/Dekostoffe\/lederimitat-kraeftig-fuer-taschen-schwarz-44-vi-6-pes-50-pu132cm-415g-qm.html\" target=\"_blank\" rel=\"noopener noreferrer\">Rindsleder-Imitat<\/a><\/p>\n<p><a href=\"https:\/\/aachen-stoffe.de\/de\/Verschluesse\/Taschen--griffe--zubehoer\/\" target=\"_blank\" rel=\"noopener noreferrer\">Bodenn\u00e4gel f\u00fcr Taschen<\/a> von Prym ArtNr 615900<\/p>\n<p><a href=\"https:\/\/aachen-stoffe.de\/de\/Baender\/Standardbaender-Bw-Satin-Kunstfaser\/Gurt--Reflex--Klettband\/\" target=\"_blank\" rel=\"noopener noreferrer\">2 x 1,5 m Gurtband 40 mm<\/a><\/p>\n<p><a href=\"https:\/\/aachen-stoffe.de\/de\/Reissverschluesse\/2-Wege-Reissverschluesse\/2Wege-nicht-teilbar-Spirale-breit\/0100-schwarz-3931\/\" target=\"_blank\" rel=\"noopener noreferrer\">1 x 2-Wege-Rei\u00dfverschluss O-f\u00f6rmig, breite Spirale (6mm)<\/a>, 150 cm lang<\/p>\n<p><a href=\"https:\/\/aachen-stoffe.de\/de\/Garne\/Naehgarn\/\" target=\"_blank\" rel=\"noopener noreferrer\">Jeansgarn (No.50 l\u00e4sst sich leichter n\u00e4hen) oder Ledergarn (30er Garn, ist noch stabiler)<\/a><\/p>\n<p>normales 120er-Garn doppelt genommen (2 Garnrollen auf der oberen Halterung) geht aber auch.<\/p>\n<p>90er Nadel, beim Leder 90er Ledernadel f\u00fcr die N\u00e4hmaschine<\/p>\n<p>&nbsp;<\/p>\n<h2>Schnitt<\/h2>\n<p>Den Schnitt stelle ich erst mal aus Papier her:<\/p>\n<p>1 Rechteck 55 x 42 cm, das 2 x zugeschnitten wird, aus Stoff<\/p>\n<p>1 Streifen 22&nbsp; x 45 cm f\u00fcr den Boden aus Kunstleder<\/p>\n<p>4 Streifen 11 x 70 cm, vom Bodenteil bis seitlich zu den D-Ringen des Schultergurtes<\/p>\n<p>2 Streifen 5,5 x 79 cm aus Stoff (oder die H\u00e4lfte, also 39,5 cm, am Stoffbruch aufgelegt)<\/p>\n<p>2 Streifen 5,5 x 79 cm aus Kunstleder (oder die H\u00e4lfte, also 39,5 cm, am Stoffbruch aufgelegt)<\/p>\n<p>&nbsp;<\/p>\n<h2>Zuschnitt<\/h2>\n<p>Dann schneide ich Stoff, Futter, Schabrackeneinlage und Volumenvlies entsprechend zu. Bitte darauf achten, welche Teile am Stoffbruch zugeschnitten werden m\u00fcssen. Es ist auch auf den Bildern ersichtlich.<\/p>\n<p><a href=\"http:\/\/der-rote-faden.de\/wordpress\/wp-content\/uploads\/2017\/03\/36298-30.jpg\"><img loading=\"lazy\" decoding=\"async\" class=\"aligncenter size-medium wp-image-1480\" src=\"http:\/\/der-rote-faden.de\/wordpress\/wp-content\/uploads\/2017\/03\/36298-30-225x300.jpg\" alt=\"stoff-zuschnitt\" width=\"225\" height=\"300\" srcset=\"https:\/\/der-rote-faden.de\/wordpress\/wp-content\/uploads\/2017\/03\/36298-30-225x300.jpg 225w, https:\/\/der-rote-faden.de\/wordpress\/wp-content\/uploads\/2017\/03\/36298-30-768x1024.jpg 768w, https:\/\/der-rote-faden.de\/wordpress\/wp-content\/uploads\/2017\/03\/36298-30-830x1107.jpg 830w, https:\/\/der-rote-faden.de\/wordpress\/wp-content\/uploads\/2017\/03\/36298-30-230x307.jpg 230w, https:\/\/der-rote-faden.de\/wordpress\/wp-content\/uploads\/2017\/03\/36298-30-350x467.jpg 350w\" sizes=\"auto, (max-width: 225px) 100vw, 225px\" \/><\/a> <a href=\"http:\/\/der-rote-faden.de\/wordpress\/wp-content\/uploads\/2017\/03\/IMG_7772.jpg\"><img loading=\"lazy\" decoding=\"async\" class=\"aligncenter size-medium wp-image-1481\" src=\"http:\/\/der-rote-faden.de\/wordpress\/wp-content\/uploads\/2017\/03\/IMG_7772-225x300.jpg\" alt=\"\" width=\"225\" height=\"300\" srcset=\"https:\/\/der-rote-faden.de\/wordpress\/wp-content\/uploads\/2017\/03\/IMG_7772-225x300.jpg 225w, https:\/\/der-rote-faden.de\/wordpress\/wp-content\/uploads\/2017\/03\/IMG_7772-768x1024.jpg 768w, https:\/\/der-rote-faden.de\/wordpress\/wp-content\/uploads\/2017\/03\/IMG_7772-830x1107.jpg 830w, https:\/\/der-rote-faden.de\/wordpress\/wp-content\/uploads\/2017\/03\/IMG_7772-230x307.jpg 230w, https:\/\/der-rote-faden.de\/wordpress\/wp-content\/uploads\/2017\/03\/IMG_7772-350x467.jpg 350w\" sizes=\"auto, (max-width: 225px) 100vw, 225px\" \/><\/a><\/p>\n<p>Das Volumenvlies wird mit gro\u00dfz\u00fcgiger Nahtzugabe geschnitten, da es beim N\u00e4hen leicht verrutscht, dann aber immer noch gen\u00fcgend \u00fcbersteht. Es kann f\u00fcr den Boden und hinter die Innentasche des Laptops genommen werden, der Rest der Tasche braucht keine Polsterung, es w\u00fcrde nur unn\u00f6tig Volumen einnehmen.<\/p>\n<p><img loading=\"lazy\" decoding=\"async\" class=\"aligncenter size-medium wp-image-1482\" src=\"http:\/\/der-rote-faden.de\/wordpress\/wp-content\/uploads\/2017\/03\/36298-34-225x300.jpg\" alt=\"volumenvlies\" width=\"225\" height=\"300\" srcset=\"https:\/\/der-rote-faden.de\/wordpress\/wp-content\/uploads\/2017\/03\/36298-34-225x300.jpg 225w, https:\/\/der-rote-faden.de\/wordpress\/wp-content\/uploads\/2017\/03\/36298-34-768x1024.jpg 768w, https:\/\/der-rote-faden.de\/wordpress\/wp-content\/uploads\/2017\/03\/36298-34-830x1107.jpg 830w, https:\/\/der-rote-faden.de\/wordpress\/wp-content\/uploads\/2017\/03\/36298-34-230x307.jpg 230w, https:\/\/der-rote-faden.de\/wordpress\/wp-content\/uploads\/2017\/03\/36298-34-350x467.jpg 350w\" sizes=\"auto, (max-width: 225px) 100vw, 225px\" \/><\/p>\n<p>Die beiden oberen Ecken runde ich noch leicht ab, die Tasche l\u00e4sst sich dann leichter schultern und gef\u00fcllt werden k\u00f6nnen diese oberen Ecken auch meist nicht vollkommen. Die Linie im oberen Bereich markiert die Innentasche f\u00fcr den Laptop. F\u00fcr diese bezeichne ich 32 cm von unten eine 40 cm lange Schnittlinie f\u00fcr den Rei\u00dfverschluss. Mein Laptop ist 25 cm x 37 cm gro\u00df.<\/p>\n<p><a href=\"http:\/\/der-rote-faden.de\/wordpress\/wp-content\/uploads\/2017\/03\/IMG_7785.jpg\"><img loading=\"lazy\" decoding=\"async\" class=\"aligncenter wp-image-1477\" src=\"http:\/\/der-rote-faden.de\/wordpress\/wp-content\/uploads\/2017\/03\/IMG_7785-300x225.jpg\" alt=\"Papierschnitt\" width=\"452\" height=\"339\" srcset=\"https:\/\/der-rote-faden.de\/wordpress\/wp-content\/uploads\/2017\/03\/IMG_7785-300x225.jpg 300w, https:\/\/der-rote-faden.de\/wordpress\/wp-content\/uploads\/2017\/03\/IMG_7785-768x576.jpg 768w, https:\/\/der-rote-faden.de\/wordpress\/wp-content\/uploads\/2017\/03\/IMG_7785-1024x768.jpg 1024w, https:\/\/der-rote-faden.de\/wordpress\/wp-content\/uploads\/2017\/03\/IMG_7785-830x623.jpg 830w, https:\/\/der-rote-faden.de\/wordpress\/wp-content\/uploads\/2017\/03\/IMG_7785-230x173.jpg 230w, https:\/\/der-rote-faden.de\/wordpress\/wp-content\/uploads\/2017\/03\/IMG_7785-350x263.jpg 350w\" sizes=\"auto, (max-width: 452px) 100vw, 452px\" \/><\/a><\/p>\n<p>&nbsp;<\/p>\n<p>Die Rei\u00dfverschluss-Linie \u00fcbertrage ich auf meinen Stoff, aber nur auf eine Seite, da ich nur 1 Innentasche fertigen werde. Die Innentasche schneide ich in 2 St\u00fccken \u00e0 34 x 46 cm zu. Ich nehme f\u00fcr den Laptop ein extra stabiles Taschenfutter.<\/p>\n<p><a href=\"http:\/\/der-rote-faden.de\/wordpress\/wp-content\/uploads\/2017\/03\/IMG_7787.jpg\"><img loading=\"lazy\" decoding=\"async\" class=\"aligncenter wp-image-1483\" src=\"http:\/\/der-rote-faden.de\/wordpress\/wp-content\/uploads\/2017\/03\/IMG_7787-300x225.jpg\" alt=\"innentasche\" width=\"455\" height=\"341\" srcset=\"https:\/\/der-rote-faden.de\/wordpress\/wp-content\/uploads\/2017\/03\/IMG_7787-300x225.jpg 300w, https:\/\/der-rote-faden.de\/wordpress\/wp-content\/uploads\/2017\/03\/IMG_7787-768x576.jpg 768w, https:\/\/der-rote-faden.de\/wordpress\/wp-content\/uploads\/2017\/03\/IMG_7787-1024x768.jpg 1024w, https:\/\/der-rote-faden.de\/wordpress\/wp-content\/uploads\/2017\/03\/IMG_7787-830x623.jpg 830w, https:\/\/der-rote-faden.de\/wordpress\/wp-content\/uploads\/2017\/03\/IMG_7787-230x173.jpg 230w, https:\/\/der-rote-faden.de\/wordpress\/wp-content\/uploads\/2017\/03\/IMG_7787-350x263.jpg 350w\" sizes=\"auto, (max-width: 455px) 100vw, 455px\" \/><\/a><\/p>\n<h2>Verarbeitung<\/h2>\n<p>Den Schlitz f\u00fcr den Rei\u00dfverschluss vers\u00e4ubere ich und lege dann den Rei\u00dfverschluss rechts auf rechts auf die \u00d6ffnung.<a href=\"http:\/\/der-rote-faden.de\/wordpress\/wp-content\/uploads\/2017\/03\/IMG_7789.jpg\"><img loading=\"lazy\" decoding=\"async\" class=\"aligncenter wp-image-1484\" src=\"http:\/\/der-rote-faden.de\/wordpress\/wp-content\/uploads\/2017\/03\/IMG_7789-1024x768.jpg\" alt=\"schlitz-innentasche\" width=\"451\" height=\"338\" srcset=\"https:\/\/der-rote-faden.de\/wordpress\/wp-content\/uploads\/2017\/03\/IMG_7789-1024x768.jpg 1024w, https:\/\/der-rote-faden.de\/wordpress\/wp-content\/uploads\/2017\/03\/IMG_7789-300x225.jpg 300w, https:\/\/der-rote-faden.de\/wordpress\/wp-content\/uploads\/2017\/03\/IMG_7789-768x576.jpg 768w, https:\/\/der-rote-faden.de\/wordpress\/wp-content\/uploads\/2017\/03\/IMG_7789-830x623.jpg 830w, https:\/\/der-rote-faden.de\/wordpress\/wp-content\/uploads\/2017\/03\/IMG_7789-230x173.jpg 230w, https:\/\/der-rote-faden.de\/wordpress\/wp-content\/uploads\/2017\/03\/IMG_7789-350x263.jpg 350w\" sizes=\"auto, (max-width: 451px) 100vw, 451px\" \/><\/a><\/p>\n<p>&nbsp;<\/p>\n<p>Dann wird das Taschenfutter aufgelegt und alles durchgesteppt, bis zum&nbsp; Kreidestrich am Ende.<\/p>\n<p><a href=\"http:\/\/der-rote-faden.de\/wordpress\/wp-content\/uploads\/2017\/03\/IMG_7790.jpg\"><img loading=\"lazy\" decoding=\"async\" class=\"aligncenter wp-image-1485\" src=\"http:\/\/der-rote-faden.de\/wordpress\/wp-content\/uploads\/2017\/03\/IMG_7790-300x225.jpg\" alt=\"rei\u00dfverschluss einn\u00e4hen\" width=\"451\" height=\"338\" srcset=\"https:\/\/der-rote-faden.de\/wordpress\/wp-content\/uploads\/2017\/03\/IMG_7790-300x225.jpg 300w, https:\/\/der-rote-faden.de\/wordpress\/wp-content\/uploads\/2017\/03\/IMG_7790-768x576.jpg 768w, https:\/\/der-rote-faden.de\/wordpress\/wp-content\/uploads\/2017\/03\/IMG_7790-1024x768.jpg 1024w, https:\/\/der-rote-faden.de\/wordpress\/wp-content\/uploads\/2017\/03\/IMG_7790-830x623.jpg 830w, https:\/\/der-rote-faden.de\/wordpress\/wp-content\/uploads\/2017\/03\/IMG_7790-230x173.jpg 230w, https:\/\/der-rote-faden.de\/wordpress\/wp-content\/uploads\/2017\/03\/IMG_7790-350x263.jpg 350w\" sizes=\"auto, (max-width: 451px) 100vw, 451px\" \/><\/a><\/p>\n<p>Die andere Seite genauso. Zuletzt wird der Schieber durchgezogen und der Rest (das verbliebene Loch) durchgesteppt. <a href=\"http:\/\/der-rote-faden.de\/wordpress\/wp-content\/uploads\/2017\/03\/IMG_7791.jpg\"><img loading=\"lazy\" decoding=\"async\" class=\"aligncenter wp-image-1486\" src=\"http:\/\/der-rote-faden.de\/wordpress\/wp-content\/uploads\/2017\/03\/IMG_7791-1024x768.jpg\" alt=\"rei\u00dfverschluss einn\u00e4hen2\" width=\"455\" height=\"341\" srcset=\"https:\/\/der-rote-faden.de\/wordpress\/wp-content\/uploads\/2017\/03\/IMG_7791-1024x768.jpg 1024w, https:\/\/der-rote-faden.de\/wordpress\/wp-content\/uploads\/2017\/03\/IMG_7791-300x225.jpg 300w, https:\/\/der-rote-faden.de\/wordpress\/wp-content\/uploads\/2017\/03\/IMG_7791-768x576.jpg 768w, https:\/\/der-rote-faden.de\/wordpress\/wp-content\/uploads\/2017\/03\/IMG_7791-830x623.jpg 830w, https:\/\/der-rote-faden.de\/wordpress\/wp-content\/uploads\/2017\/03\/IMG_7791-230x173.jpg 230w, https:\/\/der-rote-faden.de\/wordpress\/wp-content\/uploads\/2017\/03\/IMG_7791-350x263.jpg 350w\" sizes=\"auto, (max-width: 455px) 100vw, 455px\" \/><\/a><\/p>\n<p>Ist der Rei\u00dfverschluss nicht mindestens 3-4 cm l\u00e4nger als die Taschen\u00f6ffnung, muss der Schieber w\u00e4hrend des N\u00e4hens durchgeschoben werden, sobald man auf ihn st\u00f6\u00dft. Dazu wird die Nadel im Stoff versenkt und das F\u00fc\u00dfchen angehoben, so dass der Rei\u00dfverschluss-Schieber durchgeschoben werden kann.<a href=\"http:\/\/der-rote-faden.de\/wordpress\/wp-content\/uploads\/2017\/03\/IMG_7793-1.jpg\"><img loading=\"lazy\" decoding=\"async\" class=\"aligncenter wp-image-1489\" src=\"http:\/\/der-rote-faden.de\/wordpress\/wp-content\/uploads\/2017\/03\/IMG_7793-1-300x225.jpg\" alt=\"rei\u00dfverschluss n\u00e4hen3\" width=\"452\" height=\"339\" srcset=\"https:\/\/der-rote-faden.de\/wordpress\/wp-content\/uploads\/2017\/03\/IMG_7793-1-300x225.jpg 300w, https:\/\/der-rote-faden.de\/wordpress\/wp-content\/uploads\/2017\/03\/IMG_7793-1-768x576.jpg 768w, https:\/\/der-rote-faden.de\/wordpress\/wp-content\/uploads\/2017\/03\/IMG_7793-1-1024x768.jpg 1024w, https:\/\/der-rote-faden.de\/wordpress\/wp-content\/uploads\/2017\/03\/IMG_7793-1-830x623.jpg 830w, https:\/\/der-rote-faden.de\/wordpress\/wp-content\/uploads\/2017\/03\/IMG_7793-1-230x173.jpg 230w, https:\/\/der-rote-faden.de\/wordpress\/wp-content\/uploads\/2017\/03\/IMG_7793-1-350x263.jpg 350w\" sizes=\"auto, (max-width: 452px) 100vw, 452px\" \/><\/a><\/p>\n<p>Dann wird die Naht ausgeb\u00fcgelt und die Innentasche rundherum zusammengen\u00e4ht.<a href=\"http:\/\/der-rote-faden.de\/wordpress\/wp-content\/uploads\/2017\/03\/IMG_7796-1.jpg\"><img loading=\"lazy\" decoding=\"async\" class=\"aligncenter wp-image-1492\" src=\"http:\/\/der-rote-faden.de\/wordpress\/wp-content\/uploads\/2017\/03\/IMG_7796-1-1024x768.jpg\" alt=\"rei\u00dfverschluss n\u00e4hen4\" width=\"453\" height=\"340\" srcset=\"https:\/\/der-rote-faden.de\/wordpress\/wp-content\/uploads\/2017\/03\/IMG_7796-1-1024x768.jpg 1024w, https:\/\/der-rote-faden.de\/wordpress\/wp-content\/uploads\/2017\/03\/IMG_7796-1-300x225.jpg 300w, https:\/\/der-rote-faden.de\/wordpress\/wp-content\/uploads\/2017\/03\/IMG_7796-1-768x576.jpg 768w, https:\/\/der-rote-faden.de\/wordpress\/wp-content\/uploads\/2017\/03\/IMG_7796-1-830x623.jpg 830w, https:\/\/der-rote-faden.de\/wordpress\/wp-content\/uploads\/2017\/03\/IMG_7796-1-230x173.jpg 230w, https:\/\/der-rote-faden.de\/wordpress\/wp-content\/uploads\/2017\/03\/IMG_7796-1-350x263.jpg 350w\" sizes=\"auto, (max-width: 453px) 100vw, 453px\" \/><\/a><\/p>\n<p>&nbsp;<\/p>\n<p>Ich habe anschlie\u00dfend noch den Stoff um den Rei\u00dfverschluss herum abgen\u00e4ht, damit er sich nicht in den Rei\u00dfverschluss verklemmt, aber gut ausb\u00fcgeln reicht auch aus.<\/p>\n<p><a href=\"http:\/\/der-rote-faden.de\/wordpress\/wp-content\/uploads\/2017\/03\/IMG_7797.jpg\"><img loading=\"lazy\" decoding=\"async\" class=\"aligncenter wp-image-1493\" src=\"http:\/\/der-rote-faden.de\/wordpress\/wp-content\/uploads\/2017\/03\/IMG_7797-300x225.jpg\" alt=\"rei\u00dfverschluss 5\" width=\"456\" height=\"342\" srcset=\"https:\/\/der-rote-faden.de\/wordpress\/wp-content\/uploads\/2017\/03\/IMG_7797-300x225.jpg 300w, https:\/\/der-rote-faden.de\/wordpress\/wp-content\/uploads\/2017\/03\/IMG_7797-768x576.jpg 768w, https:\/\/der-rote-faden.de\/wordpress\/wp-content\/uploads\/2017\/03\/IMG_7797-1024x768.jpg 1024w, https:\/\/der-rote-faden.de\/wordpress\/wp-content\/uploads\/2017\/03\/IMG_7797-830x623.jpg 830w, https:\/\/der-rote-faden.de\/wordpress\/wp-content\/uploads\/2017\/03\/IMG_7797-230x173.jpg 230w, https:\/\/der-rote-faden.de\/wordpress\/wp-content\/uploads\/2017\/03\/IMG_7797-350x263.jpg 350w\" sizes=\"auto, (max-width: 456px) 100vw, 456px\" \/><\/a><\/p>\n<p>Die schmalen Stoffstreifen f\u00fcr oben an der Tasche und die Lederteile n\u00e4he ich zusammen und steppe die&nbsp; Nahtzugabe am schmalen Ende der Seitenstreifen um. Dabei stelle ich den Stich etwas gr\u00f6\u00dfer als normal ein, damit nicht zu viele Einstichl\u00f6cher entstehen, die das Kunstleder perforieren und zum Rei\u00dfen bringen k\u00f6nnten. Das Kunstleder dehnt sich gern etwas beim N\u00e4hen, deshalb ziehe ich beim N\u00e4hen auch am Gobelin-\/Canvasstoff, damit ich nicht nachher ein \u00fcberstehendes St\u00fcck Kunstleder&nbsp; haben. Zudem w\u00fcrde sich der Streifen aufgrund der Dehnung des Leders rund legen.<a href=\"http:\/\/der-rote-faden.de\/wordpress\/wp-content\/uploads\/2017\/03\/IMG_7803.jpg\"><img loading=\"lazy\" decoding=\"async\" class=\"aligncenter wp-image-1496\" src=\"http:\/\/der-rote-faden.de\/wordpress\/wp-content\/uploads\/2017\/03\/IMG_7803-1024x768.jpg\" alt=\"seiten1\" width=\"451\" height=\"338\" srcset=\"https:\/\/der-rote-faden.de\/wordpress\/wp-content\/uploads\/2017\/03\/IMG_7803-1024x768.jpg 1024w, https:\/\/der-rote-faden.de\/wordpress\/wp-content\/uploads\/2017\/03\/IMG_7803-300x225.jpg 300w, https:\/\/der-rote-faden.de\/wordpress\/wp-content\/uploads\/2017\/03\/IMG_7803-768x576.jpg 768w, https:\/\/der-rote-faden.de\/wordpress\/wp-content\/uploads\/2017\/03\/IMG_7803-830x623.jpg 830w, https:\/\/der-rote-faden.de\/wordpress\/wp-content\/uploads\/2017\/03\/IMG_7803-230x173.jpg 230w, https:\/\/der-rote-faden.de\/wordpress\/wp-content\/uploads\/2017\/03\/IMG_7803-350x263.jpg 350w\" sizes=\"auto, (max-width: 451px) 100vw, 451px\" \/><\/a><\/p>\n<p>&nbsp;<\/p>\n<p>&nbsp;<\/p>\n<p>Wer kein Jeansgarn zur Hand hat, kann auch ein normales 120er Garn doppelt nehmen, also eine 2. Garnrolle oben aufsetzen und zusammen durch das Nadel\u00f6hr f\u00fchren.<a href=\"http:\/\/der-rote-faden.de\/wordpress\/wp-content\/uploads\/2017\/03\/IMG_7801.jpg\"><img loading=\"lazy\" decoding=\"async\" class=\"aligncenter wp-image-1495\" src=\"http:\/\/der-rote-faden.de\/wordpress\/wp-content\/uploads\/2017\/03\/IMG_7801-1024x768.jpg\" alt=\"\" width=\"451\" height=\"338\" srcset=\"https:\/\/der-rote-faden.de\/wordpress\/wp-content\/uploads\/2017\/03\/IMG_7801-1024x768.jpg 1024w, https:\/\/der-rote-faden.de\/wordpress\/wp-content\/uploads\/2017\/03\/IMG_7801-300x225.jpg 300w, https:\/\/der-rote-faden.de\/wordpress\/wp-content\/uploads\/2017\/03\/IMG_7801-768x576.jpg 768w, https:\/\/der-rote-faden.de\/wordpress\/wp-content\/uploads\/2017\/03\/IMG_7801-830x623.jpg 830w, https:\/\/der-rote-faden.de\/wordpress\/wp-content\/uploads\/2017\/03\/IMG_7801-230x173.jpg 230w, https:\/\/der-rote-faden.de\/wordpress\/wp-content\/uploads\/2017\/03\/IMG_7801-350x263.jpg 350w\" sizes=\"auto, (max-width: 451px) 100vw, 451px\" \/><\/a><\/p>\n<p>&nbsp;<\/p>\n<p>&nbsp;<\/p>\n<p>Da sich das Kunstleder schlecht b\u00fcgeln l\u00e4sst wird die Naht sch\u00f6n flach gelegt und das Kunstleder flach gesteppt. Wer will kann auch die Nahtzugabe auf der Stoffseite absteppen.<a href=\"http:\/\/der-rote-faden.de\/wordpress\/wp-content\/uploads\/2017\/03\/IMG_7802.jpg\"><img loading=\"lazy\" decoding=\"async\" class=\"aligncenter wp-image-1494\" src=\"http:\/\/der-rote-faden.de\/wordpress\/wp-content\/uploads\/2017\/03\/IMG_7802-1024x768.jpg\" alt=\"seitenteile\" width=\"459\" height=\"344\" srcset=\"https:\/\/der-rote-faden.de\/wordpress\/wp-content\/uploads\/2017\/03\/IMG_7802-1024x768.jpg 1024w, https:\/\/der-rote-faden.de\/wordpress\/wp-content\/uploads\/2017\/03\/IMG_7802-300x225.jpg 300w, https:\/\/der-rote-faden.de\/wordpress\/wp-content\/uploads\/2017\/03\/IMG_7802-768x576.jpg 768w, https:\/\/der-rote-faden.de\/wordpress\/wp-content\/uploads\/2017\/03\/IMG_7802-830x623.jpg 830w, https:\/\/der-rote-faden.de\/wordpress\/wp-content\/uploads\/2017\/03\/IMG_7802-230x173.jpg 230w, https:\/\/der-rote-faden.de\/wordpress\/wp-content\/uploads\/2017\/03\/IMG_7802-350x263.jpg 350w\" sizes=\"auto, (max-width: 459px) 100vw, 459px\" \/><\/a><\/p>\n<p>&nbsp;<\/p>\n<p>F\u00fcr die Seitenteile unterhalb der Schlaufen f\u00fcr einen auch einh\u00e4ngbaren L\u00e4ngs-Tragegurt habe ich eine etwas andere Kombination als oben gew\u00e4hlt. Ich habe die Lederteile rechts und links nochmals durchgeschnitten und jeweils einen 4 cm (incl. Nahtzugabe) breiten Stoffstreifen eingesetzt. Urspr\u00fcnglich, weil ich die Streifen versehentlich l\u00e4ngs statt quer durchgeschnitten hatte und ich nicht mehr \u00fcber gen\u00fcgend Kunstleder verf\u00fcgte, aber nun gef\u00e4llt mir mein Patchwork-Seitenteil auch ganz gut. Not macht erfinderisch. Das stellt man beim N\u00e4hen immer wieder fest. Es gibt immer unerwartete Probleme, denen man kreativ begegnen muss und manchmal entstehen daraus tolle Sachen.<\/p>\n<p><a href=\"http:\/\/der-rote-faden.de\/wordpress\/wp-content\/uploads\/2017\/03\/IMG_7805.jpg\"><img loading=\"lazy\" decoding=\"async\" class=\"aligncenter wp-image-1497\" src=\"http:\/\/der-rote-faden.de\/wordpress\/wp-content\/uploads\/2017\/03\/IMG_7805-1024x768.jpg\" alt=\"seiten2\" width=\"452\" height=\"339\" srcset=\"https:\/\/der-rote-faden.de\/wordpress\/wp-content\/uploads\/2017\/03\/IMG_7805-1024x768.jpg 1024w, https:\/\/der-rote-faden.de\/wordpress\/wp-content\/uploads\/2017\/03\/IMG_7805-300x225.jpg 300w, https:\/\/der-rote-faden.de\/wordpress\/wp-content\/uploads\/2017\/03\/IMG_7805-768x576.jpg 768w, https:\/\/der-rote-faden.de\/wordpress\/wp-content\/uploads\/2017\/03\/IMG_7805-830x623.jpg 830w, https:\/\/der-rote-faden.de\/wordpress\/wp-content\/uploads\/2017\/03\/IMG_7805-230x173.jpg 230w, https:\/\/der-rote-faden.de\/wordpress\/wp-content\/uploads\/2017\/03\/IMG_7805-350x263.jpg 350w\" sizes=\"auto, (max-width: 452px) 100vw, 452px\" \/><\/a><\/p>\n<p>Nun werden die Seitenteile jeweils an den Oberstoff und Futterstoff gen\u00e4ht. Davor habe ich alles vers\u00e4ubert, mit der Overlockmaschine oder Zickzack-Stich an der N\u00e4hmaschine. Ich bezeichne jeweils die vordere Mitte (VM) mit einer Nadel, lege die Teile rechts auf rechts&nbsp; und steppe sie auf. Auf einem Handb\u00fcgelkissen k\u00f6nnen dann die Rundungen der N\u00e4hte sch\u00f6n ausgeb\u00fcgelt werden.<\/p>\n<p><a href=\"http:\/\/der-rote-faden.de\/wordpress\/wp-content\/uploads\/2017\/03\/IMG_7806.jpg\"><img loading=\"lazy\" decoding=\"async\" class=\"aligncenter wp-image-1498\" src=\"http:\/\/der-rote-faden.de\/wordpress\/wp-content\/uploads\/2017\/03\/IMG_7806-1024x768.jpg\" alt=\"seiten3\" width=\"450\" height=\"337\" srcset=\"https:\/\/der-rote-faden.de\/wordpress\/wp-content\/uploads\/2017\/03\/IMG_7806-1024x768.jpg 1024w, https:\/\/der-rote-faden.de\/wordpress\/wp-content\/uploads\/2017\/03\/IMG_7806-300x225.jpg 300w, https:\/\/der-rote-faden.de\/wordpress\/wp-content\/uploads\/2017\/03\/IMG_7806-768x576.jpg 768w, https:\/\/der-rote-faden.de\/wordpress\/wp-content\/uploads\/2017\/03\/IMG_7806-830x623.jpg 830w, https:\/\/der-rote-faden.de\/wordpress\/wp-content\/uploads\/2017\/03\/IMG_7806-230x173.jpg 230w, https:\/\/der-rote-faden.de\/wordpress\/wp-content\/uploads\/2017\/03\/IMG_7806-350x263.jpg 350w\" sizes=\"auto, (max-width: 450px) 100vw, 450px\" \/><\/a><\/p>\n<p>Die Schabracken-Einlage ist nicht mit B\u00fcgel-Kleber versehen, ich nehme etwas Vliesofix dazwischen zum Vorfixieren. Allerdings darf man nur ohne Dampf b\u00fcgeln, sonst verformt sich die Schabracke.<a href=\"http:\/\/der-rote-faden.de\/wordpress\/wp-content\/uploads\/2017\/03\/IMG_7809.jpg\"><img loading=\"lazy\" decoding=\"async\" class=\"aligncenter wp-image-1499\" src=\"http:\/\/der-rote-faden.de\/wordpress\/wp-content\/uploads\/2017\/03\/IMG_7809-1024x768.jpg\" alt=\"schabracke\" width=\"449\" height=\"337\" srcset=\"https:\/\/der-rote-faden.de\/wordpress\/wp-content\/uploads\/2017\/03\/IMG_7809-1024x768.jpg 1024w, https:\/\/der-rote-faden.de\/wordpress\/wp-content\/uploads\/2017\/03\/IMG_7809-300x225.jpg 300w, https:\/\/der-rote-faden.de\/wordpress\/wp-content\/uploads\/2017\/03\/IMG_7809-768x576.jpg 768w, https:\/\/der-rote-faden.de\/wordpress\/wp-content\/uploads\/2017\/03\/IMG_7809-830x623.jpg 830w, https:\/\/der-rote-faden.de\/wordpress\/wp-content\/uploads\/2017\/03\/IMG_7809-230x173.jpg 230w, https:\/\/der-rote-faden.de\/wordpress\/wp-content\/uploads\/2017\/03\/IMG_7809-350x263.jpg 350w\" sizes=\"auto, (max-width: 449px) 100vw, 449px\" \/><\/a><\/p>\n<p>Ich n\u00e4he die Schabracken-Einlage noch an der Nahtzugabe fest. Das gibt mehr Stabilit\u00e4t.<\/p>\n<p><a href=\"http:\/\/der-rote-faden.de\/wordpress\/wp-content\/uploads\/2017\/03\/IMG_7810.jpg\"><img loading=\"lazy\" decoding=\"async\" class=\"aligncenter wp-image-1500\" src=\"http:\/\/der-rote-faden.de\/wordpress\/wp-content\/uploads\/2017\/03\/IMG_7810-1024x768.jpg\" alt=\"schabracke2\" width=\"454\" height=\"341\" srcset=\"https:\/\/der-rote-faden.de\/wordpress\/wp-content\/uploads\/2017\/03\/IMG_7810-1024x768.jpg 1024w, https:\/\/der-rote-faden.de\/wordpress\/wp-content\/uploads\/2017\/03\/IMG_7810-300x225.jpg 300w, https:\/\/der-rote-faden.de\/wordpress\/wp-content\/uploads\/2017\/03\/IMG_7810-768x576.jpg 768w, https:\/\/der-rote-faden.de\/wordpress\/wp-content\/uploads\/2017\/03\/IMG_7810-830x623.jpg 830w, https:\/\/der-rote-faden.de\/wordpress\/wp-content\/uploads\/2017\/03\/IMG_7810-230x173.jpg 230w, https:\/\/der-rote-faden.de\/wordpress\/wp-content\/uploads\/2017\/03\/IMG_7810-350x263.jpg 350w\" sizes=\"auto, (max-width: 454px) 100vw, 454px\" \/><\/a><\/p>\n<p>Auch am Bodenteil aus Kunstleder n\u00e4he ich die Schabracken-Einlage f\u00fcr mehr Stabilit\u00e4t im Bereich der Nahtzugabe fest.<\/p>\n<p><a href=\"http:\/\/der-rote-faden.de\/wordpress\/wp-content\/uploads\/2017\/03\/IMG_7811.jpg\"><img loading=\"lazy\" decoding=\"async\" class=\"aligncenter wp-image-1501\" src=\"http:\/\/der-rote-faden.de\/wordpress\/wp-content\/uploads\/2017\/03\/IMG_7811-1024x768.jpg\" alt=\"\" width=\"476\" height=\"357\" srcset=\"https:\/\/der-rote-faden.de\/wordpress\/wp-content\/uploads\/2017\/03\/IMG_7811-1024x768.jpg 1024w, https:\/\/der-rote-faden.de\/wordpress\/wp-content\/uploads\/2017\/03\/IMG_7811-300x225.jpg 300w, https:\/\/der-rote-faden.de\/wordpress\/wp-content\/uploads\/2017\/03\/IMG_7811-768x576.jpg 768w, https:\/\/der-rote-faden.de\/wordpress\/wp-content\/uploads\/2017\/03\/IMG_7811-830x623.jpg 830w, https:\/\/der-rote-faden.de\/wordpress\/wp-content\/uploads\/2017\/03\/IMG_7811-230x173.jpg 230w, https:\/\/der-rote-faden.de\/wordpress\/wp-content\/uploads\/2017\/03\/IMG_7811-350x263.jpg 350w\" sizes=\"auto, (max-width: 476px) 100vw, 476px\" \/><\/a><\/p>\n<p>&nbsp;<\/p>\n<p>Dann wird der Boden an Vorder- und R\u00fcckenteil gen\u00e4ht, aber nicht ganz durch, nur bis 2 cm vor dem Ende.<\/p>\n<p><a href=\"http:\/\/der-rote-faden.de\/wordpress\/wp-content\/uploads\/2017\/03\/IMG_7814.jpg\"><img loading=\"lazy\" decoding=\"async\" class=\"aligncenter wp-image-1503\" src=\"http:\/\/der-rote-faden.de\/wordpress\/wp-content\/uploads\/2017\/03\/IMG_7814-1024x768.jpg\" alt=\"seitenteile-boden\" width=\"453\" height=\"340\" srcset=\"https:\/\/der-rote-faden.de\/wordpress\/wp-content\/uploads\/2017\/03\/IMG_7814-1024x768.jpg 1024w, https:\/\/der-rote-faden.de\/wordpress\/wp-content\/uploads\/2017\/03\/IMG_7814-300x225.jpg 300w, https:\/\/der-rote-faden.de\/wordpress\/wp-content\/uploads\/2017\/03\/IMG_7814-768x576.jpg 768w, https:\/\/der-rote-faden.de\/wordpress\/wp-content\/uploads\/2017\/03\/IMG_7814-830x623.jpg 830w, https:\/\/der-rote-faden.de\/wordpress\/wp-content\/uploads\/2017\/03\/IMG_7814-230x173.jpg 230w, https:\/\/der-rote-faden.de\/wordpress\/wp-content\/uploads\/2017\/03\/IMG_7814-350x263.jpg 350w\" sizes=\"auto, (max-width: 453px) 100vw, 453px\" \/><\/a><\/p>\n<p>Jetzt werden die Bodenn\u00e4gel befestigt. Ich bohre in allen 4 Ecken des Bodens mit dem Nahttrenner jeweils ein kleines Loch, durch das ich den Bodennagel durchschieben und mit der Klemme befestigen kann.<\/p>\n<p><a href=\"http:\/\/der-rote-faden.de\/wordpress\/wp-content\/uploads\/2017\/03\/IMG_7830.jpg\"><img loading=\"lazy\" decoding=\"async\" class=\"aligncenter wp-image-1509\" src=\"http:\/\/der-rote-faden.de\/wordpress\/wp-content\/uploads\/2017\/03\/IMG_7830-1024x768.jpg\" alt=\"Bodenn\u00e4gel\" width=\"452\" height=\"339\" srcset=\"https:\/\/der-rote-faden.de\/wordpress\/wp-content\/uploads\/2017\/03\/IMG_7830-1024x768.jpg 1024w, https:\/\/der-rote-faden.de\/wordpress\/wp-content\/uploads\/2017\/03\/IMG_7830-300x225.jpg 300w, https:\/\/der-rote-faden.de\/wordpress\/wp-content\/uploads\/2017\/03\/IMG_7830-768x576.jpg 768w, https:\/\/der-rote-faden.de\/wordpress\/wp-content\/uploads\/2017\/03\/IMG_7830-830x623.jpg 830w, https:\/\/der-rote-faden.de\/wordpress\/wp-content\/uploads\/2017\/03\/IMG_7830-230x173.jpg 230w, https:\/\/der-rote-faden.de\/wordpress\/wp-content\/uploads\/2017\/03\/IMG_7830-350x263.jpg 350w\" sizes=\"auto, (max-width: 452px) 100vw, 452px\" \/><\/a><\/p>\n<p>&nbsp;<\/p>\n<p>Nun wird der Rei\u00dfverschluss eingen\u00e4ht. Ich beginne mit dem geschlossenen Endst\u00fcck des Rei\u00dfverschlusses in der Mitte des Bodens und n\u00e4he ihn ringsherum, bis zur anderen Seite, Mitte des Bodens fest. Vorab stecke ich ihn mit Nadeln fest, um zu pr\u00fcfen, ob die L\u00e4nge stimmt, notfalls lasse ich auf beiden Seiten ein \u00fcberstehendes St\u00fcck im Bodenbereich. Es wird vom Futter nachher verdeckt, braucht also nicht abgeschnitten zu werden. Sollte der Rei\u00dfverschluss zu kurz sein und es ist kein l\u00e4ngerer zur Hand, muss die Tasche in der H\u00f6he oder Breite gegebenenfalls etwas kleiner gemacht werden. Im Bereich des Kunstleders nehme ich beidseitiges Klebeband, um die Nahtzugabe des Kunstleders umzulegen.<\/p>\n<p><a href=\"http:\/\/der-rote-faden.de\/wordpress\/wp-content\/uploads\/2017\/03\/IMG_7831.jpg\"><img loading=\"lazy\" decoding=\"async\" class=\"aligncenter wp-image-1504\" src=\"http:\/\/der-rote-faden.de\/wordpress\/wp-content\/uploads\/2017\/03\/IMG_7831-1024x768.jpg\" alt=\"klebeband\" width=\"452\" height=\"339\" srcset=\"https:\/\/der-rote-faden.de\/wordpress\/wp-content\/uploads\/2017\/03\/IMG_7831-1024x768.jpg 1024w, https:\/\/der-rote-faden.de\/wordpress\/wp-content\/uploads\/2017\/03\/IMG_7831-300x225.jpg 300w, https:\/\/der-rote-faden.de\/wordpress\/wp-content\/uploads\/2017\/03\/IMG_7831-768x576.jpg 768w, https:\/\/der-rote-faden.de\/wordpress\/wp-content\/uploads\/2017\/03\/IMG_7831-830x623.jpg 830w, https:\/\/der-rote-faden.de\/wordpress\/wp-content\/uploads\/2017\/03\/IMG_7831-230x173.jpg 230w, https:\/\/der-rote-faden.de\/wordpress\/wp-content\/uploads\/2017\/03\/IMG_7831-350x263.jpg 350w\" sizes=\"auto, (max-width: 452px) 100vw, 452px\" \/><\/a><\/p>\n<p><a href=\"http:\/\/der-rote-faden.de\/wordpress\/wp-content\/uploads\/2017\/03\/IMG_7832.jpg\"><img loading=\"lazy\" decoding=\"async\" class=\"aligncenter wp-image-1505\" src=\"http:\/\/der-rote-faden.de\/wordpress\/wp-content\/uploads\/2017\/03\/IMG_7832-1024x768.jpg\" alt=\"\" width=\"451\" height=\"338\" srcset=\"https:\/\/der-rote-faden.de\/wordpress\/wp-content\/uploads\/2017\/03\/IMG_7832-1024x768.jpg 1024w, https:\/\/der-rote-faden.de\/wordpress\/wp-content\/uploads\/2017\/03\/IMG_7832-300x225.jpg 300w, https:\/\/der-rote-faden.de\/wordpress\/wp-content\/uploads\/2017\/03\/IMG_7832-768x576.jpg 768w, https:\/\/der-rote-faden.de\/wordpress\/wp-content\/uploads\/2017\/03\/IMG_7832-830x623.jpg 830w, https:\/\/der-rote-faden.de\/wordpress\/wp-content\/uploads\/2017\/03\/IMG_7832-230x173.jpg 230w, https:\/\/der-rote-faden.de\/wordpress\/wp-content\/uploads\/2017\/03\/IMG_7832-350x263.jpg 350w\" sizes=\"auto, (max-width: 451px) 100vw, 451px\" \/><\/a>Dann wird das Futter in die Tasche gen\u00e4ht. Dazu \u00f6ffne ich die Tasche ganz und n\u00e4he das Futter jeweils bis in den unteren Bodenbereich.<a href=\"http:\/\/der-rote-faden.de\/wordpress\/wp-content\/uploads\/2017\/03\/IMG_7839.jpg\"><img loading=\"lazy\" decoding=\"async\" class=\"aligncenter wp-image-1506\" src=\"http:\/\/der-rote-faden.de\/wordpress\/wp-content\/uploads\/2017\/03\/IMG_7839-1024x768.jpg\" alt=\"futter einn\u00e4hen\" width=\"452\" height=\"339\" srcset=\"https:\/\/der-rote-faden.de\/wordpress\/wp-content\/uploads\/2017\/03\/IMG_7839-1024x768.jpg 1024w, https:\/\/der-rote-faden.de\/wordpress\/wp-content\/uploads\/2017\/03\/IMG_7839-300x225.jpg 300w, https:\/\/der-rote-faden.de\/wordpress\/wp-content\/uploads\/2017\/03\/IMG_7839-768x576.jpg 768w, https:\/\/der-rote-faden.de\/wordpress\/wp-content\/uploads\/2017\/03\/IMG_7839-830x623.jpg 830w, https:\/\/der-rote-faden.de\/wordpress\/wp-content\/uploads\/2017\/03\/IMG_7839-230x173.jpg 230w, https:\/\/der-rote-faden.de\/wordpress\/wp-content\/uploads\/2017\/03\/IMG_7839-350x263.jpg 350w\" sizes=\"auto, (max-width: 452px) 100vw, 452px\" \/><\/a><\/p>\n<p>Ich lasse im Bodenbereich eine \u00d6ffnung von ca. 25 cm durch die ich die Tasche wenden kann.<\/p>\n<p><a href=\"http:\/\/der-rote-faden.de\/wordpress\/wp-content\/uploads\/2017\/03\/IMG_7841.jpg\"><img loading=\"lazy\" decoding=\"async\" class=\"aligncenter wp-image-1507\" src=\"http:\/\/der-rote-faden.de\/wordpress\/wp-content\/uploads\/2017\/03\/IMG_7841-1024x768.jpg\" alt=\"\" width=\"451\" height=\"338\" srcset=\"https:\/\/der-rote-faden.de\/wordpress\/wp-content\/uploads\/2017\/03\/IMG_7841-1024x768.jpg 1024w, https:\/\/der-rote-faden.de\/wordpress\/wp-content\/uploads\/2017\/03\/IMG_7841-300x225.jpg 300w, https:\/\/der-rote-faden.de\/wordpress\/wp-content\/uploads\/2017\/03\/IMG_7841-768x576.jpg 768w, https:\/\/der-rote-faden.de\/wordpress\/wp-content\/uploads\/2017\/03\/IMG_7841-830x623.jpg 830w, https:\/\/der-rote-faden.de\/wordpress\/wp-content\/uploads\/2017\/03\/IMG_7841-230x173.jpg 230w, https:\/\/der-rote-faden.de\/wordpress\/wp-content\/uploads\/2017\/03\/IMG_7841-350x263.jpg 350w\" sizes=\"auto, (max-width: 451px) 100vw, 451px\" \/><\/a><\/p>\n<p>&nbsp;<\/p>\n<p>Anschlie\u00dfend n\u00e4he ich das Loch zu.<a href=\"http:\/\/der-rote-faden.de\/wordpress\/wp-content\/uploads\/2017\/03\/IMG_7842.jpg\"><img loading=\"lazy\" decoding=\"async\" class=\"aligncenter wp-image-1508\" src=\"http:\/\/der-rote-faden.de\/wordpress\/wp-content\/uploads\/2017\/03\/IMG_7842-1024x768.jpg\" alt=\"\" width=\"452\" height=\"339\" srcset=\"https:\/\/der-rote-faden.de\/wordpress\/wp-content\/uploads\/2017\/03\/IMG_7842-1024x768.jpg 1024w, https:\/\/der-rote-faden.de\/wordpress\/wp-content\/uploads\/2017\/03\/IMG_7842-300x225.jpg 300w, https:\/\/der-rote-faden.de\/wordpress\/wp-content\/uploads\/2017\/03\/IMG_7842-768x576.jpg 768w, https:\/\/der-rote-faden.de\/wordpress\/wp-content\/uploads\/2017\/03\/IMG_7842-830x623.jpg 830w, https:\/\/der-rote-faden.de\/wordpress\/wp-content\/uploads\/2017\/03\/IMG_7842-230x173.jpg 230w, https:\/\/der-rote-faden.de\/wordpress\/wp-content\/uploads\/2017\/03\/IMG_7842-350x263.jpg 350w\" sizes=\"auto, (max-width: 452px) 100vw, 452px\" \/><\/a><\/p>\n<p>Jetzt m\u00fcssen noch die Schulter-Tragegurte an die Tasche gen\u00e4ht werden. Diese Gurtb\u00e4nder fl\u00e4mme ich mit einem Feuerzeug ab, damit sie nicht ausfransen.<\/p>\n<p><a href=\"http:\/\/der-rote-faden.de\/wordpress\/wp-content\/uploads\/2017\/03\/IMG_7950-1.jpg\"><img loading=\"lazy\" decoding=\"async\" class=\"aligncenter wp-image-1512\" src=\"http:\/\/der-rote-faden.de\/wordpress\/wp-content\/uploads\/2017\/03\/IMG_7950-1-1024x603.jpg\" alt=\"gurtband\" width=\"462\" height=\"272\" srcset=\"https:\/\/der-rote-faden.de\/wordpress\/wp-content\/uploads\/2017\/03\/IMG_7950-1-1024x603.jpg 1024w, https:\/\/der-rote-faden.de\/wordpress\/wp-content\/uploads\/2017\/03\/IMG_7950-1-300x177.jpg 300w, https:\/\/der-rote-faden.de\/wordpress\/wp-content\/uploads\/2017\/03\/IMG_7950-1-768x453.jpg 768w, https:\/\/der-rote-faden.de\/wordpress\/wp-content\/uploads\/2017\/03\/IMG_7950-1-830x489.jpg 830w, https:\/\/der-rote-faden.de\/wordpress\/wp-content\/uploads\/2017\/03\/IMG_7950-1-230x136.jpg 230w, https:\/\/der-rote-faden.de\/wordpress\/wp-content\/uploads\/2017\/03\/IMG_7950-1-350x206.jpg 350w, https:\/\/der-rote-faden.de\/wordpress\/wp-content\/uploads\/2017\/03\/IMG_7950-1.jpg 1960w\" sizes=\"auto, (max-width: 462px) 100vw, 462px\" \/><\/a><\/p>\n<p>Dann fasse ich sie jeweils unten 1 cm ein und steppe sie ab. Im Abstand von 12 cm vom Seitenrand steppe ich die Gurtb\u00e4nder unten, fast am Boden, fest.<\/p>\n<p><a href=\"http:\/\/der-rote-faden.de\/wordpress\/wp-content\/uploads\/2017\/03\/IMG_7951.jpg\"><img loading=\"lazy\" decoding=\"async\" class=\"aligncenter wp-image-1511\" src=\"http:\/\/der-rote-faden.de\/wordpress\/wp-content\/uploads\/2017\/03\/IMG_7951-1024x768.jpg\" alt=\"\" width=\"479\" height=\"359\" srcset=\"https:\/\/der-rote-faden.de\/wordpress\/wp-content\/uploads\/2017\/03\/IMG_7951-1024x768.jpg 1024w, https:\/\/der-rote-faden.de\/wordpress\/wp-content\/uploads\/2017\/03\/IMG_7951-300x225.jpg 300w, https:\/\/der-rote-faden.de\/wordpress\/wp-content\/uploads\/2017\/03\/IMG_7951-768x576.jpg 768w, https:\/\/der-rote-faden.de\/wordpress\/wp-content\/uploads\/2017\/03\/IMG_7951-830x623.jpg 830w, https:\/\/der-rote-faden.de\/wordpress\/wp-content\/uploads\/2017\/03\/IMG_7951-230x173.jpg 230w, https:\/\/der-rote-faden.de\/wordpress\/wp-content\/uploads\/2017\/03\/IMG_7951-350x263.jpg 350w\" sizes=\"auto, (max-width: 479px) 100vw, 479px\" \/><\/a><\/p>\n<p>Dann werden die B\u00e4nder weiter im Abstand von 12 cm nach oben festgesteckt, bis auf ca. 30 cm H\u00f6he und rechts und links auf die Tasche gesteppt. Damit die B\u00e4nder am Ende der Steppn\u00e4hte nicht zu viel Druck haben und ausrei\u00dfen kann.<\/p>\n<p><a href=\"http:\/\/der-rote-faden.de\/wordpress\/wp-content\/uploads\/2017\/03\/IMG_7952.jpg\"><img loading=\"lazy\" decoding=\"async\" class=\"aligncenter wp-image-1518\" src=\"http:\/\/der-rote-faden.de\/wordpress\/wp-content\/uploads\/2017\/03\/IMG_7952-1024x768.jpg\" alt=\"gurtband n\u00e4hen\" width=\"480\" height=\"360\" srcset=\"https:\/\/der-rote-faden.de\/wordpress\/wp-content\/uploads\/2017\/03\/IMG_7952-1024x768.jpg 1024w, https:\/\/der-rote-faden.de\/wordpress\/wp-content\/uploads\/2017\/03\/IMG_7952-300x225.jpg 300w, https:\/\/der-rote-faden.de\/wordpress\/wp-content\/uploads\/2017\/03\/IMG_7952-768x576.jpg 768w, https:\/\/der-rote-faden.de\/wordpress\/wp-content\/uploads\/2017\/03\/IMG_7952-830x623.jpg 830w, https:\/\/der-rote-faden.de\/wordpress\/wp-content\/uploads\/2017\/03\/IMG_7952-230x173.jpg 230w, https:\/\/der-rote-faden.de\/wordpress\/wp-content\/uploads\/2017\/03\/IMG_7952-350x263.jpg 350w\" sizes=\"auto, (max-width: 480px) 100vw, 480px\" \/><\/a><\/p>\n<p>F\u00fcr den Boden habe ich noch eine Pappe genommen, die ich mit leichten, durchn\u00e4hbaren Miederst\u00e4bchen aus Kunststoff, 7mm, stabilisiert habe. So kann die Pappe nicht knicken, sondern springt durch die Miederst\u00e4bchen in die Ursprungsform zur\u00fcck.<\/p>\n<p><a href=\"http:\/\/der-rote-faden.de\/wordpress\/wp-content\/uploads\/2017\/03\/IMG_7953.jpg\"><img loading=\"lazy\" decoding=\"async\" class=\"aligncenter wp-image-1519\" src=\"http:\/\/der-rote-faden.de\/wordpress\/wp-content\/uploads\/2017\/03\/IMG_7953-1024x768.jpg\" alt=\"pappe-miederst\u00e4bchen\" width=\"472\" height=\"354\" srcset=\"https:\/\/der-rote-faden.de\/wordpress\/wp-content\/uploads\/2017\/03\/IMG_7953-1024x768.jpg 1024w, https:\/\/der-rote-faden.de\/wordpress\/wp-content\/uploads\/2017\/03\/IMG_7953-300x225.jpg 300w, https:\/\/der-rote-faden.de\/wordpress\/wp-content\/uploads\/2017\/03\/IMG_7953-768x576.jpg 768w, https:\/\/der-rote-faden.de\/wordpress\/wp-content\/uploads\/2017\/03\/IMG_7953-830x623.jpg 830w, https:\/\/der-rote-faden.de\/wordpress\/wp-content\/uploads\/2017\/03\/IMG_7953-230x173.jpg 230w, https:\/\/der-rote-faden.de\/wordpress\/wp-content\/uploads\/2017\/03\/IMG_7953-350x263.jpg 350w\" sizes=\"auto, (max-width: 472px) 100vw, 472px\" \/><\/a><\/p>\n<p>Damit es in der Tasche sch\u00f6n sauber aussieht bekommt die Pappe noch einen \u00dcberzug aus Futterstoff.<\/p>\n<p><a href=\"http:\/\/der-rote-faden.de\/wordpress\/wp-content\/uploads\/2017\/03\/IMG_7954.jpg\"><img loading=\"lazy\" decoding=\"async\" class=\"aligncenter wp-image-1520\" src=\"http:\/\/der-rote-faden.de\/wordpress\/wp-content\/uploads\/2017\/03\/IMG_7954-1024x768.jpg\" alt=\"pappe-miederst\u00e4bchen\" width=\"473\" height=\"355\" srcset=\"https:\/\/der-rote-faden.de\/wordpress\/wp-content\/uploads\/2017\/03\/IMG_7954-1024x768.jpg 1024w, https:\/\/der-rote-faden.de\/wordpress\/wp-content\/uploads\/2017\/03\/IMG_7954-300x225.jpg 300w, https:\/\/der-rote-faden.de\/wordpress\/wp-content\/uploads\/2017\/03\/IMG_7954-768x576.jpg 768w, https:\/\/der-rote-faden.de\/wordpress\/wp-content\/uploads\/2017\/03\/IMG_7954-830x623.jpg 830w, https:\/\/der-rote-faden.de\/wordpress\/wp-content\/uploads\/2017\/03\/IMG_7954-230x173.jpg 230w, https:\/\/der-rote-faden.de\/wordpress\/wp-content\/uploads\/2017\/03\/IMG_7954-350x263.jpg 350w\" sizes=\"auto, (max-width: 473px) 100vw, 473px\" \/><\/a><\/p>\n<p>&nbsp;<\/p>\n<p>Pappe in den Boden der Tasche einlegen und fertig ist die Reisetasche.<\/p>\n<p><a href=\"http:\/\/der-rote-faden.de\/wordpress\/wp-content\/uploads\/2017\/03\/reisetasche-seitlich.jpg\"><img loading=\"lazy\" decoding=\"async\" class=\"aligncenter wp-image-1524\" src=\"http:\/\/der-rote-faden.de\/wordpress\/wp-content\/uploads\/2017\/03\/reisetasche-seitlich-837x1024.jpg\" alt=\"\" width=\"467\" height=\"571\" srcset=\"https:\/\/der-rote-faden.de\/wordpress\/wp-content\/uploads\/2017\/03\/reisetasche-seitlich-837x1024.jpg 837w, https:\/\/der-rote-faden.de\/wordpress\/wp-content\/uploads\/2017\/03\/reisetasche-seitlich-245x300.jpg 245w, https:\/\/der-rote-faden.de\/wordpress\/wp-content\/uploads\/2017\/03\/reisetasche-seitlich-768x940.jpg 768w, https:\/\/der-rote-faden.de\/wordpress\/wp-content\/uploads\/2017\/03\/reisetasche-seitlich-830x1016.jpg 830w, https:\/\/der-rote-faden.de\/wordpress\/wp-content\/uploads\/2017\/03\/reisetasche-seitlich-230x281.jpg 230w, https:\/\/der-rote-faden.de\/wordpress\/wp-content\/uploads\/2017\/03\/reisetasche-seitlich-350x428.jpg 350w, https:\/\/der-rote-faden.de\/wordpress\/wp-content\/uploads\/2017\/03\/reisetasche-seitlich.jpg 1788w\" sizes=\"auto, (max-width: 467px) 100vw, 467px\" \/><\/a><\/p>\n<p>Wenn du diesen Beitrag gelesen hast, w\u00fcrde ich mich \u00fcber einen kleinen Kommentar hier unten freuen,&nbsp;als Anerkennung. Auch negative Kommentare sind ok, ich sehe sie als Anregung zur Verbesserung.<\/p>\n<p>Du kannst uns auch gern liken bzw. folgen:<\/p>\n<p><a href=\"https:\/\/www.facebook.com\/pg\/DerRoteFadenAachenStoffe\/posts\/?ref=page_internal\" target=\"_blank\" rel=\"noopener\"><img loading=\"lazy\" decoding=\"async\" class=\"alignnone wp-image-1849 size-thumbnail\" src=\"https:\/\/der-rote-faden.de\/wordpress\/wp-content\/uploads\/2017\/10\/facebook-150x150.jpg\" sizes=\"auto, (max-width: 150px) 100vw, 150px\" srcset=\"https:\/\/der-rote-faden.de\/wordpress\/wp-content\/uploads\/2017\/10\/facebook-150x150.jpg 150w, https:\/\/der-rote-faden.de\/wordpress\/wp-content\/uploads\/2017\/10\/facebook.jpg 204w\" alt=\"facebook\" width=\"150\" height=\"150\"><\/a><a href=\"https:\/\/twitter.com\/mia22065\" target=\"_blank\" rel=\"noopener\"><img loading=\"lazy\" decoding=\"async\" class=\"alignnone wp-image-1845\" src=\"https:\/\/der-rote-faden.de\/wordpress\/wp-content\/uploads\/2017\/10\/twttr-150x150.jpg\" sizes=\"auto, (max-width: 137px) 100vw, 137px\" srcset=\"https:\/\/der-rote-faden.de\/wordpress\/wp-content\/uploads\/2017\/10\/twttr-150x150.jpg 150w, https:\/\/der-rote-faden.de\/wordpress\/wp-content\/uploads\/2017\/10\/twttr.jpg 225w\" alt=\"twitter\" width=\"137\" height=\"137\"><\/a><a href=\"https:\/\/www.instagram.com\/der.rote.faden\/\" target=\"_blank\" rel=\"noopener\"><img loading=\"lazy\" decoding=\"async\" class=\"alignnone wp-image-1848 size-thumbnail\" src=\"https:\/\/der-rote-faden.de\/wordpress\/wp-content\/uploads\/2017\/10\/instgrm-150x150.jpg\" sizes=\"auto, (max-width: 150px) 100vw, 150px\" srcset=\"https:\/\/der-rote-faden.de\/wordpress\/wp-content\/uploads\/2017\/10\/instgrm-150x150.jpg 150w, https:\/\/der-rote-faden.de\/wordpress\/wp-content\/uploads\/2017\/10\/instgrm.jpg 225w\" alt=\"instagram\" width=\"150\" height=\"150\"><\/a><a href=\"https:\/\/www.pinterest.de\/schellwetzig\/n%C3%A4hen-einfach-mit-kostenlosen-schnittmustern\/\" target=\"_blank\" rel=\"noopener\"><img loading=\"lazy\" decoding=\"async\" class=\"alignnone wp-image-1846 size-thumbnail\" src=\"https:\/\/der-rote-faden.de\/wordpress\/wp-content\/uploads\/2017\/10\/pint-150x150.png\" sizes=\"auto, (max-width: 150px) 100vw, 150px\" srcset=\"https:\/\/der-rote-faden.de\/wordpress\/wp-content\/uploads\/2017\/10\/pint-150x150.png 150w, https:\/\/der-rote-faden.de\/wordpress\/wp-content\/uploads\/2017\/10\/pint.png 225w\" alt=\"pinterest\" width=\"150\" height=\"150\"><\/a><\/p>\n<p>&nbsp;<\/p>\n<p>verlinkt bei<\/p>\n<p><a href=\"http:\/\/www.naehfrosch.de\/2014\/01\/kostenlose-schnittmuster-linkparty\/\" target=\"_blank\" rel=\"noopener noreferrer\">N\u00e4hfrosch<\/a><\/p>\n<p><a href=\"http:\/\/meertjes-stuff.blogspot.de\/\" target=\"_blank\" rel=\"noopener noreferrer\">Meertje<\/a><\/p>\n<p><a href=\"http:\/\/dienstagsdinge.blogspot.de\/\" target=\"_blank\" rel=\"noopener noreferrer\">DienstagsDinge<\/a><\/p>\n<p><a href=\"http:\/\/tt-taschenundtaeschchen.blogspot.de\/\" target=\"_blank\" rel=\"noopener noreferrer\">Taschen und T\u00e4schchen<\/a><\/p>\n<p><a href=\"http:\/\/www.pamelopee.de\/2017\/03\/crealopee-marz-2017.html\" target=\"_blank\" rel=\"noopener noreferrer\">Pamelopee\/Crealopee<\/a><\/p>\n<p><a href=\"https:\/\/somachichdas.blogspot.de\/p\/regeln.html\" target=\"_blank\" rel=\"noopener noreferrer\">So mach ich das<\/a><\/p>\n<p>&nbsp;<\/p>\n<p>&nbsp;<\/p>\n<p><span style=\"border-radius: 2px; text-indent: 20px; width: auto; padding: 0px 4px 0px 0px; text-align: center; font: bold 11px\/20px 'Helvetica Neue',Helvetica,sans-serif; color: #ffffff; background: #bd081c no-repeat scroll 3px 50% \/ 14px 14px; position: absolute; opacity: 1; z-index: 8675309; display: none; cursor: pointer; top: 13588px; left: 341px;\">Merken<\/span><\/p>\n<p><span style=\"border-radius: 2px; text-indent: 20px; width: auto; padding: 0px 4px 0px 0px; text-align: center; font: bold 11px\/20px 'Helvetica Neue',Helvetica,sans-serif; color: #ffffff; background: #bd081c no-repeat scroll 3px 50% \/ 14px 14px; position: absolute; opacity: 1; z-index: 8675309; display: none; cursor: pointer;\">Merken<\/span><\/p>\n<p><span style=\"border-radius: 2px; text-indent: 20px; width: auto; padding: 0px 4px 0px 0px; text-align: center; font: bold 11px\/20px 'Helvetica Neue',Helvetica,sans-serif; color: #ffffff; background: #bd081c no-repeat scroll 3px 50% \/ 14px 14px; position: absolute; opacity: 1; z-index: 8675309; display: none; cursor: pointer;\">Merken<\/span><\/p>\n<p><span style=\"border-radius: 2px; text-indent: 20px; width: auto; padding: 0px 4px 0px 0px; text-align: center; font: bold 11px\/20px 'Helvetica Neue',Helvetica,sans-serif; color: #ffffff; background: #bd081c no-repeat scroll 3px 50% \/ 14px 14px; position: absolute; opacity: 1; z-index: 8675309; display: none; cursor: pointer; top: 13732px; left: 341px;\">Merken<\/span><\/p>\n<p><span style=\"border-radius: 2px; text-indent: 20px; width: auto; padding: 0px 4px 0px 0px; text-align: center; font: bold 11px\/20px 'Helvetica Neue',Helvetica,sans-serif; color: #ffffff; background: #bd081c no-repeat scroll 3px 50% \/ 14px 14px; position: absolute; opacity: 1; z-index: 8675309; display: none; cursor: pointer; top: 3716px; left: 353px;\">Merken<\/span><\/p>\n<p><span style=\"border-radius: 2px; text-indent: 20px; width: auto; padding: 0px 4px 0px 0px; text-align: center; font: bold 11px\/20px 'Helvetica Neue',Helvetica,sans-serif; color: #ffffff; background: #bd081c no-repeat scroll 3px 50% \/ 14px 14px; position: absolute; opacity: 1; z-index: 8675309; display: none; cursor: pointer;\">Merken<\/span><\/p>\n<p><span style=\"border-radius: 2px; text-indent: 20px; width: auto; padding: 0px 4px 0px 0px; text-align: center; font: bold 11px\/20px 'Helvetica Neue',Helvetica,sans-serif; color: #ffffff; background: #bd081c no-repeat scroll 3px 50% \/ 14px 14px; position: absolute; opacity: 1; z-index: 8675309; display: none; cursor: pointer;\">Merken<\/span><\/p>\n<p><span style=\"border-radius: 2px; text-indent: 20px; width: auto; padding: 0px 4px 0px 0px; text-align: center; font: bold 11px\/20px 'Helvetica Neue',Helvetica,sans-serif; color: #ffffff; background: #bd081c no-repeat scroll 3px 50% \/ 14px 14px; position: absolute; opacity: 1; z-index: 8675309; display: none; cursor: pointer; top: 15823px; left: 305px;\">Merken<\/span><\/p>\n<p><span style=\"border-radius: 2px; text-indent: 20px; width: auto; padding: 0px 4px 0px 0px; text-align: center; font: bold 11px\/20px 'Helvetica Neue',Helvetica,sans-serif; color: #ffffff; background: #bd081c no-repeat scroll 3px 50% \/ 14px 14px; position: absolute; opacity: 1; z-index: 8675309; display: none; cursor: pointer;\">Merken<\/span><\/p>\n","protected":false},"excerpt":{"rendered":"<p>Handgep\u00e4ckf\u00e4hige Reisetasche mit Laptop-Fach Eine Reisetasche, die noch als Handgep\u00e4ck durchgeht, darf bei den meisten Fluggesellschaften nicht gr\u00f6\u00dfer als 56 x 45 x 26 cm sein. Ich m\u00f6chte eine leichte, aber auch f\u00fcr Fl\u00fcge gut optimierte Tasche n\u00e4hen, die ich bei wenig Gep\u00e4ck \u00fcber die Schulter h\u00e4ngen kann und nicht \u00fcber Stock und Stein hinter mir herziehen und mir Gedanken machen muss, ob die Rollen den Spaziergang \u00fcberleben. Damit es keine Schwierigkeiten gibt, vor allem mit einer weichen, sich ausbeulenden Tasche, werde ich mich auf das Ma\u00df 55 x 42 x 22 cm beschr\u00e4nken. Ich m\u00f6chte die Tasche auf der&nbsp; [&hellip;]<\/p>\n","protected":false},"author":2,"featured_media":1476,"comment_status":"open","ping_status":"closed","sticky":false,"template":"","format":"standard","meta":{"footnotes":""},"categories":[1,4,11,51],"tags":[52,53,54,55,56],"class_list":["post-1467","post","type-post","status-publish","format-standard","has-post-thumbnail","hentry","category-beitraege","category-kurzwaren","category-modestoffe_schnitterstellung","category-taschen","tag-diy","tag-naehen","tag-reisetaschen-naehen","tag-schnitt-reisetasche","tag-verarbeitung-koffernaegel"],"_links":{"self":[{"href":"https:\/\/der-rote-faden.de\/wordpress\/wp-json\/wp\/v2\/posts\/1467","targetHints":{"allow":["GET"]}}],"collection":[{"href":"https:\/\/der-rote-faden.de\/wordpress\/wp-json\/wp\/v2\/posts"}],"about":[{"href":"https:\/\/der-rote-faden.de\/wordpress\/wp-json\/wp\/v2\/types\/post"}],"author":[{"embeddable":true,"href":"https:\/\/der-rote-faden.de\/wordpress\/wp-json\/wp\/v2\/users\/2"}],"replies":[{"embeddable":true,"href":"https:\/\/der-rote-faden.de\/wordpress\/wp-json\/wp\/v2\/comments?post=1467"}],"version-history":[{"count":14,"href":"https:\/\/der-rote-faden.de\/wordpress\/wp-json\/wp\/v2\/posts\/1467\/revisions"}],"predecessor-version":[{"id":3806,"href":"https:\/\/der-rote-faden.de\/wordpress\/wp-json\/wp\/v2\/posts\/1467\/revisions\/3806"}],"wp:featuredmedia":[{"embeddable":true,"href":"https:\/\/der-rote-faden.de\/wordpress\/wp-json\/wp\/v2\/media\/1476"}],"wp:attachment":[{"href":"https:\/\/der-rote-faden.de\/wordpress\/wp-json\/wp\/v2\/media?parent=1467"}],"wp:term":[{"taxonomy":"category","embeddable":true,"href":"https:\/\/der-rote-faden.de\/wordpress\/wp-json\/wp\/v2\/categories?post=1467"},{"taxonomy":"post_tag","embeddable":true,"href":"https:\/\/der-rote-faden.de\/wordpress\/wp-json\/wp\/v2\/tags?post=1467"}],"curies":[{"name":"wp","href":"https:\/\/api.w.org\/{rel}","templated":true}]}}