{"id":1554,"date":"2017-06-13T08:32:36","date_gmt":"2017-06-13T06:32:36","guid":{"rendered":"http:\/\/der-rote-faden.de\/wordpress\/?p=1554"},"modified":"2017-12-21T18:21:24","modified_gmt":"2017-12-21T17:21:24","slug":"fuesschen-schlafanzug_bio-sweat","status":"publish","type":"post","link":"https:\/\/der-rote-faden.de\/wordpress\/fuesschen-schlafanzug_bio-sweat\/","title":{"rendered":"Kleinkind-Schlafanzug mit F\u00fc\u00dfchen aus Bio-Sweatstoff"},"content":{"rendered":"<p><a href=\"http:\/\/der-rote-faden.de\/wordpress\/wp-content\/uploads\/2017\/05\/schlafanzug.mit-fuss1.jpg\"><img loading=\"lazy\" decoding=\"async\" class=\"aligncenter wp-image-1555\" src=\"http:\/\/der-rote-faden.de\/wordpress\/wp-content\/uploads\/2017\/05\/schlafanzug.mit-fuss1-776x1024.jpg\" alt=\"schlafanzug.mit-fuss1\" width=\"507\" height=\"669\" srcset=\"https:\/\/der-rote-faden.de\/wordpress\/wp-content\/uploads\/2017\/05\/schlafanzug.mit-fuss1-776x1024.jpg 776w, https:\/\/der-rote-faden.de\/wordpress\/wp-content\/uploads\/2017\/05\/schlafanzug.mit-fuss1-227x300.jpg 227w, https:\/\/der-rote-faden.de\/wordpress\/wp-content\/uploads\/2017\/05\/schlafanzug.mit-fuss1-768x1014.jpg 768w, https:\/\/der-rote-faden.de\/wordpress\/wp-content\/uploads\/2017\/05\/schlafanzug.mit-fuss1-830x1095.jpg 830w, https:\/\/der-rote-faden.de\/wordpress\/wp-content\/uploads\/2017\/05\/schlafanzug.mit-fuss1-230x304.jpg 230w, https:\/\/der-rote-faden.de\/wordpress\/wp-content\/uploads\/2017\/05\/schlafanzug.mit-fuss1-350x462.jpg 350w, https:\/\/der-rote-faden.de\/wordpress\/wp-content\/uploads\/2017\/05\/schlafanzug.mit-fuss1.jpg 888w\" sizes=\"auto, (max-width: 507px) 100vw, 507px\" \/><\/a>F\u00fcr 3-4-j\u00e4hrige Kleinkinder ist es nicht ganz einfach Schlafanz\u00fcge zu finden, die auch F\u00fc\u00dfchen haben. Dabei finde\u00a0 ich diese so wichtig, denn in diesem Alter\u00a0 strampeln sich Kinder von der Bettdecke frei und die F\u00fc\u00dfe werden kalt. Und nicht immer m\u00f6gen sie es, im Schlafsack zu schlafen. Also frisch selbst gen\u00e4ht.<\/p>\n<p>Als Stoff habe ich den kuschelweichen <a href=\"https:\/\/aachen-stoffe.de\/de\/Standardstoffe\/Jogging-Stoffe\/\" target=\"_blank\" rel=\"noopener noreferrer\">Bio-Sweat von fabrilogy<\/a> gew\u00e4hlt, der innen angerauht und dadurch sehr gem\u00fctlich zum Schlafen ist.<\/p>\n<p>Ok, die Gunst der Stunde, einen Abend Zeit f\u00fcr dieses Projekt er\u00fcbrigen zu k\u00f6nnen, darf nat\u00fcrlich auch nicht daran scheitern, dass man au\u00dfer dem passenden Stoff leider wieder nicht an den passenden Rei\u00dfverschluss gedacht hat. Aber mal ehrlich: st\u00f6rt es wirklich, wenn der Rei\u00dfverschluss am pinken Schlafanzug wei\u00df ist und nicht auch pink? Hauptsache, er ist fertig geworden.<\/p>\n<p>Da ist noch der Schnitt von einer passenden Hose, dessen <a href=\"http:\/\/der-rote-faden.de\/wordpress\/schnittkonstruktion-kleinkindhose\/\" target=\"_blank\" rel=\"noopener noreferrer\">Schnittkonstruktion <\/a>ich ausf\u00fchrlich erkl\u00e4rt habe und den ich nun wieder nehme. Dabei werde ich in der Taille gro\u00dfz\u00fcgig Weite zugeben, nicht nur 4 cm mehr als Taillenweite, sondern mehr, je nachdem, wie weit und bequem ich die Hose im Taillenbereich haben will, bis zu einer geraden Linie von der H\u00fcfte hoch zur Taille, da die Hose im Taillenbereich ja ruhig etwas gerafft sein soll (wie durch Gummizug, Effekt des Taillenb\u00fcndchens).<\/p>\n<p>&nbsp;<\/p>\n<p><a href=\"http:\/\/der-rote-faden.de\/wordpress\/wp-content\/uploads\/2017\/06\/Schnittkonstruktion-hose7.jpg\"><img loading=\"lazy\" decoding=\"async\" class=\"aligncenter wp-image-1610\" src=\"http:\/\/der-rote-faden.de\/wordpress\/wp-content\/uploads\/2017\/06\/Schnittkonstruktion-hose7-614x1024.jpg\" alt=\"Schnittkonstruktion hose7\" width=\"460\" height=\"767\" srcset=\"https:\/\/der-rote-faden.de\/wordpress\/wp-content\/uploads\/2017\/06\/Schnittkonstruktion-hose7-614x1024.jpg 614w, https:\/\/der-rote-faden.de\/wordpress\/wp-content\/uploads\/2017\/06\/Schnittkonstruktion-hose7-180x300.jpg 180w, https:\/\/der-rote-faden.de\/wordpress\/wp-content\/uploads\/2017\/06\/Schnittkonstruktion-hose7-768x1280.jpg 768w, https:\/\/der-rote-faden.de\/wordpress\/wp-content\/uploads\/2017\/06\/Schnittkonstruktion-hose7-830x1384.jpg 830w, https:\/\/der-rote-faden.de\/wordpress\/wp-content\/uploads\/2017\/06\/Schnittkonstruktion-hose7-230x383.jpg 230w, https:\/\/der-rote-faden.de\/wordpress\/wp-content\/uploads\/2017\/06\/Schnittkonstruktion-hose7-350x583.jpg 350w, https:\/\/der-rote-faden.de\/wordpress\/wp-content\/uploads\/2017\/06\/Schnittkonstruktion-hose7.jpg 850w\" sizes=\"auto, (max-width: 460px) 100vw, 460px\" \/><\/a><\/p>\n<p>&nbsp;<\/p>\n<p>An den Schnitt setze ich noch F\u00fc\u00dfchen an.<\/p>\n<p>Dazu wird der Fu\u00df auf einem Blatt Papier grob umrandet. Die Mitte festlegen, falten und der besser geformten Seite entsprechend beide Seiten spiegelgleich zuschneiden. F\u00fcr den Rist (Spann, Mittelfu\u00df Oberseite) mache ich noch ein Schnittteil, dass ca 3\/4 der Gr\u00f6\u00dfe der Fu\u00dfsohle hat und im vorderen Bereich (V) mit dem Sohlenteil genau aufeinander passt.<\/p>\n<p><strong>Sohlengr\u00f6\u00dfe hier: 13 x 7 cm<\/strong><\/p>\n<p><a href=\"http:\/\/der-rote-faden.de\/wordpress\/wp-content\/uploads\/2017\/06\/IMG_8187.jpg\"><img loading=\"lazy\" decoding=\"async\" class=\"aligncenter wp-image-1579\" src=\"http:\/\/der-rote-faden.de\/wordpress\/wp-content\/uploads\/2017\/06\/IMG_8187-1024x768.jpg\" alt=\"schlafanzug-fuesschen\" width=\"685\" height=\"514\" srcset=\"https:\/\/der-rote-faden.de\/wordpress\/wp-content\/uploads\/2017\/06\/IMG_8187-1024x768.jpg 1024w, https:\/\/der-rote-faden.de\/wordpress\/wp-content\/uploads\/2017\/06\/IMG_8187-300x225.jpg 300w, https:\/\/der-rote-faden.de\/wordpress\/wp-content\/uploads\/2017\/06\/IMG_8187-768x576.jpg 768w, https:\/\/der-rote-faden.de\/wordpress\/wp-content\/uploads\/2017\/06\/IMG_8187-830x623.jpg 830w, https:\/\/der-rote-faden.de\/wordpress\/wp-content\/uploads\/2017\/06\/IMG_8187-230x173.jpg 230w, https:\/\/der-rote-faden.de\/wordpress\/wp-content\/uploads\/2017\/06\/IMG_8187-350x263.jpg 350w\" sizes=\"auto, (max-width: 685px) 100vw, 685px\" \/><\/a><\/p>\n<p>Jetzt kann der Hosenschnitt beim r\u00fcckw\u00e4rtigen Hosenteil noch etwas nach unten abgerundet werden, das gibt mehr Spielraum f\u00fcr den F\u00fc\u00dfchenansatz.<\/p>\n<p><a href=\"http:\/\/der-rote-faden.de\/wordpress\/wp-content\/uploads\/2017\/06\/hose5.jpg\"><img loading=\"lazy\" decoding=\"async\" class=\"aligncenter wp-image-1580\" src=\"http:\/\/der-rote-faden.de\/wordpress\/wp-content\/uploads\/2017\/06\/hose5-341x1024.jpg\" alt=\"hose5\" width=\"201\" height=\"604\" srcset=\"https:\/\/der-rote-faden.de\/wordpress\/wp-content\/uploads\/2017\/06\/hose5-341x1024.jpg 341w, https:\/\/der-rote-faden.de\/wordpress\/wp-content\/uploads\/2017\/06\/hose5-100x300.jpg 100w, https:\/\/der-rote-faden.de\/wordpress\/wp-content\/uploads\/2017\/06\/hose5-230x690.jpg 230w, https:\/\/der-rote-faden.de\/wordpress\/wp-content\/uploads\/2017\/06\/hose5-350x1050.jpg 350w, https:\/\/der-rote-faden.de\/wordpress\/wp-content\/uploads\/2017\/06\/hose5.jpg 567w\" sizes=\"auto, (max-width: 201px) 100vw, 201px\" \/><\/a>Diese Rundung sollte die Form des Fu\u00dfsohlen-Teiles haben im hinteren Bereich, da der Fu\u00dfsohlen-Bereich mit dem R hier angen\u00e4ht wird.<\/p>\n<p>&nbsp;<\/p>\n<p><a href=\"http:\/\/der-rote-faden.de\/wordpress\/wp-content\/uploads\/2017\/06\/fuesschen1.jpg\"><img loading=\"lazy\" decoding=\"async\" class=\"aligncenter wp-image-1613\" src=\"http:\/\/der-rote-faden.de\/wordpress\/wp-content\/uploads\/2017\/06\/fuesschen1-1024x768.jpg\" alt=\"\" width=\"433\" height=\"325\" srcset=\"https:\/\/der-rote-faden.de\/wordpress\/wp-content\/uploads\/2017\/06\/fuesschen1-1024x768.jpg 1024w, https:\/\/der-rote-faden.de\/wordpress\/wp-content\/uploads\/2017\/06\/fuesschen1-300x225.jpg 300w, https:\/\/der-rote-faden.de\/wordpress\/wp-content\/uploads\/2017\/06\/fuesschen1-768x576.jpg 768w, https:\/\/der-rote-faden.de\/wordpress\/wp-content\/uploads\/2017\/06\/fuesschen1-830x623.jpg 830w, https:\/\/der-rote-faden.de\/wordpress\/wp-content\/uploads\/2017\/06\/fuesschen1-230x173.jpg 230w, https:\/\/der-rote-faden.de\/wordpress\/wp-content\/uploads\/2017\/06\/fuesschen1-350x263.jpg 350w\" sizes=\"auto, (max-width: 433px) 100vw, 433px\" \/><\/a><\/p>\n<p>Die Vorderhose kann unten noch etwas nach innen gerundet werden, so sitzt sie sch\u00f6ner im Rist-Bereich auf dem Vorderfu\u00df.<\/p>\n<p>Die Hohl-Rundung des Oberf\u00fc\u00dfchen-Teiles (am Rist) sollte gleich wie die Hose geschnitten sein, also die gleiche Rundung haben wie die Vorderhose unten, die \u00fcbereinstimmende Linienf\u00fchrung erleichtert das N\u00e4hen sp\u00e4ter.<\/p>\n<p><a href=\"http:\/\/der-rote-faden.de\/wordpress\/wp-content\/uploads\/2017\/06\/fuesschen2.jpg\"><img loading=\"lazy\" decoding=\"async\" class=\"aligncenter wp-image-1614\" src=\"http:\/\/der-rote-faden.de\/wordpress\/wp-content\/uploads\/2017\/06\/fuesschen2-1024x768.jpg\" alt=\"\" width=\"419\" height=\"314\" srcset=\"https:\/\/der-rote-faden.de\/wordpress\/wp-content\/uploads\/2017\/06\/fuesschen2-1024x768.jpg 1024w, https:\/\/der-rote-faden.de\/wordpress\/wp-content\/uploads\/2017\/06\/fuesschen2-300x225.jpg 300w, https:\/\/der-rote-faden.de\/wordpress\/wp-content\/uploads\/2017\/06\/fuesschen2-768x576.jpg 768w, https:\/\/der-rote-faden.de\/wordpress\/wp-content\/uploads\/2017\/06\/fuesschen2-830x623.jpg 830w, https:\/\/der-rote-faden.de\/wordpress\/wp-content\/uploads\/2017\/06\/fuesschen2-230x173.jpg 230w, https:\/\/der-rote-faden.de\/wordpress\/wp-content\/uploads\/2017\/06\/fuesschen2-350x263.jpg 350w\" sizes=\"auto, (max-width: 419px) 100vw, 419px\" \/><\/a><\/p>\n<p>&nbsp;<\/p>\n<p><a href=\"http:\/\/der-rote-faden.de\/wordpress\/wp-content\/uploads\/2017\/06\/hosenteil.jpg\"><img loading=\"lazy\" decoding=\"async\" class=\"aligncenter wp-image-1585\" src=\"http:\/\/der-rote-faden.de\/wordpress\/wp-content\/uploads\/2017\/06\/hosenteil-768x1024.jpg\" alt=\"hosenteil\" width=\"263\" height=\"351\" srcset=\"https:\/\/der-rote-faden.de\/wordpress\/wp-content\/uploads\/2017\/06\/hosenteil-768x1024.jpg 768w, https:\/\/der-rote-faden.de\/wordpress\/wp-content\/uploads\/2017\/06\/hosenteil-225x300.jpg 225w, https:\/\/der-rote-faden.de\/wordpress\/wp-content\/uploads\/2017\/06\/hosenteil-830x1107.jpg 830w, https:\/\/der-rote-faden.de\/wordpress\/wp-content\/uploads\/2017\/06\/hosenteil-230x307.jpg 230w, https:\/\/der-rote-faden.de\/wordpress\/wp-content\/uploads\/2017\/06\/hosenteil-350x467.jpg 350w\" sizes=\"auto, (max-width: 263px) 100vw, 263px\" \/><\/a><\/p>\n<p>Ist die Hose zugeschnitten und die F\u00fc\u00dfchen-Teile angen\u00e4ht kommt das Oberteil.<\/p>\n<p>Hierzu kann der Schnitt des <a href=\"http:\/\/der-rote-faden.de\/wordpress\/kleinkind-kleid\/\" target=\"_blank\" rel=\"noopener noreferrer\">Kleinkind-Kleides<\/a> ausgedruckt bzw. entwickelt oder nach entsprechender Gr\u00f6\u00dfe abge\u00e4ndert werden.<\/p>\n<p><a href=\"http:\/\/der-rote-faden.de\/wordpress\/wp-content\/uploads\/2016\/03\/OberteilGr86.jpg\"><img loading=\"lazy\" decoding=\"async\" class=\"aligncenter wp-image-1053\" src=\"http:\/\/der-rote-faden.de\/wordpress\/wp-content\/uploads\/2016\/03\/OberteilGr86-746x1024.jpg\" alt=\"OberteilGr86\" width=\"363\" height=\"499\" srcset=\"https:\/\/der-rote-faden.de\/wordpress\/wp-content\/uploads\/2016\/03\/OberteilGr86-746x1024.jpg 746w, https:\/\/der-rote-faden.de\/wordpress\/wp-content\/uploads\/2016\/03\/OberteilGr86-219x300.jpg 219w, https:\/\/der-rote-faden.de\/wordpress\/wp-content\/uploads\/2016\/03\/OberteilGr86-768x1054.jpg 768w, https:\/\/der-rote-faden.de\/wordpress\/wp-content\/uploads\/2016\/03\/OberteilGr86-830x1139.jpg 830w, https:\/\/der-rote-faden.de\/wordpress\/wp-content\/uploads\/2016\/03\/OberteilGr86-230x316.jpg 230w, https:\/\/der-rote-faden.de\/wordpress\/wp-content\/uploads\/2016\/03\/OberteilGr86-350x480.jpg 350w, https:\/\/der-rote-faden.de\/wordpress\/wp-content\/uploads\/2016\/03\/OberteilGr86.jpg 1275w\" sizes=\"auto, (max-width: 363px) 100vw, 363px\" \/><\/a>Der \u00c4rmelschnitt und dessen Erkl\u00e4rung finden sich dort ebenfalls.<\/p>\n<p><a href=\"http:\/\/der-rote-faden.de\/wordpress\/wp-content\/uploads\/2016\/03\/kleinkind-kleidGr86-aermel.jpg\"><img loading=\"lazy\" decoding=\"async\" class=\"aligncenter wp-image-1054\" src=\"http:\/\/der-rote-faden.de\/wordpress\/wp-content\/uploads\/2016\/03\/kleinkind-kleidGr86-aermel-726x1024.jpg\" alt=\"kleinkind-kleidGr86-aermel\" width=\"363\" height=\"512\" srcset=\"https:\/\/der-rote-faden.de\/wordpress\/wp-content\/uploads\/2016\/03\/kleinkind-kleidGr86-aermel-726x1024.jpg 726w, https:\/\/der-rote-faden.de\/wordpress\/wp-content\/uploads\/2016\/03\/kleinkind-kleidGr86-aermel-213x300.jpg 213w, https:\/\/der-rote-faden.de\/wordpress\/wp-content\/uploads\/2016\/03\/kleinkind-kleidGr86-aermel-768x1083.jpg 768w, https:\/\/der-rote-faden.de\/wordpress\/wp-content\/uploads\/2016\/03\/kleinkind-kleidGr86-aermel-830x1170.jpg 830w, https:\/\/der-rote-faden.de\/wordpress\/wp-content\/uploads\/2016\/03\/kleinkind-kleidGr86-aermel-230x324.jpg 230w, https:\/\/der-rote-faden.de\/wordpress\/wp-content\/uploads\/2016\/03\/kleinkind-kleidGr86-aermel-350x494.jpg 350w, https:\/\/der-rote-faden.de\/wordpress\/wp-content\/uploads\/2016\/03\/kleinkind-kleidGr86-aermel.jpg 1234w\" sizes=\"auto, (max-width: 363px) 100vw, 363px\" \/><\/a><\/p>\n<p>Den Schnitt des R\u00fcckenteiles und \u00c4rmels nun im Stoffbruch auf den Stoff legen, ausschneiden. Das Vorderteil mit kleiner Nahtzugabe f\u00fcr den Rei\u00dfverschluss (1,5-2 cm) zuschneiden.<\/p>\n<p><a href=\"http:\/\/der-rote-faden.de\/wordpress\/wp-content\/uploads\/2017\/06\/Schlafanzug-Oberteil.jpg\"><img loading=\"lazy\" decoding=\"async\" class=\"aligncenter wp-image-1586\" src=\"http:\/\/der-rote-faden.de\/wordpress\/wp-content\/uploads\/2017\/06\/Schlafanzug-Oberteil-1024x768.jpg\" alt=\"Schlafanzug-Oberteil\" width=\"557\" height=\"418\" srcset=\"https:\/\/der-rote-faden.de\/wordpress\/wp-content\/uploads\/2017\/06\/Schlafanzug-Oberteil-1024x768.jpg 1024w, https:\/\/der-rote-faden.de\/wordpress\/wp-content\/uploads\/2017\/06\/Schlafanzug-Oberteil-300x225.jpg 300w, https:\/\/der-rote-faden.de\/wordpress\/wp-content\/uploads\/2017\/06\/Schlafanzug-Oberteil-768x576.jpg 768w, https:\/\/der-rote-faden.de\/wordpress\/wp-content\/uploads\/2017\/06\/Schlafanzug-Oberteil-830x623.jpg 830w, https:\/\/der-rote-faden.de\/wordpress\/wp-content\/uploads\/2017\/06\/Schlafanzug-Oberteil-230x173.jpg 230w, https:\/\/der-rote-faden.de\/wordpress\/wp-content\/uploads\/2017\/06\/Schlafanzug-Oberteil-350x263.jpg 350w\" sizes=\"auto, (max-width: 557px) 100vw, 557px\" \/><\/a>Nun am besten nochmals die Teile anprobieren. Sollten Hose und Oberteil zu lang sein, kann noch was abgeschnitten werden, sollten sie etwas kurz geraten sein (Kinder wachsen in diesem Alter sehr schnell, daher gen\u00fcgend Spielraum lassen), kann das B\u00fcndchen in der Taille breiter geschnitten werden.<\/p>\n<p>Dann Rei\u00dfverschluss einn\u00e4hen und zuletzt ein St\u00fcck B\u00fcndchen, das in der L\u00e4nge dem Halsausschnitt entspricht, als HalsAbschlussbund ann\u00e4hen und im Bereich der VM (Vorderen Mitte) nach unten rund zulaufen lassen, so dass kein erh\u00f6htes B\u00fcndchen mit dicker Nahtzugabe am Hals beim Schlafen st\u00f6rt. Wenn das Rei\u00dfverschlussende oben beim Halsb\u00fcndchen noch etwas absteht kann es mit ein paar Stichen von Hand unter die Nahtzugabe des Halsb\u00fcndchens gen\u00e4ht werden.<\/p>\n<p><a href=\"http:\/\/der-rote-faden.de\/wordpress\/wp-content\/uploads\/2017\/06\/schlafanzug-mitFuss2-1.jpg\"><img loading=\"lazy\" decoding=\"async\" class=\"aligncenter wp-image-1593\" src=\"http:\/\/der-rote-faden.de\/wordpress\/wp-content\/uploads\/2017\/06\/schlafanzug-mitFuss2-1-996x1024.jpg\" alt=\"schlafanzug-mitFuss2\" width=\"577\" height=\"593\" srcset=\"https:\/\/der-rote-faden.de\/wordpress\/wp-content\/uploads\/2017\/06\/schlafanzug-mitFuss2-1-996x1024.jpg 996w, https:\/\/der-rote-faden.de\/wordpress\/wp-content\/uploads\/2017\/06\/schlafanzug-mitFuss2-1-292x300.jpg 292w, https:\/\/der-rote-faden.de\/wordpress\/wp-content\/uploads\/2017\/06\/schlafanzug-mitFuss2-1-768x790.jpg 768w, https:\/\/der-rote-faden.de\/wordpress\/wp-content\/uploads\/2017\/06\/schlafanzug-mitFuss2-1-830x853.jpg 830w, https:\/\/der-rote-faden.de\/wordpress\/wp-content\/uploads\/2017\/06\/schlafanzug-mitFuss2-1-230x236.jpg 230w, https:\/\/der-rote-faden.de\/wordpress\/wp-content\/uploads\/2017\/06\/schlafanzug-mitFuss2-1-350x360.jpg 350w\" sizes=\"auto, (max-width: 577px) 100vw, 577px\" \/><\/a><\/p>\n<p>\u00c4rmelb\u00fcndchen ann\u00e4hen. Die kommen bei mir noch \ud83d\ude09 Dazu das Handgelenk locker vermessen. In dieser Breite die \u00c4rmelb\u00fcndchen zuschneiden + 2cm Nahtzugabe. Das \u00c4rmelb\u00fcndchen sollte ca 6 cm breit sein, Stoff doppelt nehmen, also 12 cm + 2cm Nahtzugabe = 14 cm. Das offene \u00c4rmelb\u00fcndchen rechts auf rechts durchsteppen, damit ein Schlauch entsteht. Zusammenklappen (Naht nach innen) und an den \u00c4rmel ann\u00e4hen.<\/p>\n<p>Wenn du diesen Beitrag gelesen hast, w\u00fcrde ich mich \u00fcber einen kleinen Kommentar hier unten freuen,\u00a0als Anerkennung. Auch negative Kommentare sind ok, ich sehe sie als Anregung zur Verbesserung.<\/p>\n<p>Du kannst uns auch gern liken bzw. folgen:<\/p>\n<p><a href=\"https:\/\/www.facebook.com\/pg\/DerRoteFadenAachenStoffe\/posts\/?ref=page_internal\" target=\"_blank\" rel=\"noopener\"><img loading=\"lazy\" decoding=\"async\" class=\"alignnone wp-image-1849 size-thumbnail\" src=\"https:\/\/der-rote-faden.de\/wordpress\/wp-content\/uploads\/2017\/10\/facebook-150x150.jpg\" sizes=\"auto, (max-width: 150px) 100vw, 150px\" srcset=\"https:\/\/der-rote-faden.de\/wordpress\/wp-content\/uploads\/2017\/10\/facebook-150x150.jpg 150w, https:\/\/der-rote-faden.de\/wordpress\/wp-content\/uploads\/2017\/10\/facebook.jpg 204w\" alt=\"facebook\" width=\"150\" height=\"150\" \/><\/a><a href=\"https:\/\/twitter.com\/mia22065\" target=\"_blank\" rel=\"noopener\"><img loading=\"lazy\" decoding=\"async\" class=\"alignnone wp-image-1845\" src=\"https:\/\/der-rote-faden.de\/wordpress\/wp-content\/uploads\/2017\/10\/twttr-150x150.jpg\" sizes=\"auto, (max-width: 137px) 100vw, 137px\" srcset=\"https:\/\/der-rote-faden.de\/wordpress\/wp-content\/uploads\/2017\/10\/twttr-150x150.jpg 150w, https:\/\/der-rote-faden.de\/wordpress\/wp-content\/uploads\/2017\/10\/twttr.jpg 225w\" alt=\"twitter\" width=\"137\" height=\"137\" \/><\/a><a href=\"https:\/\/www.instagram.com\/der.rote.faden\/\" target=\"_blank\" rel=\"noopener\"><img loading=\"lazy\" decoding=\"async\" class=\"alignnone wp-image-1848 size-thumbnail\" src=\"https:\/\/der-rote-faden.de\/wordpress\/wp-content\/uploads\/2017\/10\/instgrm-150x150.jpg\" sizes=\"auto, (max-width: 150px) 100vw, 150px\" srcset=\"https:\/\/der-rote-faden.de\/wordpress\/wp-content\/uploads\/2017\/10\/instgrm-150x150.jpg 150w, https:\/\/der-rote-faden.de\/wordpress\/wp-content\/uploads\/2017\/10\/instgrm.jpg 225w\" alt=\"instagram\" width=\"150\" height=\"150\" \/><\/a><a href=\"https:\/\/www.pinterest.de\/schellwetzig\/n%C3%A4hen-einfach-mit-kostenlosen-schnittmustern\/\" target=\"_blank\" rel=\"noopener\"><img loading=\"lazy\" decoding=\"async\" class=\"alignnone wp-image-1846 size-thumbnail\" src=\"https:\/\/der-rote-faden.de\/wordpress\/wp-content\/uploads\/2017\/10\/pint-150x150.png\" sizes=\"auto, (max-width: 150px) 100vw, 150px\" srcset=\"https:\/\/der-rote-faden.de\/wordpress\/wp-content\/uploads\/2017\/10\/pint-150x150.png 150w, https:\/\/der-rote-faden.de\/wordpress\/wp-content\/uploads\/2017\/10\/pint.png 225w\" alt=\"pinterest\" width=\"150\" height=\"150\" \/><\/a><\/p>\n<p>verlinkt bei:<\/p>\n<p>http:\/\/handmadeontuesday.blogspot.de\/<\/p>\n<p>http:\/\/dienstagsdinge.blogspot.de\/<\/p>\n<p>www.naehfrosch.de<\/p>\n<p>http:\/\/kiddikram.blogspot.de<\/p>\n<p>http:\/\/handmadeontuesday.blogspot.de\/2016\/04\/freebie-freitag-april-diy-fuer-kids.html<\/p>\n<p>www.keko-kreativ.de<\/p>\n<p>&nbsp;<\/p>\n<p><span style=\"border-radius: 2px; text-indent: 20px; width: auto; padding: 0px 4px 0px 0px; text-align: center; font: bold 11px\/20px 'Helvetica Neue',Helvetica,sans-serif; color: #ffffff; background: #bd081c no-repeat scroll 3px 50% \/ 14px 14px; position: absolute; opacity: 1; z-index: 8675309; display: none; cursor: pointer; top: 793px; left: 558px;\">Merken<\/span><\/p>\n<p><span style=\"border-radius: 2px; text-indent: 20px; width: auto; padding: 0px 4px 0px 0px; text-align: center; font: bold 11px\/20px 'Helvetica Neue',Helvetica,sans-serif; color: #ffffff; background: #bd081c no-repeat scroll 3px 50% \/ 14px 14px; position: absolute; opacity: 1; z-index: 8675309; display: none; cursor: pointer; top: 36px; left: 405px;\">Merken<\/span><\/p>\n<p><span style=\"border-radius: 2px; text-indent: 20px; width: auto; padding: 0px 4px 0px 0px; text-align: center; font: bold 11px\/20px 'Helvetica Neue',Helvetica,sans-serif; color: #ffffff; background: #bd081c no-repeat scroll 3px 50% \/ 14px 14px; position: absolute; opacity: 1; z-index: 8675309; display: none; cursor: pointer; top: 36px; left: 405px;\">Merken<\/span><\/p>\n<p><span style=\"border-radius: 2px; text-indent: 20px; width: auto; padding: 0px 4px 0px 0px; text-align: center; font: bold 11px\/20px 'Helvetica Neue',Helvetica,sans-serif; color: #ffffff; background: #bd081c no-repeat scroll 3px 50% \/ 14px 14px; position: absolute; opacity: 1; z-index: 8675309; display: none; cursor: pointer; top: 36px; left: 405px;\">Merken<\/span><\/p>\n<p><span style=\"border-radius: 2px; text-indent: 20px; width: auto; padding: 0px 4px 0px 0px; text-align: center; font: bold 11px\/20px 'Helvetica Neue',Helvetica,sans-serif; color: #ffffff; background: #bd081c no-repeat scroll 3px 50% \/ 14px 14px; position: absolute; opacity: 1; z-index: 8675309; display: none; cursor: pointer; top: 4954px; left: 454px;\">Merken<\/span><\/p>\n<p><span style=\"border-radius: 2px; text-indent: 20px; width: auto; padding: 0px 4px 0px 0px; text-align: center; font: bold 11px\/20px 'Helvetica Neue',Helvetica,sans-serif; color: #ffffff; background: #bd081c no-repeat scroll 3px 50% \/ 14px 14px; position: absolute; opacity: 1; z-index: 8675309; display: none; cursor: pointer; top: 36px; left: 405px;\">Merken<\/span><\/p>\n<p><span style=\"border-radius: 2px; text-indent: 20px; width: auto; padding: 0px 4px 0px 0px; text-align: center; font: bold 11px\/20px 'Helvetica Neue',Helvetica,sans-serif; color: #ffffff; background: #bd081c no-repeat scroll 3px 50% \/ 14px 14px; position: absolute; opacity: 1; z-index: 8675309; display: none; cursor: pointer;\">Merken<\/span><\/p>\n<p><span style=\"border-radius: 2px; text-indent: 20px; width: auto; padding: 0px 4px 0px 0px; text-align: center; font: bold 11px\/20px 'Helvetica Neue',Helvetica,sans-serif; color: #ffffff; background: #bd081c no-repeat scroll 3px 50% \/ 14px 14px; position: absolute; opacity: 1; z-index: 8675309; display: none; cursor: pointer;\">Merken<\/span><\/p>\n<p><span style=\"border-radius: 2px; text-indent: 20px; width: auto; padding: 0px 4px 0px 0px; text-align: center; font: bold 11px\/20px 'Helvetica Neue',Helvetica,sans-serif; color: #ffffff; background: #bd081c no-repeat scroll 3px 50% \/ 14px 14px; position: absolute; opacity: 1; z-index: 8675309; display: none; cursor: pointer; top: 5042px; left: 370px;\">Merken<\/span><\/p>\n<p><span style=\"border-radius: 2px; text-indent: 20px; width: auto; padding: 0px 4px 0px 0px; text-align: center; font: bold 11px\/20px 'Helvetica Neue',Helvetica,sans-serif; color: #ffffff; background: #bd081c no-repeat scroll 3px 50% \/ 14px 14px; position: absolute; opacity: 1; z-index: 8675309; display: none; cursor: pointer; top: 5042px; left: 370px;\">Merken<\/span><\/p>\n<p><span style=\"border-radius: 2px; text-indent: 20px; width: auto; padding: 0px 4px 0px 0px; text-align: center; font: bold 11px\/20px 'Helvetica Neue',Helvetica,sans-serif; color: #ffffff; background: #bd081c no-repeat scroll 3px 50% \/ 14px 14px; position: absolute; opacity: 1; z-index: 8675309; display: none; cursor: pointer; top: 1626px; left: 316px;\">Merken<\/span><\/p>\n<p><span style=\"border-radius: 2px; text-indent: 20px; width: auto; padding: 0px 4px 0px 0px; text-align: center; font: bold 11px\/20px 'Helvetica Neue',Helvetica,sans-serif; color: #ffffff; background: #bd081c no-repeat scroll 3px 50% \/ 14px 14px; position: absolute; opacity: 1; z-index: 8675309; display: none; cursor: pointer; top: 36px; left: 405px;\">Merken<\/span><\/p>\n<p><span style=\"border-radius: 2px; text-indent: 20px; width: auto; padding: 0px 4px 0px 0px; text-align: center; font: bold 11px\/20px 'Helvetica Neue',Helvetica,sans-serif; color: #ffffff; background: #bd081c no-repeat scroll 3px 50% \/ 14px 14px; position: absolute; opacity: 1; z-index: 8675309; display: none; cursor: pointer;\">Merken<\/span><\/p>\n<p><span style=\"border-radius: 2px; text-indent: 20px; width: auto; padding: 0px 4px 0px 0px; text-align: center; font: bold 11px\/20px 'Helvetica Neue',Helvetica,sans-serif; color: #ffffff; background: #bd081c no-repeat scroll 3px 50% \/ 14px 14px; position: absolute; opacity: 1; z-index: 8675309; display: none; cursor: pointer;\">Merken<\/span><\/p>\n<p><span style=\"border-radius: 2px; text-indent: 20px; width: auto; padding: 0px 4px 0px 0px; text-align: center; font: bold 11px\/20px 'Helvetica Neue',Helvetica,sans-serif; color: #ffffff; background: #bd081c no-repeat scroll 3px 50% \/ 14px 14px; position: absolute; opacity: 1; z-index: 8675309; display: none; cursor: pointer;\">Merken<\/span><\/p>\n<p><span style=\"border-radius: 2px; text-indent: 20px; width: auto; padding: 0px 4px 0px 0px; text-align: center; font: bold 11px\/20px 'Helvetica Neue',Helvetica,sans-serif; color: #ffffff; background: #bd081c no-repeat scroll 3px 50% \/ 14px 14px; position: absolute; opacity: 1; z-index: 8675309; display: none; cursor: pointer; top: 5082px; left: 370px;\">Merken<\/span><\/p>\n<p><span style=\"border-radius: 2px; text-indent: 20px; width: auto; padding: 0px 4px 0px 0px; text-align: center; font: bold 11px\/20px 'Helvetica Neue',Helvetica,sans-serif; color: #ffffff; background: #bd081c no-repeat scroll 3px 50% \/ 14px 14px; position: absolute; opacity: 1; z-index: 8675309; display: none; cursor: pointer;\">Merken<\/span><\/p>\n<p><span style=\"border-radius: 2px; text-indent: 20px; width: auto; padding: 0px 4px 0px 0px; text-align: center; font: bold 11px\/20px 'Helvetica Neue',Helvetica,sans-serif; color: #ffffff; background: #bd081c no-repeat scroll 3px 50% \/ 14px 14px; position: absolute; opacity: 1; z-index: 8675309; display: none; cursor: pointer; top: 1001px; left: 558px;\">Merken<\/span><\/p>\n<p><span style=\"border-radius: 2px; text-indent: 20px; width: auto; padding: 0px 4px 0px 0px; text-align: center; font: bold 11px\/20px 'Helvetica Neue',Helvetica,sans-serif; color: #ffffff; background: #bd081c no-repeat scroll 3px 50% \/ 14px 14px; position: absolute; opacity: 1; z-index: 8675309; display: none; cursor: pointer; top: 1025px; left: 429px;\">Merken<\/span><\/p>\n<p><span style=\"border-radius: 2px; text-indent: 20px; width: auto; padding: 0px 4px 0px 0px; text-align: center; font: bold 11px\/20px 'Helvetica Neue',Helvetica,sans-serif; color: #ffffff; background: #bd081c no-repeat scroll 3px 50% \/ 14px 14px; position: absolute; opacity: 1; z-index: 8675309; display: none; cursor: pointer; top: 2570px; left: 558px;\">Merken<\/span><\/p>\n<p><span style=\"border-radius: 2px; text-indent: 20px; width: auto; padding: 0px 4px 0px 0px; text-align: center; font: bold 11px\/20px 'Helvetica Neue',Helvetica,sans-serif; color: #ffffff; background: #bd081c no-repeat scroll 3px 50% \/ 14px 14px; position: absolute; opacity: 1; z-index: 8675309; display: none; cursor: pointer; top: 36px; left: 405px;\">Merken<\/span><\/p>\n<p><span style=\"border-radius: 2px; text-indent: 20px; width: auto; padding: 0px 4px 0px 0px; text-align: center; font: bold 11px\/20px 'Helvetica Neue',Helvetica,sans-serif; color: #ffffff; background: #bd081c no-repeat scroll 3px 50% \/ 14px 14px; position: absolute; opacity: 1; z-index: 8675309; display: none; cursor: pointer; top: 36px; left: 405px;\">Merken<\/span><\/p>\n","protected":false},"excerpt":{"rendered":"<p>F\u00fcr 3-4-j\u00e4hrige Kleinkinder ist es nicht ganz einfach Schlafanz\u00fcge zu finden, die auch F\u00fc\u00dfchen haben. Dabei finde\u00a0 ich diese so wichtig, denn in diesem Alter\u00a0 strampeln sich Kinder von der Bettdecke frei und die F\u00fc\u00dfe werden kalt. Und nicht immer m\u00f6gen sie es, im Schlafsack zu schlafen. Also frisch selbst gen\u00e4ht. Als Stoff habe ich den kuschelweichen Bio-Sweat von fabrilogy gew\u00e4hlt, der innen angerauht und dadurch sehr gem\u00fctlich zum Schlafen ist. Ok, die Gunst der Stunde, einen Abend Zeit f\u00fcr dieses Projekt er\u00fcbrigen zu k\u00f6nnen, darf nat\u00fcrlich auch nicht daran scheitern, dass man au\u00dfer dem passenden Stoff leider wieder nicht [&hellip;]<\/p>\n","protected":false},"author":2,"featured_media":0,"comment_status":"open","ping_status":"closed","sticky":false,"template":"","format":"standard","meta":{"footnotes":""},"categories":[1,68,61,11],"tags":[],"class_list":["post-1554","post","type-post","status-publish","format-standard","hentry","category-beitraege","category-naehen-fuer-kinder","category-schnitterstellung-kinder","category-modestoffe_schnitterstellung"],"_links":{"self":[{"href":"https:\/\/der-rote-faden.de\/wordpress\/wp-json\/wp\/v2\/posts\/1554","targetHints":{"allow":["GET"]}}],"collection":[{"href":"https:\/\/der-rote-faden.de\/wordpress\/wp-json\/wp\/v2\/posts"}],"about":[{"href":"https:\/\/der-rote-faden.de\/wordpress\/wp-json\/wp\/v2\/types\/post"}],"author":[{"embeddable":true,"href":"https:\/\/der-rote-faden.de\/wordpress\/wp-json\/wp\/v2\/users\/2"}],"replies":[{"embeddable":true,"href":"https:\/\/der-rote-faden.de\/wordpress\/wp-json\/wp\/v2\/comments?post=1554"}],"version-history":[{"count":26,"href":"https:\/\/der-rote-faden.de\/wordpress\/wp-json\/wp\/v2\/posts\/1554\/revisions"}],"predecessor-version":[{"id":2028,"href":"https:\/\/der-rote-faden.de\/wordpress\/wp-json\/wp\/v2\/posts\/1554\/revisions\/2028"}],"wp:attachment":[{"href":"https:\/\/der-rote-faden.de\/wordpress\/wp-json\/wp\/v2\/media?parent=1554"}],"wp:term":[{"taxonomy":"category","embeddable":true,"href":"https:\/\/der-rote-faden.de\/wordpress\/wp-json\/wp\/v2\/categories?post=1554"},{"taxonomy":"post_tag","embeddable":true,"href":"https:\/\/der-rote-faden.de\/wordpress\/wp-json\/wp\/v2\/tags?post=1554"}],"curies":[{"name":"wp","href":"https:\/\/api.w.org\/{rel}","templated":true}]}}