{"id":1696,"date":"2017-09-06T16:14:36","date_gmt":"2017-09-06T16:14:36","guid":{"rendered":"http:\/\/der-rote-faden.de\/wordpress\/?p=1696"},"modified":"2020-05-04T07:58:08","modified_gmt":"2020-05-04T05:58:08","slug":"schraegband-gefalzt","status":"publish","type":"post","link":"https:\/\/der-rote-faden.de\/wordpress\/schraegband-gefalzt\/","title":{"rendered":"Schr\u00e4gband gefalzt"},"content":{"rendered":"<div class=\"ELUvyf\">\n<div id=\"body:i22\">\n<div class=\"fu5e3b qhIQqf\">\n<h1 class=\"wftCae\" dir=\"ltr\">Schr\u00e4gband gefalzt was ist das?<\/h1>\n<div class=\"wftCae\" dir=\"ltr\">Schr\u00e4gband, der Allrounder unter den B\u00e4ndern, ab 0,69 \u20ac\/m. Es ist so einfach wie genial, kein anderes Band ist so vielf\u00e4ltig einsetzbar wie <a href=\"https:\/\/der-rote-faden.de\/de\/Baender\/Standardbaender-Bw-Satin-Kunstfaser\/Baumwollschraegband-gefalzt\/\" target=\"_blank\" rel=\"noopener noreferrer\">Baumwollschr\u00e4gband gefalzt<\/a>. Es dient dem Einfassen und Vers\u00e4ubern ausfransender Kanten wie Tischdecken, Topflappen, Sch\u00fcrzen und Geschirrt\u00fccher, f\u00fcr S\u00e4ume an Rock und Bluse. Die Falzung, etwa von 40mm auf 20mm macht es zum fertigen Einfassband, der Stoff muss nur noch dazwischengelegt und gesteppt werden. Durch seinen schr\u00e4gen Fadenverlauf dehnt es sich, so kann das <a href=\"https:\/\/der-rote-faden.de\/de\/Baender\/Standardbaender-Bw-Satin-Kunstfaser\/Baumwollschraegband-gefalzt\/\" target=\"_blank\" rel=\"noopener noreferrer\">Baumwoll-Schr\u00e4gband<\/a> vor allem aber zum Einfassen von Rundungen an Hals und Armloch (bei Westen) genommen werden, ohne Blasen zu werfen. Sogar Paspeln kann man mit Schr\u00e4gband herstellen, indem man eine Paspelkordel einlegt.<\/div>\n<div dir=\"ltr\"><\/div>\n<\/div>\n<\/div>\n<\/div>\n<div>\n<div>\n<div id=\"i23\" class=\"A2zxfe\">\n<div class=\"is2Add\">\n<div id=\"i24\" class=\"pQcgke\">\n<div class=\"E68jgf\"><img loading=\"lazy\" decoding=\"async\" class=\"aligncenter  wp-image-3226\" src=\"https:\/\/der-rote-faden.de\/wordpress\/wp-content\/uploads\/2017\/09\/9437001-100.jpg\" alt=\"Schr\u00e4gband gefalzt\" width=\"458\" height=\"611\" srcset=\"https:\/\/der-rote-faden.de\/wordpress\/wp-content\/uploads\/2017\/09\/9437001-100.jpg 675w, https:\/\/der-rote-faden.de\/wordpress\/wp-content\/uploads\/2017\/09\/9437001-100-225x300.jpg 225w, https:\/\/der-rote-faden.de\/wordpress\/wp-content\/uploads\/2017\/09\/9437001-100-230x307.jpg 230w, https:\/\/der-rote-faden.de\/wordpress\/wp-content\/uploads\/2017\/09\/9437001-100-350x467.jpg 350w, https:\/\/der-rote-faden.de\/wordpress\/wp-content\/uploads\/2017\/09\/9437001-100-480x640.jpg 480w\" sizes=\"auto, (max-width: 458px) 100vw, 458px\" \/><\/div>\n<div><\/div>\n<div>Insbesondere das Baumwoll-Schr\u00e4gband von Prym und unseren anderen deutschen und italienischen Herstellern ist sehr hochwertig. Es ist von beiden Seiten je 1 cm umgeschlagen, indem die beiden Kanten nicht ganz b\u00fcndig aneinandersto\u00dfen, sondern es in der Mitte 1mm Spielraum hat, so dass beim Zusammenklappen die beiden umgeschlagenen Seiten nicht aufeinander zu liegen kommen. Denn dadurch w\u00fcrde der Band-Stoff an der Stelle dicker werden . So l\u00e4sst es sich sowohl von der N\u00e4hmaschine, vor allem aber auch vom N\u00e4hautomaten der Stoff gut fassen.<\/div>\n<div><\/div>\n<h1>Wie verarbeitet man gefalztes Schr\u00e4gband?<\/h1>\n<p>Das Schr\u00e4gband wird nochmals zur H\u00e4lfte eingeschlagen, so dass ein etwa 4cm breites offenes Band jetzt nur noch 1 cm breit liegt. Hier dazwischen wird der Stoff gelegt, der eingefasst werden soll. Wenn man es beim letzten Einschlagen noch ein wenig verschiebt, so dass die untere Seite 1,1 cm breit und die obere Seite 0,9 cm breit ist, kann man sicher sein, beim Durchsteppen auf jeden Fall auch immer die untere Kante des Schr\u00e4gbandes mitgen\u00e4ht zu haben. Wem das am Anfang noch zu unsicher ist, der kann erst die R\u00fcckseite n\u00e4hen, indem er das Schr\u00e4gband rechts auf rechts auf die R\u00fcckseite legt und dann das Schr\u00e4gband auf die Vorderseite umklappt und hier nochmals durchn\u00e4ht.<\/p>\n<\/div>\n<\/div>\n<div><\/div>\n<h1>Wo bekomme ich das passende Schr\u00e4gband her?<\/h1>\n<div><\/div>\n<div>Gefalztes Schr\u00e4gband kann man auch selber herstellen, wenn man keines in der passenden Farbe bekommt oder genau das Muster des Stoffes verwenden will. Dazu schneidet man schr\u00e4ge Streifen (45\u00b0 Winkel) in 4 cm Breite (Standardbreite, kann aber auch schmaler sein) und zieht dieses Band durch einen <a href=\"https:\/\/der-rote-faden.de\/de\/buegeln-reparieren-praesentieren\/buegeln-stecken-naehen\/?cat=c2772&amp;cPath=2780_2772\" target=\"_blank\" rel=\"noopener noreferrer\">Schr\u00e4gbandformer <\/a>entsprechender Breite. Auf der anderen Seite folgt man dem Streifen recht eng mit dem B\u00fcgeleisen und b\u00fcgelt das so gefalzte Band gleich um.<\/div>\n<div><a href=\"https:\/\/der-rote-faden.de\/wordpress\/wp-content\/uploads\/2017\/09\/611101.jpg\"><img loading=\"lazy\" decoding=\"async\" class=\"aligncenter wp-image-1697\" src=\"https:\/\/der-rote-faden.de\/wordpress\/wp-content\/uploads\/2017\/09\/611101.jpg\" alt=\"schr\u00e4gbandformer\" width=\"202\" height=\"301\" srcset=\"https:\/\/der-rote-faden.de\/wordpress\/wp-content\/uploads\/2017\/09\/611101.jpg 551w, https:\/\/der-rote-faden.de\/wordpress\/wp-content\/uploads\/2017\/09\/611101-201x300.jpg 201w, https:\/\/der-rote-faden.de\/wordpress\/wp-content\/uploads\/2017\/09\/611101-230x343.jpg 230w, https:\/\/der-rote-faden.de\/wordpress\/wp-content\/uploads\/2017\/09\/611101-350x522.jpg 350w\" sizes=\"auto, (max-width: 202px) 100vw, 202px\" \/><\/a><\/div>\n<div>\n<p>Wenn dir dieser Beitrag gef\u00e4llt, kannst du gern hier unten einen Kommentar hinterlassen oder uns liken bzw. folgen:<\/p>\n<p><a href=\"https:\/\/www.facebook.com\/pg\/DerRoteFadenAachenStoffe\/posts\/?ref=page_internal\" target=\"_blank\" rel=\"noopener noreferrer\"><img loading=\"lazy\" decoding=\"async\" class=\"alignnone wp-image-1849 size-thumbnail\" src=\"https:\/\/der-rote-faden.de\/wordpress\/wp-content\/uploads\/2017\/10\/facebook-150x150.jpg\" sizes=\"auto, (max-width: 150px) 100vw, 150px\" srcset=\"https:\/\/der-rote-faden.de\/wordpress\/wp-content\/uploads\/2017\/10\/facebook-150x150.jpg 150w, https:\/\/der-rote-faden.de\/wordpress\/wp-content\/uploads\/2017\/10\/facebook.jpg 204w\" alt=\"facebook\" width=\"150\" height=\"150\" \/><\/a><a href=\"https:\/\/twitter.com\/mia22065\" target=\"_blank\" rel=\"noopener noreferrer\"><img loading=\"lazy\" decoding=\"async\" class=\"alignnone wp-image-1845\" src=\"https:\/\/der-rote-faden.de\/wordpress\/wp-content\/uploads\/2017\/10\/twttr-150x150.jpg\" sizes=\"auto, (max-width: 137px) 100vw, 137px\" srcset=\"https:\/\/der-rote-faden.de\/wordpress\/wp-content\/uploads\/2017\/10\/twttr-150x150.jpg 150w, https:\/\/der-rote-faden.de\/wordpress\/wp-content\/uploads\/2017\/10\/twttr.jpg 225w\" alt=\"twitter\" width=\"137\" height=\"137\" \/><\/a><a href=\"https:\/\/www.instagram.com\/der.rote.faden\/\" target=\"_blank\" rel=\"noopener noreferrer\"><img loading=\"lazy\" decoding=\"async\" class=\"alignnone wp-image-1848 size-thumbnail\" src=\"https:\/\/der-rote-faden.de\/wordpress\/wp-content\/uploads\/2017\/10\/instgrm-150x150.jpg\" sizes=\"auto, (max-width: 150px) 100vw, 150px\" srcset=\"https:\/\/der-rote-faden.de\/wordpress\/wp-content\/uploads\/2017\/10\/instgrm-150x150.jpg 150w, https:\/\/der-rote-faden.de\/wordpress\/wp-content\/uploads\/2017\/10\/instgrm.jpg 225w\" alt=\"instagram\" width=\"150\" height=\"150\" \/><\/a><a href=\"https:\/\/www.pinterest.de\/schellwetzig\/n%C3%A4hen-einfach-mit-kostenlosen-schnittmustern\/\" target=\"_blank\" rel=\"noopener noreferrer\"><img loading=\"lazy\" decoding=\"async\" class=\"alignnone wp-image-1846 size-thumbnail\" src=\"https:\/\/der-rote-faden.de\/wordpress\/wp-content\/uploads\/2017\/10\/pint-150x150.png\" sizes=\"auto, (max-width: 150px) 100vw, 150px\" srcset=\"https:\/\/der-rote-faden.de\/wordpress\/wp-content\/uploads\/2017\/10\/pint-150x150.png 150w, https:\/\/der-rote-faden.de\/wordpress\/wp-content\/uploads\/2017\/10\/pint.png 225w\" alt=\"pinterest\" width=\"150\" height=\"150\" \/><\/a><\/p>\n<\/div>\n<\/div>\n<\/div>\n<\/div>\n","protected":false},"excerpt":{"rendered":"<p>Schr\u00e4gband gefalzt was ist das? Schr\u00e4gband, der Allrounder unter den B\u00e4ndern, ab 0,69 \u20ac\/m. Es ist so einfach wie genial, kein anderes Band ist so vielf\u00e4ltig einsetzbar wie Baumwollschr\u00e4gband gefalzt. Es dient dem Einfassen und Vers\u00e4ubern ausfransender Kanten wie Tischdecken, Topflappen, Sch\u00fcrzen und Geschirrt\u00fccher, f\u00fcr S\u00e4ume an Rock und Bluse. Die Falzung, etwa von 40mm auf 20mm macht es zum fertigen Einfassband, der Stoff muss nur noch dazwischengelegt und gesteppt werden. Durch seinen schr\u00e4gen Fadenverlauf dehnt es sich, so kann das Baumwoll-Schr\u00e4gband vor allem aber zum Einfassen von Rundungen an Hals und Armloch (bei Westen) genommen werden, ohne Blasen zu [&hellip;]<\/p>\n","protected":false},"author":2,"featured_media":0,"comment_status":"open","ping_status":"closed","sticky":false,"template":"","format":"standard","meta":{"footnotes":""},"categories":[4],"tags":[],"class_list":["post-1696","post","type-post","status-publish","format-standard","hentry","category-kurzwaren"],"_links":{"self":[{"href":"https:\/\/der-rote-faden.de\/wordpress\/wp-json\/wp\/v2\/posts\/1696","targetHints":{"allow":["GET"]}}],"collection":[{"href":"https:\/\/der-rote-faden.de\/wordpress\/wp-json\/wp\/v2\/posts"}],"about":[{"href":"https:\/\/der-rote-faden.de\/wordpress\/wp-json\/wp\/v2\/types\/post"}],"author":[{"embeddable":true,"href":"https:\/\/der-rote-faden.de\/wordpress\/wp-json\/wp\/v2\/users\/2"}],"replies":[{"embeddable":true,"href":"https:\/\/der-rote-faden.de\/wordpress\/wp-json\/wp\/v2\/comments?post=1696"}],"version-history":[{"count":5,"href":"https:\/\/der-rote-faden.de\/wordpress\/wp-json\/wp\/v2\/posts\/1696\/revisions"}],"predecessor-version":[{"id":3232,"href":"https:\/\/der-rote-faden.de\/wordpress\/wp-json\/wp\/v2\/posts\/1696\/revisions\/3232"}],"wp:attachment":[{"href":"https:\/\/der-rote-faden.de\/wordpress\/wp-json\/wp\/v2\/media?parent=1696"}],"wp:term":[{"taxonomy":"category","embeddable":true,"href":"https:\/\/der-rote-faden.de\/wordpress\/wp-json\/wp\/v2\/categories?post=1696"},{"taxonomy":"post_tag","embeddable":true,"href":"https:\/\/der-rote-faden.de\/wordpress\/wp-json\/wp\/v2\/tags?post=1696"}],"curies":[{"name":"wp","href":"https:\/\/api.w.org\/{rel}","templated":true}]}}