{"id":1921,"date":"2017-12-12T04:25:39","date_gmt":"2017-12-12T03:25:39","guid":{"rendered":"https:\/\/der-rote-faden.de\/wordpress\/?p=1921"},"modified":"2023-12-04T08:40:29","modified_gmt":"2023-12-04T07:40:29","slug":"tunikatulpe_gr92","status":"publish","type":"post","link":"https:\/\/der-rote-faden.de\/wordpress\/tunikatulpe_gr92\/","title":{"rendered":"Missy-KleidGr92"},"content":{"rendered":"<h1>KinderTunika mit Tulpen-\/Kelch-Kragen<\/h1>\n<p><img loading=\"lazy\" decoding=\"async\" class=\"alignnone wp-image-1973\" src=\"https:\/\/der-rote-faden.de\/wordpress\/wp-content\/uploads\/2017\/12\/36297-05-sweatstoff-546x1024.jpg\" alt=\"sweatstoff-36297-05\" width=\"321\" height=\"602\" srcset=\"https:\/\/der-rote-faden.de\/wordpress\/wp-content\/uploads\/2017\/12\/36297-05-sweatstoff-546x1024.jpg 546w, https:\/\/der-rote-faden.de\/wordpress\/wp-content\/uploads\/2017\/12\/36297-05-sweatstoff-160x300.jpg 160w, https:\/\/der-rote-faden.de\/wordpress\/wp-content\/uploads\/2017\/12\/36297-05-sweatstoff-768x1441.jpg 768w, https:\/\/der-rote-faden.de\/wordpress\/wp-content\/uploads\/2017\/12\/36297-05-sweatstoff-830x1558.jpg 830w, https:\/\/der-rote-faden.de\/wordpress\/wp-content\/uploads\/2017\/12\/36297-05-sweatstoff-230x432.jpg 230w, https:\/\/der-rote-faden.de\/wordpress\/wp-content\/uploads\/2017\/12\/36297-05-sweatstoff-350x657.jpg 350w, https:\/\/der-rote-faden.de\/wordpress\/wp-content\/uploads\/2017\/12\/36297-05-sweatstoff-480x901.jpg 480w\" sizes=\"auto, (max-width: 321px) 100vw, 321px\" \/><\/p>\n<h2>Stoffverbrauch<\/h2>\n<p>0,70 m bunter French Terry \/Sweat-\/ Joggingstoff oder Jersey, hier aus dem <a href=\"https:\/\/der-rote-faden.de\/de\/Stoffe-fuer-Kinder\/\" target=\"_blank\" rel=\"noopener\">Online-Shop von Der rote Faden<\/a><\/p>\n<p>0,40 m einfarbiger French Terry \/Sweat-\/ Joggingstoff oder Jersey, hier <a href=\"https:\/\/der-rote-faden.de\/de\/Standardstoffe\/Jogging-Stoffe\/\" target=\"_blank\" rel=\"noopener\">Bio-Baumwoll-Sweat<\/a><\/p>\n<h2>Schnittanpassung<\/h2>\n<p>ihr k\u00f6nnt die Schnittentwicklung von der <a href=\"https:\/\/der-rote-faden.de\/wordpress\/kindertunikakragengross\/\" target=\"_blank\" rel=\"noopener\">KinderTunika<\/a> nehmen, der Kragen wird abge\u00e4ndert, ebenso habe ich hier eine optische Taille eingearbeitet, in der auch die Kordel verl\u00e4uft.<\/p>\n<p><img loading=\"lazy\" decoding=\"async\" class=\"alignnone wp-image-1818\" src=\"https:\/\/der-rote-faden.de\/wordpress\/wp-content\/uploads\/2017\/10\/hoodi-kleid1-1024x768.jpg\" alt=\"hoodi-kleid1\" width=\"600\" height=\"450\" srcset=\"https:\/\/der-rote-faden.de\/wordpress\/wp-content\/uploads\/2017\/10\/hoodi-kleid1-1024x768.jpg 1024w, https:\/\/der-rote-faden.de\/wordpress\/wp-content\/uploads\/2017\/10\/hoodi-kleid1-300x225.jpg 300w, https:\/\/der-rote-faden.de\/wordpress\/wp-content\/uploads\/2017\/10\/hoodi-kleid1-768x576.jpg 768w, https:\/\/der-rote-faden.de\/wordpress\/wp-content\/uploads\/2017\/10\/hoodi-kleid1-830x623.jpg 830w, https:\/\/der-rote-faden.de\/wordpress\/wp-content\/uploads\/2017\/10\/hoodi-kleid1-230x173.jpg 230w, https:\/\/der-rote-faden.de\/wordpress\/wp-content\/uploads\/2017\/10\/hoodi-kleid1-350x263.jpg 350w\" sizes=\"auto, (max-width: 600px) 100vw, 600px\" \/><\/p>\n<p>Die Taschen k\u00f6nnt ihr ebenso verkleinern, es sieht besser aus zu dieser Gestaltung finde ich.<\/p>\n<p><img loading=\"lazy\" decoding=\"async\" class=\"alignnone wp-image-1975\" src=\"https:\/\/der-rote-faden.de\/wordpress\/wp-content\/uploads\/2017\/12\/20171115_081834-1024x576.jpg\" alt=\"tasche verkleinert\" width=\"599\" height=\"337\" srcset=\"https:\/\/der-rote-faden.de\/wordpress\/wp-content\/uploads\/2017\/12\/20171115_081834-1024x576.jpg 1024w, https:\/\/der-rote-faden.de\/wordpress\/wp-content\/uploads\/2017\/12\/20171115_081834-300x169.jpg 300w, https:\/\/der-rote-faden.de\/wordpress\/wp-content\/uploads\/2017\/12\/20171115_081834-768x432.jpg 768w, https:\/\/der-rote-faden.de\/wordpress\/wp-content\/uploads\/2017\/12\/20171115_081834-830x467.jpg 830w, https:\/\/der-rote-faden.de\/wordpress\/wp-content\/uploads\/2017\/12\/20171115_081834-230x129.jpg 230w, https:\/\/der-rote-faden.de\/wordpress\/wp-content\/uploads\/2017\/12\/20171115_081834-350x197.jpg 350w, https:\/\/der-rote-faden.de\/wordpress\/wp-content\/uploads\/2017\/12\/20171115_081834-480x270.jpg 480w\" sizes=\"auto, (max-width: 599px) 100vw, 599px\" \/><\/p>\n<p>Beim Auflegen des Stoffes passt bitte auf das Muster auf und legt den Stoff so, dass keine Figurine plakativ mittig auf dem Kopf steht. Deshalb habe ich den Schnitt nicht oben, sondern weiter unten angelegt.<\/p>\n<p><img loading=\"lazy\" decoding=\"async\" class=\"alignnone wp-image-1976\" src=\"https:\/\/der-rote-faden.de\/wordpress\/wp-content\/uploads\/2017\/12\/20171115_082141-1024x576.jpg\" alt=\"Stoff auflegen\" width=\"604\" height=\"340\" srcset=\"https:\/\/der-rote-faden.de\/wordpress\/wp-content\/uploads\/2017\/12\/20171115_082141-1024x576.jpg 1024w, https:\/\/der-rote-faden.de\/wordpress\/wp-content\/uploads\/2017\/12\/20171115_082141-300x169.jpg 300w, https:\/\/der-rote-faden.de\/wordpress\/wp-content\/uploads\/2017\/12\/20171115_082141-768x432.jpg 768w, https:\/\/der-rote-faden.de\/wordpress\/wp-content\/uploads\/2017\/12\/20171115_082141-830x467.jpg 830w, https:\/\/der-rote-faden.de\/wordpress\/wp-content\/uploads\/2017\/12\/20171115_082141-230x129.jpg 230w, https:\/\/der-rote-faden.de\/wordpress\/wp-content\/uploads\/2017\/12\/20171115_082141-350x197.jpg 350w, https:\/\/der-rote-faden.de\/wordpress\/wp-content\/uploads\/2017\/12\/20171115_082141-480x270.jpg 480w\" sizes=\"auto, (max-width: 604px) 100vw, 604px\" \/><\/p>\n<p>Das Oberteil habe ich um 3 cm verk\u00fcrzt, indem ich die L\u00e4nge nach oben geklappt habe. Dies k\u00f6nnt ihr so machen, wenn ihr einen Teil mit B\u00fcndchen oder andersfarbigem Streifen in der Taille ersetzen wollt. 1 cm k\u00f6nnt ihr am unteren Vorderteil verk\u00fcrzen oder einfach die Nahtzugabe beim Schneiden weglassen. Wir haben dann Raum f\u00fcr ein 4 cm breites B\u00fcndchen. Durch die zus\u00e4tzliche L\u00e4nge, die dadurch ben\u00f6tigt wird, dass sich \u00fcber und unter des Taillenb\u00fcndchens die Stoffweite etwas bauscht, solltet ihr aber das B\u00fcndchen f\u00fcr die\u00a0 Taille 6 cm breit schneiden. Die L\u00e4nge entspricht dem Umfang des Kleides 64 cm abz\u00fcgl. 2-4 cm , um es etwas tailliert zu gestalten.<\/p>\n<p><img loading=\"lazy\" decoding=\"async\" class=\"alignnone wp-image-1979\" src=\"https:\/\/der-rote-faden.de\/wordpress\/wp-content\/uploads\/2017\/12\/20171115_093110-1024x576.jpg\" alt=\"Tasche\" width=\"603\" height=\"339\" srcset=\"https:\/\/der-rote-faden.de\/wordpress\/wp-content\/uploads\/2017\/12\/20171115_093110-1024x576.jpg 1024w, https:\/\/der-rote-faden.de\/wordpress\/wp-content\/uploads\/2017\/12\/20171115_093110-300x169.jpg 300w, https:\/\/der-rote-faden.de\/wordpress\/wp-content\/uploads\/2017\/12\/20171115_093110-768x432.jpg 768w, https:\/\/der-rote-faden.de\/wordpress\/wp-content\/uploads\/2017\/12\/20171115_093110-830x467.jpg 830w, https:\/\/der-rote-faden.de\/wordpress\/wp-content\/uploads\/2017\/12\/20171115_093110-230x129.jpg 230w, https:\/\/der-rote-faden.de\/wordpress\/wp-content\/uploads\/2017\/12\/20171115_093110-350x197.jpg 350w, https:\/\/der-rote-faden.de\/wordpress\/wp-content\/uploads\/2017\/12\/20171115_093110-480x270.jpg 480w\" sizes=\"auto, (max-width: 603px) 100vw, 603px\" \/><\/p>\n<p>Das Oberteil der Tasche wird aus dem Oberstoff zugeschnitten, nur die Taschen selber aus dem pinkfarbenen Sweatstoff.<\/p>\n<h2>Verarbeitung<\/h2>\n<p><img loading=\"lazy\" decoding=\"async\" class=\"alignnone wp-image-1978\" src=\"https:\/\/der-rote-faden.de\/wordpress\/wp-content\/uploads\/2017\/12\/20171115_113413-1024x576.jpg\" alt=\"Oberteil n\u00e4hen\" width=\"604\" height=\"340\" srcset=\"https:\/\/der-rote-faden.de\/wordpress\/wp-content\/uploads\/2017\/12\/20171115_113413-1024x576.jpg 1024w, https:\/\/der-rote-faden.de\/wordpress\/wp-content\/uploads\/2017\/12\/20171115_113413-300x169.jpg 300w, https:\/\/der-rote-faden.de\/wordpress\/wp-content\/uploads\/2017\/12\/20171115_113413-768x432.jpg 768w, https:\/\/der-rote-faden.de\/wordpress\/wp-content\/uploads\/2017\/12\/20171115_113413-830x467.jpg 830w, https:\/\/der-rote-faden.de\/wordpress\/wp-content\/uploads\/2017\/12\/20171115_113413-230x129.jpg 230w, https:\/\/der-rote-faden.de\/wordpress\/wp-content\/uploads\/2017\/12\/20171115_113413-350x197.jpg 350w, https:\/\/der-rote-faden.de\/wordpress\/wp-content\/uploads\/2017\/12\/20171115_113413-480x270.jpg 480w\" sizes=\"auto, (max-width: 604px) 100vw, 604px\" \/><\/p>\n<p>Schultern\u00e4hte schlie\u00dfen und \u00c4rmel im Armloch einsetzen. Dann die Seitenn\u00e4hte von \u00c4rmel und Oberteilen seitlich in einem Zug schlie\u00dfen.<\/p>\n<p>B\u00fcndchen Taille 6 cm x 61 cm zuz\u00fcgl. Nahtzugabe.<\/p>\n<p>Dieser Streifen in der Taille, mit etwas Nahtzugabe gen\u00e4ht, ist \u00fcbrigens eine ausgezeichnete M\u00f6glichkeit, das Kleidchen zu verl\u00e4ngern, wenn das Kind w\u00e4chst.<\/p>\n<p><img loading=\"lazy\" decoding=\"async\" class=\"alignnone wp-image-1977\" src=\"https:\/\/der-rote-faden.de\/wordpress\/wp-content\/uploads\/2017\/12\/20171115_114818-1024x576.jpg\" alt=\"Streifen Taille\" width=\"604\" height=\"340\" srcset=\"https:\/\/der-rote-faden.de\/wordpress\/wp-content\/uploads\/2017\/12\/20171115_114818-1024x576.jpg 1024w, https:\/\/der-rote-faden.de\/wordpress\/wp-content\/uploads\/2017\/12\/20171115_114818-300x169.jpg 300w, https:\/\/der-rote-faden.de\/wordpress\/wp-content\/uploads\/2017\/12\/20171115_114818-768x432.jpg 768w, https:\/\/der-rote-faden.de\/wordpress\/wp-content\/uploads\/2017\/12\/20171115_114818-830x467.jpg 830w, https:\/\/der-rote-faden.de\/wordpress\/wp-content\/uploads\/2017\/12\/20171115_114818-230x129.jpg 230w, https:\/\/der-rote-faden.de\/wordpress\/wp-content\/uploads\/2017\/12\/20171115_114818-350x197.jpg 350w, https:\/\/der-rote-faden.de\/wordpress\/wp-content\/uploads\/2017\/12\/20171115_114818-480x270.jpg 480w\" sizes=\"auto, (max-width: 604px) 100vw, 604px\" \/><\/p>\n<p>Der Kragen soll 24 cm hoch werden, auf der Vorderseite den bunten Stoff aufweisen und auf der R\u00fcckseite mit der angerauten Seite des Bio-Baumwoll-Sweatstoffes am Hals eingesetzt werden. Die L\u00e4nge entspricht der L\u00e4nge des Halsausschnittes: 42 cm zuz\u00fcgl. 2 x 6 cm, die der Missy-Kragen \u00fcbereinandergeschlagen wird.<\/p>\n<p><img loading=\"lazy\" decoding=\"async\" class=\"alignnone wp-image-1981\" src=\"https:\/\/der-rote-faden.de\/wordpress\/wp-content\/uploads\/2017\/12\/20171115_110351-1024x576.jpg\" alt=\"Kragen\" width=\"599\" height=\"337\" srcset=\"https:\/\/der-rote-faden.de\/wordpress\/wp-content\/uploads\/2017\/12\/20171115_110351-1024x576.jpg 1024w, https:\/\/der-rote-faden.de\/wordpress\/wp-content\/uploads\/2017\/12\/20171115_110351-300x169.jpg 300w, https:\/\/der-rote-faden.de\/wordpress\/wp-content\/uploads\/2017\/12\/20171115_110351-768x432.jpg 768w, https:\/\/der-rote-faden.de\/wordpress\/wp-content\/uploads\/2017\/12\/20171115_110351-830x467.jpg 830w, https:\/\/der-rote-faden.de\/wordpress\/wp-content\/uploads\/2017\/12\/20171115_110351-230x129.jpg 230w, https:\/\/der-rote-faden.de\/wordpress\/wp-content\/uploads\/2017\/12\/20171115_110351-350x197.jpg 350w, https:\/\/der-rote-faden.de\/wordpress\/wp-content\/uploads\/2017\/12\/20171115_110351-480x270.jpg 480w\" sizes=\"auto, (max-width: 599px) 100vw, 599px\" \/><\/p>\n<p>Kragen: 54 x 24 cm (+ Nahtzugabe)<\/p>\n<p>Den pinkfarbenen Kragenbeleg k\u00f6nnt ihr 3 cm h\u00f6her schneiden als den Kragen selber, er steht dann sch\u00f6n oben als Farbtupfer \u00fcber, ohne dass man einen starren Kragen durch eine Paspel f\u00fcr diesen Effekt n\u00e4hen m\u00fcsste.<\/p>\n<p>Den Kragen runde ich unten ca 16 x 16 cm aus um die Oberkante am Ende nach unten in die Nahtzugabe zu ziehen.<\/p>\n<p>Den Tascheneinsatz k\u00f6nnt ihr wieder gleich doppelt zuschneiden und verst\u00fcrzen, das spart eine extra Taschenverarbeitung auf jeder Seite.<\/p>\n<p><img loading=\"lazy\" decoding=\"async\" class=\"alignnone wp-image-1980\" src=\"https:\/\/der-rote-faden.de\/wordpress\/wp-content\/uploads\/2017\/12\/20171115_115236-1024x576.jpg\" alt=\"Tasche2\" width=\"601\" height=\"338\" srcset=\"https:\/\/der-rote-faden.de\/wordpress\/wp-content\/uploads\/2017\/12\/20171115_115236-1024x576.jpg 1024w, https:\/\/der-rote-faden.de\/wordpress\/wp-content\/uploads\/2017\/12\/20171115_115236-300x169.jpg 300w, https:\/\/der-rote-faden.de\/wordpress\/wp-content\/uploads\/2017\/12\/20171115_115236-768x432.jpg 768w, https:\/\/der-rote-faden.de\/wordpress\/wp-content\/uploads\/2017\/12\/20171115_115236-830x467.jpg 830w, https:\/\/der-rote-faden.de\/wordpress\/wp-content\/uploads\/2017\/12\/20171115_115236-230x129.jpg 230w, https:\/\/der-rote-faden.de\/wordpress\/wp-content\/uploads\/2017\/12\/20171115_115236-350x197.jpg 350w, https:\/\/der-rote-faden.de\/wordpress\/wp-content\/uploads\/2017\/12\/20171115_115236-480x270.jpg 480w\" sizes=\"auto, (max-width: 601px) 100vw, 601px\" \/><\/p>\n<p>F\u00fcr das R\u00fcckenteil wird das gleiche Teil nochmals zugeschnitten, aber ohne die Rundung der Taschenaussparung wegzulassen (wieder am Schnitt hochklappen).<\/p>\n<p><img loading=\"lazy\" decoding=\"async\" class=\"alignnone wp-image-1982\" src=\"https:\/\/der-rote-faden.de\/wordpress\/wp-content\/uploads\/2017\/12\/20171115_115411-1024x576.jpg\" alt=\"zusammensetzen\" width=\"600\" height=\"338\" srcset=\"https:\/\/der-rote-faden.de\/wordpress\/wp-content\/uploads\/2017\/12\/20171115_115411-1024x576.jpg 1024w, https:\/\/der-rote-faden.de\/wordpress\/wp-content\/uploads\/2017\/12\/20171115_115411-300x169.jpg 300w, https:\/\/der-rote-faden.de\/wordpress\/wp-content\/uploads\/2017\/12\/20171115_115411-768x432.jpg 768w, https:\/\/der-rote-faden.de\/wordpress\/wp-content\/uploads\/2017\/12\/20171115_115411-830x467.jpg 830w, https:\/\/der-rote-faden.de\/wordpress\/wp-content\/uploads\/2017\/12\/20171115_115411-230x129.jpg 230w, https:\/\/der-rote-faden.de\/wordpress\/wp-content\/uploads\/2017\/12\/20171115_115411-350x197.jpg 350w, https:\/\/der-rote-faden.de\/wordpress\/wp-content\/uploads\/2017\/12\/20171115_115411-480x270.jpg 480w\" sizes=\"auto, (max-width: 600px) 100vw, 600px\" \/><\/p>\n<p>Bund unten:<\/p>\n<p>9 x 56 cm, gedoppelt und mit Nahtzugabe ist das: 20 x 58 cm<\/p>\n<p>\u00c4rmelb\u00fcndchen:<\/p>\n<p>12 x 12 cm + Nahtzugabe<\/p>\n<h2><img loading=\"lazy\" decoding=\"async\" class=\"alignnone wp-image-1983\" src=\"https:\/\/der-rote-faden.de\/wordpress\/wp-content\/uploads\/2017\/12\/20171116_015113-649x1024.jpg\" alt=\"fertigstellen\" width=\"612\" height=\"965\" srcset=\"https:\/\/der-rote-faden.de\/wordpress\/wp-content\/uploads\/2017\/12\/20171116_015113-649x1024.jpg 649w, https:\/\/der-rote-faden.de\/wordpress\/wp-content\/uploads\/2017\/12\/20171116_015113-190x300.jpg 190w, https:\/\/der-rote-faden.de\/wordpress\/wp-content\/uploads\/2017\/12\/20171116_015113-768x1212.jpg 768w, https:\/\/der-rote-faden.de\/wordpress\/wp-content\/uploads\/2017\/12\/20171116_015113-830x1310.jpg 830w, https:\/\/der-rote-faden.de\/wordpress\/wp-content\/uploads\/2017\/12\/20171116_015113-230x363.jpg 230w, https:\/\/der-rote-faden.de\/wordpress\/wp-content\/uploads\/2017\/12\/20171116_015113-350x552.jpg 350w, https:\/\/der-rote-faden.de\/wordpress\/wp-content\/uploads\/2017\/12\/20171116_015113-480x757.jpg 480w, https:\/\/der-rote-faden.de\/wordpress\/wp-content\/uploads\/2017\/12\/20171116_015113.jpg 1521w\" sizes=\"auto, (max-width: 612px) 100vw, 612px\" \/><\/h2>\n<p>Wenn dir dieser Beitrag gef\u00e4llt, kannst du gern hier unten einen Kommentar hinterlassen oder uns liken bzw. folgen:<\/p>\n<p><a href=\"https:\/\/www.facebook.com\/pg\/DerRoteFadenAachenStoffe\/posts\/?ref=page_internal\" target=\"_blank\" rel=\"noopener\"><img loading=\"lazy\" decoding=\"async\" class=\"alignnone wp-image-1849 size-thumbnail\" src=\"https:\/\/der-rote-faden.de\/wordpress\/wp-content\/uploads\/2017\/10\/facebook-150x150.jpg\" sizes=\"auto, (max-width: 150px) 100vw, 150px\" srcset=\"https:\/\/der-rote-faden.de\/wordpress\/wp-content\/uploads\/2017\/10\/facebook-150x150.jpg 150w, https:\/\/der-rote-faden.de\/wordpress\/wp-content\/uploads\/2017\/10\/facebook.jpg 204w\" alt=\"facebook\" width=\"150\" height=\"150\" \/><\/a><a href=\"https:\/\/twitter.com\/mia22065\" target=\"_blank\" rel=\"noopener\"><img loading=\"lazy\" decoding=\"async\" class=\"alignnone wp-image-1845\" src=\"https:\/\/der-rote-faden.de\/wordpress\/wp-content\/uploads\/2017\/10\/twttr-150x150.jpg\" sizes=\"auto, (max-width: 137px) 100vw, 137px\" srcset=\"https:\/\/der-rote-faden.de\/wordpress\/wp-content\/uploads\/2017\/10\/twttr-150x150.jpg 150w, https:\/\/der-rote-faden.de\/wordpress\/wp-content\/uploads\/2017\/10\/twttr.jpg 225w\" alt=\"twitter\" width=\"137\" height=\"137\" \/><\/a><a href=\"https:\/\/www.instagram.com\/der.rote.faden\/\" target=\"_blank\" rel=\"noopener\"><img loading=\"lazy\" decoding=\"async\" class=\"alignnone wp-image-1848 size-thumbnail\" src=\"https:\/\/der-rote-faden.de\/wordpress\/wp-content\/uploads\/2017\/10\/instgrm-150x150.jpg\" sizes=\"auto, (max-width: 150px) 100vw, 150px\" srcset=\"https:\/\/der-rote-faden.de\/wordpress\/wp-content\/uploads\/2017\/10\/instgrm-150x150.jpg 150w, https:\/\/der-rote-faden.de\/wordpress\/wp-content\/uploads\/2017\/10\/instgrm.jpg 225w\" alt=\"instagram\" width=\"150\" height=\"150\" \/><\/a><a href=\"https:\/\/www.pinterest.de\/schellwetzig\/n%C3%A4hen-einfach-mit-kostenlosen-schnittmustern\/\" target=\"_blank\" rel=\"noopener\"><img loading=\"lazy\" decoding=\"async\" class=\"alignnone wp-image-1846 size-thumbnail\" src=\"https:\/\/der-rote-faden.de\/wordpress\/wp-content\/uploads\/2017\/10\/pint-150x150.png\" sizes=\"auto, (max-width: 150px) 100vw, 150px\" srcset=\"https:\/\/der-rote-faden.de\/wordpress\/wp-content\/uploads\/2017\/10\/pint-150x150.png 150w, https:\/\/der-rote-faden.de\/wordpress\/wp-content\/uploads\/2017\/10\/pint.png 225w\" alt=\"pinterest\" width=\"150\" height=\"150\" \/><\/a><\/p>\n<p>verlinkt in:<\/p>\n<p><a href=\"http:\/\/handmadeontuesday.blogspot.de\/\" target=\"_blank\" rel=\"noopener\">HOT handmade on tuesday<\/a><\/p>\n<p><a href=\"http:\/\/dienstagsdinge.blogspot.de\/\" target=\"_blank\" rel=\"noopener\">dienstagsdinge<\/a><\/p>\n<p><a href=\"http:\/\/made4girls-linksammlung.blogspot.de\/\" target=\"_blank\" rel=\"noopener\">made4girls<\/a><\/p>\n<p><a href=\"http:\/\/www.lunaju.de\/search\/label\/Kiddikram\" target=\"_blank\" rel=\"noopener\">kiddikram<\/a><\/p>\n<p><a href=\"http:\/\/www.naehfrosch.de\/2014\/01\/kostenlose-schnittmuster-linkparty\/\" target=\"_blank\" rel=\"noopener\">n\u00e4hfrosch<\/a><\/p>\n","protected":false},"excerpt":{"rendered":"<p>KinderTunika mit Tulpen-\/Kelch-Kragen Stoffverbrauch 0,70 m bunter French Terry \/Sweat-\/ Joggingstoff oder Jersey, hier aus dem Online-Shop von Der rote Faden 0,40 m einfarbiger French Terry \/Sweat-\/ Joggingstoff oder Jersey, hier Bio-Baumwoll-Sweat Schnittanpassung ihr k\u00f6nnt die Schnittentwicklung von der KinderTunika nehmen, der Kragen wird abge\u00e4ndert, ebenso habe ich hier eine optische Taille eingearbeitet, in der auch die Kordel verl\u00e4uft. Die Taschen k\u00f6nnt ihr ebenso verkleinern, es sieht besser aus zu dieser Gestaltung finde ich. Beim Auflegen des Stoffes passt bitte auf das Muster auf und legt den Stoff so, dass keine Figurine plakativ mittig auf dem Kopf steht. Deshalb habe [&hellip;]<\/p>\n","protected":false},"author":2,"featured_media":0,"comment_status":"open","ping_status":"closed","sticky":false,"template":"","format":"standard","meta":{"footnotes":""},"categories":[1,71,68,61,11],"tags":[147,148,146,145,144],"class_list":["post-1921","post","type-post","status-publish","format-standard","hentry","category-beitraege","category-naehanleitungen","category-naehen-fuer-kinder","category-schnitterstellung-kinder","category-modestoffe_schnitterstellung","tag-pulli","tag-schnitterstellung-verarbeitung-tulpenkragen-kelchkragen","tag-sweatshirt","tag-verarbeitung-einstecktaschen-bei-kinder-tunika","tag-verarbeitung-missy-kragen"],"_links":{"self":[{"href":"https:\/\/der-rote-faden.de\/wordpress\/wp-json\/wp\/v2\/posts\/1921","targetHints":{"allow":["GET"]}}],"collection":[{"href":"https:\/\/der-rote-faden.de\/wordpress\/wp-json\/wp\/v2\/posts"}],"about":[{"href":"https:\/\/der-rote-faden.de\/wordpress\/wp-json\/wp\/v2\/types\/post"}],"author":[{"embeddable":true,"href":"https:\/\/der-rote-faden.de\/wordpress\/wp-json\/wp\/v2\/users\/2"}],"replies":[{"embeddable":true,"href":"https:\/\/der-rote-faden.de\/wordpress\/wp-json\/wp\/v2\/comments?post=1921"}],"version-history":[{"count":5,"href":"https:\/\/der-rote-faden.de\/wordpress\/wp-json\/wp\/v2\/posts\/1921\/revisions"}],"predecessor-version":[{"id":3970,"href":"https:\/\/der-rote-faden.de\/wordpress\/wp-json\/wp\/v2\/posts\/1921\/revisions\/3970"}],"wp:attachment":[{"href":"https:\/\/der-rote-faden.de\/wordpress\/wp-json\/wp\/v2\/media?parent=1921"}],"wp:term":[{"taxonomy":"category","embeddable":true,"href":"https:\/\/der-rote-faden.de\/wordpress\/wp-json\/wp\/v2\/categories?post=1921"},{"taxonomy":"post_tag","embeddable":true,"href":"https:\/\/der-rote-faden.de\/wordpress\/wp-json\/wp\/v2\/tags?post=1921"}],"curies":[{"name":"wp","href":"https:\/\/api.w.org\/{rel}","templated":true}]}}