{"id":2080,"date":"2018-03-27T10:44:08","date_gmt":"2018-03-27T08:44:08","guid":{"rendered":"https:\/\/der-rote-faden.de\/wordpress\/?p=2080"},"modified":"2023-12-04T08:37:10","modified_gmt":"2023-12-04T07:37:10","slug":"haengerchen-kleid","status":"publish","type":"post","link":"https:\/\/der-rote-faden.de\/wordpress\/haengerchen-kleid\/","title":{"rendered":"H\u00e4ngerchen Kleid"},"content":{"rendered":"<h1><img loading=\"lazy\" decoding=\"async\" class=\"aligncenter wp-image-2097\" src=\"https:\/\/der-rote-faden.de\/wordpress\/wp-content\/uploads\/2018\/03\/mila-ballonkleid2-990x1024.jpg\" alt=\"\" width=\"618\" height=\"639\" srcset=\"https:\/\/der-rote-faden.de\/wordpress\/wp-content\/uploads\/2018\/03\/mila-ballonkleid2-990x1024.jpg 990w, https:\/\/der-rote-faden.de\/wordpress\/wp-content\/uploads\/2018\/03\/mila-ballonkleid2-290x300.jpg 290w, https:\/\/der-rote-faden.de\/wordpress\/wp-content\/uploads\/2018\/03\/mila-ballonkleid2-768x794.jpg 768w, https:\/\/der-rote-faden.de\/wordpress\/wp-content\/uploads\/2018\/03\/mila-ballonkleid2-830x858.jpg 830w, https:\/\/der-rote-faden.de\/wordpress\/wp-content\/uploads\/2018\/03\/mila-ballonkleid2-230x238.jpg 230w, https:\/\/der-rote-faden.de\/wordpress\/wp-content\/uploads\/2018\/03\/mila-ballonkleid2-350x362.jpg 350w, https:\/\/der-rote-faden.de\/wordpress\/wp-content\/uploads\/2018\/03\/mila-ballonkleid2-480x496.jpg 480w\" sizes=\"auto, (max-width: 618px) 100vw, 618px\" \/><\/h1>\n<h1>H\u00e4ngerchen \/\u00e4rmelloses Kleid f\u00fcr Unterzieh-Shirts<\/h1>\n<p>Ein H\u00e4ngerchen ist ein sehr praktisches Kleid. Es wird im Winter und in der \u00dcbergangszeit getragen und kann mit dicken oder d\u00fcnnen T-Shirts oder leichten Pullovern darunter immer wieder neu kombiniert\u00a0 und der Temperatur angepasst werden. Zudem muss es nicht so oft wie das Shirt darunter gewaschen werden (je nach Gr\u00f6\u00dfe des Kindes), der Stoff wird also l\u00e4nger geschont.<\/p>\n<h2>Stoffverbrauch<\/h2>\n<p>50 cm Sweatstoff, hier <a href=\"https:\/\/der-rote-faden.de\/de\/Stoffe-fuer-Kinder\/\" target=\"_blank\" rel=\"noopener\">Bio-Baumwoll-Sweat<\/a>, aus nachhaltigem, kontrolliert biologischen Anbau; auch Jersey oder Webware m\u00f6glich<\/p>\n<p>30 cm passender Jersey zum Doublieren des Oberteils oder f\u00fcr R\u00fcschen und Biesen, hier <a href=\"https:\/\/der-rote-faden.de\/de\/Standardstoffe\/Jersey-Bw-schwer\/\" target=\"_blank\" rel=\"noopener\">Bio-Baumwoll-Jersey<\/a><\/p>\n<p><strong>Ma\u00dfe Kind (3-4 Jahre) in cm, Gr.92<\/strong><br \/>\nBauch 55<br \/>\nKopf 51<br \/>\nKleidl\u00e4nge 55<br \/>\n\u00c4rmelL 33<br \/>\n\u00c4-Breite 14\/27<\/p>\n<p><strong>Ma\u00dfe Kleid in cm<\/strong><br \/>\nBauch 58<br \/>\nKopf 51<br \/>\nKleidl\u00e4nge 55<br \/>\n\u00c4rmelL 33<br \/>\n\u00c4-Breite 14\/27<\/p>\n<p>Schulter 4<\/p>\n<p><img loading=\"lazy\" decoding=\"async\" class=\"aligncenter wp-image-2088\" src=\"https:\/\/der-rote-faden.de\/wordpress\/wp-content\/uploads\/2018\/03\/sweatkleid-schnitt-1024x576.jpg\" alt=\"sweatkleid-schnitt\" width=\"604\" height=\"340\" srcset=\"https:\/\/der-rote-faden.de\/wordpress\/wp-content\/uploads\/2018\/03\/sweatkleid-schnitt-1024x576.jpg 1024w, https:\/\/der-rote-faden.de\/wordpress\/wp-content\/uploads\/2018\/03\/sweatkleid-schnitt-300x169.jpg 300w, https:\/\/der-rote-faden.de\/wordpress\/wp-content\/uploads\/2018\/03\/sweatkleid-schnitt-768x432.jpg 768w, https:\/\/der-rote-faden.de\/wordpress\/wp-content\/uploads\/2018\/03\/sweatkleid-schnitt-830x467.jpg 830w, https:\/\/der-rote-faden.de\/wordpress\/wp-content\/uploads\/2018\/03\/sweatkleid-schnitt-230x129.jpg 230w, https:\/\/der-rote-faden.de\/wordpress\/wp-content\/uploads\/2018\/03\/sweatkleid-schnitt-350x197.jpg 350w, https:\/\/der-rote-faden.de\/wordpress\/wp-content\/uploads\/2018\/03\/sweatkleid-schnitt-480x270.jpg 480w\" sizes=\"auto, (max-width: 604px) 100vw, 604px\" \/><\/p>\n<h2>Oberteil<\/h2>\n<p>Im Beitrag <a href=\"https:\/\/der-rote-faden.de\/wordpress\/kleinkind-kleid\/\" target=\"_blank\" rel=\"noopener\">Kleinkind-Kleid<\/a> habe ich erkl\u00e4rt, wie man einen Grundschnitt f\u00fcr ein Kinder-Oberteil entsprechend den Ma\u00dfen des Kindes konstruiert.<\/p>\n<p>Die Erweiterung f\u00fcr einen gr\u00f6\u00dferen Schnitt findet ihr z.B. beim <a href=\"https:\/\/der-rote-faden.de\/wordpress\/fleecepullisnoopygr104\/\" target=\"_blank\" rel=\"noopener\">Fleece-Pulli Snoopy<\/a>.<\/p>\n<p>Von der Gr\u00f6\u00dfe her nehme ich f\u00fcr dieses Kleid den Schnitt des <a href=\"https:\/\/der-rote-faden.de\/wordpress\/strickpulli-kleidjerseytasche\/\" target=\"_blank\" rel=\"noopener\">Waffelstrick-Pullovers.<\/a>\u00a0 Ich falte den Schnitt 2 cm unterhalb des \u00c4rmels ab, das Oberteil ist damit<\/p>\n<p>18 cm lang (ab Schulter-Halsspitze) und<\/p>\n<p>16 cm breit<\/p>\n<p>und nehme auch den tiefen Halsausschnitt dieses Schnittes. So ben\u00f6tigt man keine Kn\u00f6pfe und das T-Shirt darunter ist auch kontrastreich und gut zu sehen. Pr\u00fcfen, ob der Halsausschnitt weit genug f\u00fcr den Kopfumfang ist, hier mindestens 51 cm. Bei einem dehnbaren Stoff reichen 44 cm, wenn sie sich gut auf die 51 cm dehnen lassen.<\/p>\n<p>Das Oberteil kann wahlweise gedoppelt werden, etwa mit dem gleichen Stoff, oder, wenn es wie hier ein dickerer Sweatstoff ist, mit einem Jersey. Damit w\u00e4ren Hals- und \u00c4rmelausschnitt sch\u00f6n vers\u00e4ubert. Ich erstelle hier einen Fl\u00fcgel\u00e4rmel, indem ich\u00a0 eine 4 cm breite Blende an den Armausschnitt anbringe, die doppelt genommen wird. Damit vers\u00e4ubere ich auch gleich den Armausschnitt.<\/p>\n<p>Die Blende erstelle ich etwas l\u00e4nger als den Armausschnitt, damit sie absteht und nicht &#8222;implodiert&#8220;.<\/p>\n<p>F\u00fcr die \u00c4rmelblende schneide ich je 2 Streifen \u00e0<\/p>\n<p>9 x 42 cm.<\/p>\n<p>Im unteren Teil flache ich den Streifen auf jeder Seite um 2 cm ab, damit es im Armloch nicht zu wuchtig ist.<\/p>\n<p>Die Streifen schlie\u00dfe ich unten zum Ring und lege sie doppelt. Ich raffe sie auf die Armlochweite von 32 cm. So werden sie in das Armloch rechts auf rechts aufgesteppt. Wenn der Blendenstreifen noch 5-6 cm l\u00e4nger gew\u00e4hlt wird, kann er oben etwas gerafft werden, das sieht auch h\u00fcbsch aus.<\/p>\n<p><img loading=\"lazy\" decoding=\"async\" class=\"aligncenter wp-image-2089\" src=\"https:\/\/der-rote-faden.de\/wordpress\/wp-content\/uploads\/2018\/03\/36104-28blende.jpg\" alt=\"blende\" width=\"600\" height=\"723\" srcset=\"https:\/\/der-rote-faden.de\/wordpress\/wp-content\/uploads\/2018\/03\/36104-28blende.jpg 743w, https:\/\/der-rote-faden.de\/wordpress\/wp-content\/uploads\/2018\/03\/36104-28blende-249x300.jpg 249w, https:\/\/der-rote-faden.de\/wordpress\/wp-content\/uploads\/2018\/03\/36104-28blende-230x277.jpg 230w, https:\/\/der-rote-faden.de\/wordpress\/wp-content\/uploads\/2018\/03\/36104-28blende-350x422.jpg 350w, https:\/\/der-rote-faden.de\/wordpress\/wp-content\/uploads\/2018\/03\/36104-28blende-480x579.jpg 480w\" sizes=\"auto, (max-width: 600px) 100vw, 600px\" \/><\/p>\n<p>Der Halsausschnitt kann mit einer Blende oder Schr\u00e4gband aus d\u00fcnnerem Jersey oder einem <a href=\"https:\/\/der-rote-faden.de\/de\/Baender\/bunte-elastische-falz-und-gummibaender\/\" target=\"_blank\" rel=\"noopener\">Falzband <\/a>eingefasst werden.<\/p>\n<p>53 x 4 cm Schr\u00e4gstreifen in Jersey zuschneiden und den Halsausschnitt einfassen. Ein Beleg, der in Form des Ausschnittes zugeschnitten und nach innen geklappt wird, ist ebenfalls m\u00f6glich. Ich habe das Schr\u00e4gband mit einer Zwillingsnadel aufgesteppt, damit die Naht sch\u00f6n elastisch bleibt.<\/p>\n<p><img loading=\"lazy\" decoding=\"async\" class=\"aligncenter wp-image-2090\" src=\"https:\/\/der-rote-faden.de\/wordpress\/wp-content\/uploads\/2018\/03\/20180323_124236-1024x576.jpg\" alt=\"schr\u00e4gstreifen\" width=\"592\" height=\"333\" srcset=\"https:\/\/der-rote-faden.de\/wordpress\/wp-content\/uploads\/2018\/03\/20180323_124236-1024x576.jpg 1024w, https:\/\/der-rote-faden.de\/wordpress\/wp-content\/uploads\/2018\/03\/20180323_124236-300x169.jpg 300w, https:\/\/der-rote-faden.de\/wordpress\/wp-content\/uploads\/2018\/03\/20180323_124236-768x432.jpg 768w, https:\/\/der-rote-faden.de\/wordpress\/wp-content\/uploads\/2018\/03\/20180323_124236-830x467.jpg 830w, https:\/\/der-rote-faden.de\/wordpress\/wp-content\/uploads\/2018\/03\/20180323_124236-230x129.jpg 230w, https:\/\/der-rote-faden.de\/wordpress\/wp-content\/uploads\/2018\/03\/20180323_124236-350x197.jpg 350w, https:\/\/der-rote-faden.de\/wordpress\/wp-content\/uploads\/2018\/03\/20180323_124236-480x270.jpg 480w\" sizes=\"auto, (max-width: 592px) 100vw, 592px\" \/><\/p>\n<p>Zwischen Ober- und Unterteil n\u00e4he ich noch eine Biese aus dem farblich abgestimmten Jersey in altrosa.<\/p>\n<p>Die Biese wird 4 cm breit zugeschnitten, damit sie bei der Raffung ordentlich gefasst werden kann und auf jeder Seite 2 cm umgeb\u00fcgelt, dann zusammengeklappt.<\/p>\n<p><img loading=\"lazy\" decoding=\"async\" class=\"aligncenter wp-image-2091\" src=\"https:\/\/der-rote-faden.de\/wordpress\/wp-content\/uploads\/2018\/03\/20180323_125413-1024x576.jpg\" alt=\"schr\u00e4gstreifen2\" width=\"600\" height=\"338\" srcset=\"https:\/\/der-rote-faden.de\/wordpress\/wp-content\/uploads\/2018\/03\/20180323_125413-1024x576.jpg 1024w, https:\/\/der-rote-faden.de\/wordpress\/wp-content\/uploads\/2018\/03\/20180323_125413-300x169.jpg 300w, https:\/\/der-rote-faden.de\/wordpress\/wp-content\/uploads\/2018\/03\/20180323_125413-768x432.jpg 768w, https:\/\/der-rote-faden.de\/wordpress\/wp-content\/uploads\/2018\/03\/20180323_125413-830x467.jpg 830w, https:\/\/der-rote-faden.de\/wordpress\/wp-content\/uploads\/2018\/03\/20180323_125413-230x129.jpg 230w, https:\/\/der-rote-faden.de\/wordpress\/wp-content\/uploads\/2018\/03\/20180323_125413-350x197.jpg 350w, https:\/\/der-rote-faden.de\/wordpress\/wp-content\/uploads\/2018\/03\/20180323_125413-480x270.jpg 480w\" sizes=\"auto, (max-width: 600px) 100vw, 600px\" \/><\/p>\n<p>Sie wird beim Aufsteppen auf den Halsausschnitt leicht gedehnt und anschlie\u00dfend gut flach ged\u00e4mpft, damit sie sich sch\u00f6n in die Rundung legt und nicht am Hals absteht. Ggf. kann auch der Halsausschnitt etwas eingehalten werden, bevor das Schr\u00e4gband aufgesteppt wird. Das Schr\u00e4gband mit einer Zwillingsnadel aufsteppen, so bleibt die Naht sch\u00f6n elastisch. Achtung: wenn der Jersey f\u00fcr das Schr\u00e4gband zu dick ist kann er nicht mehr sauber auf den dicken Sweatstoff am Halsausschnitt aufgesteppt werden, es kommt zu Fehlstichen. Deshalb ist <a href=\"https:\/\/der-rote-faden.de\/de\/Baender\/Standardbaender-elastisch\/\" target=\"_blank\" rel=\"noopener\">Elastic Einfassband\/Falzgummiband<\/a> sehr empfehlenswert. Ich hatte es gerade nicht zur Hand \ud83d\ude09<\/p>\n<p><img loading=\"lazy\" decoding=\"async\" class=\"aligncenter wp-image-2092\" src=\"https:\/\/der-rote-faden.de\/wordpress\/wp-content\/uploads\/2018\/03\/20180323_142357-1024x576.jpg\" alt=\"schr\u00e4gstreifen3\" width=\"598\" height=\"337\" srcset=\"https:\/\/der-rote-faden.de\/wordpress\/wp-content\/uploads\/2018\/03\/20180323_142357-1024x576.jpg 1024w, https:\/\/der-rote-faden.de\/wordpress\/wp-content\/uploads\/2018\/03\/20180323_142357-300x169.jpg 300w, https:\/\/der-rote-faden.de\/wordpress\/wp-content\/uploads\/2018\/03\/20180323_142357-768x432.jpg 768w, https:\/\/der-rote-faden.de\/wordpress\/wp-content\/uploads\/2018\/03\/20180323_142357-830x467.jpg 830w, https:\/\/der-rote-faden.de\/wordpress\/wp-content\/uploads\/2018\/03\/20180323_142357-230x129.jpg 230w, https:\/\/der-rote-faden.de\/wordpress\/wp-content\/uploads\/2018\/03\/20180323_142357-350x197.jpg 350w, https:\/\/der-rote-faden.de\/wordpress\/wp-content\/uploads\/2018\/03\/20180323_142357-480x270.jpg 480w\" sizes=\"auto, (max-width: 598px) 100vw, 598px\" \/><\/p>\n<h2><strong>Rockteil<\/strong><\/h2>\n<p>Das Rockteil besteht lediglich aus zwei Quadraten \u00e0 40 x 35 cm, d.h. der Kleidumfang ist 80 cm, die Rockl\u00e4nge 35 cm.<\/p>\n<p><img loading=\"lazy\" decoding=\"async\" class=\"aligncenter wp-image-2088\" src=\"https:\/\/der-rote-faden.de\/wordpress\/wp-content\/uploads\/2018\/03\/sweatkleid-schnitt-1024x576.jpg\" alt=\"sweatkleid-schnitt\" width=\"604\" height=\"340\" srcset=\"https:\/\/der-rote-faden.de\/wordpress\/wp-content\/uploads\/2018\/03\/sweatkleid-schnitt-1024x576.jpg 1024w, https:\/\/der-rote-faden.de\/wordpress\/wp-content\/uploads\/2018\/03\/sweatkleid-schnitt-300x169.jpg 300w, https:\/\/der-rote-faden.de\/wordpress\/wp-content\/uploads\/2018\/03\/sweatkleid-schnitt-768x432.jpg 768w, https:\/\/der-rote-faden.de\/wordpress\/wp-content\/uploads\/2018\/03\/sweatkleid-schnitt-830x467.jpg 830w, https:\/\/der-rote-faden.de\/wordpress\/wp-content\/uploads\/2018\/03\/sweatkleid-schnitt-230x129.jpg 230w, https:\/\/der-rote-faden.de\/wordpress\/wp-content\/uploads\/2018\/03\/sweatkleid-schnitt-350x197.jpg 350w, https:\/\/der-rote-faden.de\/wordpress\/wp-content\/uploads\/2018\/03\/sweatkleid-schnitt-480x270.jpg 480w\" sizes=\"auto, (max-width: 604px) 100vw, 604px\" \/><\/p>\n<p>Seitenteile und Schulter schlie\u00dfen.<\/p>\n<p>Das Rockteil mit gro\u00dfen Stichen heften und an das Oberteil heften um die Passform zu checken, bevor die Biese eingen\u00e4ht wird.<\/p>\n<p>Das Rockteil raffen, mit 1 cm Nahtzugabe. Biese zwischen Oberteil und Rockteil legen und durchsteppen.<\/p>\n<p><img loading=\"lazy\" decoding=\"async\" class=\"aligncenter wp-image-2087\" src=\"https:\/\/der-rote-faden.de\/wordpress\/wp-content\/uploads\/2018\/03\/36104-28q-842x1024.jpg\" alt=\"sweatkleid\" width=\"596\" height=\"725\" srcset=\"https:\/\/der-rote-faden.de\/wordpress\/wp-content\/uploads\/2018\/03\/36104-28q-842x1024.jpg 842w, https:\/\/der-rote-faden.de\/wordpress\/wp-content\/uploads\/2018\/03\/36104-28q-247x300.jpg 247w, https:\/\/der-rote-faden.de\/wordpress\/wp-content\/uploads\/2018\/03\/36104-28q-768x934.jpg 768w, https:\/\/der-rote-faden.de\/wordpress\/wp-content\/uploads\/2018\/03\/36104-28q-830x1009.jpg 830w, https:\/\/der-rote-faden.de\/wordpress\/wp-content\/uploads\/2018\/03\/36104-28q-230x280.jpg 230w, https:\/\/der-rote-faden.de\/wordpress\/wp-content\/uploads\/2018\/03\/36104-28q-350x426.jpg 350w, https:\/\/der-rote-faden.de\/wordpress\/wp-content\/uploads\/2018\/03\/36104-28q-480x584.jpg 480w, https:\/\/der-rote-faden.de\/wordpress\/wp-content\/uploads\/2018\/03\/36104-28q.jpg 987w\" sizes=\"auto, (max-width: 596px) 100vw, 596px\" \/><\/p>\n<p>Wenn euch dieser Beitrag gef\u00e4llt, k\u00f6nnt ihr gern hier unten einen Kommentar hinterlassen oder uns liken bzw. folgen:<\/p>\n<p><a href=\"https:\/\/www.facebook.com\/pg\/DerRoteFadenAachenStoffe\/posts\/?ref=page_internal\" target=\"_blank\" rel=\"noopener\"><img loading=\"lazy\" decoding=\"async\" class=\"alignnone wp-image-1849 size-thumbnail\" src=\"https:\/\/der-rote-faden.de\/wordpress\/wp-content\/uploads\/2017\/10\/facebook-150x150.jpg\" sizes=\"auto, (max-width: 150px) 100vw, 150px\" srcset=\"https:\/\/der-rote-faden.de\/wordpress\/wp-content\/uploads\/2017\/10\/facebook-150x150.jpg 150w, https:\/\/der-rote-faden.de\/wordpress\/wp-content\/uploads\/2017\/10\/facebook.jpg 204w\" alt=\"facebook\" width=\"150\" height=\"150\" \/><\/a><a href=\"https:\/\/twitter.com\/mia22065\" target=\"_blank\" rel=\"noopener\"><img loading=\"lazy\" decoding=\"async\" class=\"alignnone wp-image-1845\" src=\"https:\/\/der-rote-faden.de\/wordpress\/wp-content\/uploads\/2017\/10\/twttr-150x150.jpg\" sizes=\"auto, (max-width: 137px) 100vw, 137px\" srcset=\"https:\/\/der-rote-faden.de\/wordpress\/wp-content\/uploads\/2017\/10\/twttr-150x150.jpg 150w, https:\/\/der-rote-faden.de\/wordpress\/wp-content\/uploads\/2017\/10\/twttr.jpg 225w\" alt=\"twitter\" width=\"137\" height=\"137\" \/><\/a><a href=\"https:\/\/www.instagram.com\/der.rote.faden\/\" target=\"_blank\" rel=\"noopener\"><img loading=\"lazy\" decoding=\"async\" class=\"alignnone wp-image-1848 size-thumbnail\" src=\"https:\/\/der-rote-faden.de\/wordpress\/wp-content\/uploads\/2017\/10\/instgrm-150x150.jpg\" sizes=\"auto, (max-width: 150px) 100vw, 150px\" srcset=\"https:\/\/der-rote-faden.de\/wordpress\/wp-content\/uploads\/2017\/10\/instgrm-150x150.jpg 150w, https:\/\/der-rote-faden.de\/wordpress\/wp-content\/uploads\/2017\/10\/instgrm.jpg 225w\" alt=\"instagram\" width=\"150\" height=\"150\" \/><\/a><a href=\"https:\/\/www.pinterest.de\/schellwetzig\/n%C3%A4hen-einfach-mit-kostenlosen-schnittmustern\/\" target=\"_blank\" rel=\"noopener\"><img loading=\"lazy\" decoding=\"async\" class=\"alignnone wp-image-1846 size-thumbnail\" src=\"https:\/\/der-rote-faden.de\/wordpress\/wp-content\/uploads\/2017\/10\/pint-150x150.png\" sizes=\"auto, (max-width: 150px) 100vw, 150px\" srcset=\"https:\/\/der-rote-faden.de\/wordpress\/wp-content\/uploads\/2017\/10\/pint-150x150.png 150w, https:\/\/der-rote-faden.de\/wordpress\/wp-content\/uploads\/2017\/10\/pint.png 225w\" alt=\"pinterest\" width=\"150\" height=\"150\" \/><\/a><\/p>\n<p>verlinkt in:<\/p>\n<p><a href=\"http:\/\/handmadeontuesday.blogspot.de\/\" target=\"_blank\" rel=\"noopener\">HOT handmade on tuesday<\/a><\/p>\n<p><a href=\"http:\/\/dienstagsdinge.blogspot.de\/\" target=\"_blank\" rel=\"noopener\">dienstagsdinge<\/a><\/p>\n<p><a href=\"http:\/\/made4girls-linksammlung.blogspot.de\/\" target=\"_blank\" rel=\"noopener\">made4girls<\/a><\/p>\n<p><a href=\"http:\/\/www.lunaju.de\/search\/label\/Kiddikram\" target=\"_blank\" rel=\"noopener\">kiddikram<\/a><\/p>\n<p><a href=\"http:\/\/www.naehfrosch.de\/2014\/01\/kostenlose-schnittmuster-linkparty\/\" target=\"_blank\" rel=\"noopener\">n\u00e4hfrosch<\/a><\/p>\n<p><a href=\"http:\/\/www.keko-kreativ.de\/bio-linkparty-41\/\" target=\"_blank\" rel=\"noopener\">ich n\u00e4h Bio<\/a><\/p>\n<p><a href=\"http:\/\/selbermachen-macht-gluecklich.de\/category\/bio-stoff-linkparty\/\" target=\"_blank\" rel=\"noopener\">Biostoff-Linkparty<\/a><\/p>\n","protected":false},"excerpt":{"rendered":"<p>H\u00e4ngerchen \/\u00e4rmelloses Kleid f\u00fcr Unterzieh-Shirts Ein H\u00e4ngerchen ist ein sehr praktisches Kleid. Es wird im Winter und in der \u00dcbergangszeit getragen und kann mit dicken oder d\u00fcnnen T-Shirts oder leichten Pullovern darunter immer wieder neu kombiniert\u00a0 und der Temperatur angepasst werden. Zudem muss es nicht so oft wie das Shirt darunter gewaschen werden (je nach Gr\u00f6\u00dfe des Kindes), der Stoff wird also l\u00e4nger geschont. Stoffverbrauch 50 cm Sweatstoff, hier Bio-Baumwoll-Sweat, aus nachhaltigem, kontrolliert biologischen Anbau; auch Jersey oder Webware m\u00f6glich 30 cm passender Jersey zum Doublieren des Oberteils oder f\u00fcr R\u00fcschen und Biesen, hier Bio-Baumwoll-Jersey Ma\u00dfe Kind (3-4 Jahre) in [&hellip;]<\/p>\n","protected":false},"author":2,"featured_media":2097,"comment_status":"open","ping_status":"closed","sticky":false,"template":"","format":"standard","meta":{"footnotes":""},"categories":[1,71,68,61,11],"tags":[76,94,92,93],"class_list":["post-2080","post","type-post","status-publish","format-standard","has-post-thumbnail","hentry","category-beitraege","category-naehanleitungen","category-naehen-fuer-kinder","category-schnitterstellung-kinder","category-modestoffe_schnitterstellung","tag-anleitung-zur-schnittkonstruktion","tag-schnitt-kinderkleid","tag-schnitt-selber-machen","tag-schnittmuster-selber-konstruieren"],"_links":{"self":[{"href":"https:\/\/der-rote-faden.de\/wordpress\/wp-json\/wp\/v2\/posts\/2080","targetHints":{"allow":["GET"]}}],"collection":[{"href":"https:\/\/der-rote-faden.de\/wordpress\/wp-json\/wp\/v2\/posts"}],"about":[{"href":"https:\/\/der-rote-faden.de\/wordpress\/wp-json\/wp\/v2\/types\/post"}],"author":[{"embeddable":true,"href":"https:\/\/der-rote-faden.de\/wordpress\/wp-json\/wp\/v2\/users\/2"}],"replies":[{"embeddable":true,"href":"https:\/\/der-rote-faden.de\/wordpress\/wp-json\/wp\/v2\/comments?post=2080"}],"version-history":[{"count":15,"href":"https:\/\/der-rote-faden.de\/wordpress\/wp-json\/wp\/v2\/posts\/2080\/revisions"}],"predecessor-version":[{"id":3969,"href":"https:\/\/der-rote-faden.de\/wordpress\/wp-json\/wp\/v2\/posts\/2080\/revisions\/3969"}],"wp:featuredmedia":[{"embeddable":true,"href":"https:\/\/der-rote-faden.de\/wordpress\/wp-json\/wp\/v2\/media\/2097"}],"wp:attachment":[{"href":"https:\/\/der-rote-faden.de\/wordpress\/wp-json\/wp\/v2\/media?parent=2080"}],"wp:term":[{"taxonomy":"category","embeddable":true,"href":"https:\/\/der-rote-faden.de\/wordpress\/wp-json\/wp\/v2\/categories?post=2080"},{"taxonomy":"post_tag","embeddable":true,"href":"https:\/\/der-rote-faden.de\/wordpress\/wp-json\/wp\/v2\/tags?post=2080"}],"curies":[{"name":"wp","href":"https:\/\/api.w.org\/{rel}","templated":true}]}}