{"id":2154,"date":"2018-08-21T06:40:13","date_gmt":"2018-08-21T04:40:13","guid":{"rendered":"https:\/\/der-rote-faden.de\/wordpress\/?p=2154"},"modified":"2023-06-06T09:06:38","modified_gmt":"2023-06-06T07:06:38","slug":"schwalbenkleid","status":"publish","type":"post","link":"https:\/\/der-rote-faden.de\/wordpress\/schwalbenkleid\/","title":{"rendered":"Schwalbenkleid"},"content":{"rendered":"<h2>weites Sommerkleidchen aus Webstoff<\/h2>\n<p><img loading=\"lazy\" decoding=\"async\" class=\"wp-image-2313 alignleft\" src=\"https:\/\/der-rote-faden.de\/wordpress\/wp-content\/uploads\/2018\/08\/schwalbenkleid4-637x1024.jpg\" alt=\"schwalbenkleid4\" width=\"376\" height=\"604\" srcset=\"https:\/\/der-rote-faden.de\/wordpress\/wp-content\/uploads\/2018\/08\/schwalbenkleid4-637x1024.jpg 637w, https:\/\/der-rote-faden.de\/wordpress\/wp-content\/uploads\/2018\/08\/schwalbenkleid4-187x300.jpg 187w, https:\/\/der-rote-faden.de\/wordpress\/wp-content\/uploads\/2018\/08\/schwalbenkleid4-768x1235.jpg 768w, https:\/\/der-rote-faden.de\/wordpress\/wp-content\/uploads\/2018\/08\/schwalbenkleid4-830x1335.jpg 830w, https:\/\/der-rote-faden.de\/wordpress\/wp-content\/uploads\/2018\/08\/schwalbenkleid4-230x370.jpg 230w, https:\/\/der-rote-faden.de\/wordpress\/wp-content\/uploads\/2018\/08\/schwalbenkleid4-350x563.jpg 350w, https:\/\/der-rote-faden.de\/wordpress\/wp-content\/uploads\/2018\/08\/schwalbenkleid4-480x772.jpg 480w, https:\/\/der-rote-faden.de\/wordpress\/wp-content\/uploads\/2018\/08\/schwalbenkleid4.jpg 1308w\" sizes=\"auto, (max-width: 376px) 100vw, 376px\" \/><\/p>\n<p><img loading=\"lazy\" decoding=\"async\" class=\"wp-image-2646 alignright\" src=\"https:\/\/der-rote-faden.de\/wordpress\/wp-content\/uploads\/2018\/08\/36302-36.jpg\" alt=\"\" width=\"299\" height=\"598\" srcset=\"https:\/\/der-rote-faden.de\/wordpress\/wp-content\/uploads\/2018\/08\/36302-36.jpg 450w, https:\/\/der-rote-faden.de\/wordpress\/wp-content\/uploads\/2018\/08\/36302-36-150x300.jpg 150w, https:\/\/der-rote-faden.de\/wordpress\/wp-content\/uploads\/2018\/08\/36302-36-230x460.jpg 230w, https:\/\/der-rote-faden.de\/wordpress\/wp-content\/uploads\/2018\/08\/36302-36-350x700.jpg 350w\" sizes=\"auto, (max-width: 299px) 100vw, 299px\" \/><\/p>\n<p><img loading=\"lazy\" decoding=\"async\" class=\"alignleft wp-image-2644\" src=\"https:\/\/der-rote-faden.de\/wordpress\/wp-content\/uploads\/2018\/08\/36302-60a.jpg\" alt=\"\" width=\"301\" height=\"602\" srcset=\"https:\/\/der-rote-faden.de\/wordpress\/wp-content\/uploads\/2018\/08\/36302-60a.jpg 450w, https:\/\/der-rote-faden.de\/wordpress\/wp-content\/uploads\/2018\/08\/36302-60a-150x300.jpg 150w, https:\/\/der-rote-faden.de\/wordpress\/wp-content\/uploads\/2018\/08\/36302-60a-230x460.jpg 230w, https:\/\/der-rote-faden.de\/wordpress\/wp-content\/uploads\/2018\/08\/36302-60a-350x700.jpg 350w\" sizes=\"auto, (max-width: 301px) 100vw, 301px\" \/><\/p>\n<p><\/p>\n<p><\/p>\n<p><\/p>\n<p><\/p>\n<p><\/p>\n<p><\/p>\n<p><\/p>\n<p><\/p>\n<p>hierzu kann ein <a href=\"https:\/\/der-rote-faden.de\/de\/Stoffe-fuer-Kinder\/\" target=\"_blank\" rel=\"noopener noreferrer\">Batist, Viskose Webware oder ein Mousseline\/Double Gauze<\/a>, wie hier in ros\u00e9 aus Bio-Baumwolle, genommen werden. Nat\u00fcrlich geht auch Jersey oder French Terry\/Sweatstoff, dann kann direkt nach der Anleitung&nbsp; <a href=\"https:\/\/der-rote-faden.de\/wordpress\/haengerchen-kleid\/\" target=\"_blank\" rel=\"noopener noreferrer\">H\u00e4ngerchen-Kleid &nbsp;<\/a> &nbsp; gearbeitet werden, da bei dehnbaren Stoffen kein Rei\u00dfverschluss oder Verschluss-Knopf auf der Schulter n\u00f6tig ist.<\/p>\n<h2><img loading=\"lazy\" decoding=\"async\" class=\"wp-image-2182 aligncenter\" src=\"https:\/\/der-rote-faden.de\/wordpress\/wp-content\/uploads\/2018\/05\/36300-08-576x1024.jpg\" alt=\"\" width=\"401\" height=\"712\" srcset=\"https:\/\/der-rote-faden.de\/wordpress\/wp-content\/uploads\/2018\/05\/36300-08-576x1024.jpg 576w, https:\/\/der-rote-faden.de\/wordpress\/wp-content\/uploads\/2018\/05\/36300-08-169x300.jpg 169w, https:\/\/der-rote-faden.de\/wordpress\/wp-content\/uploads\/2018\/05\/36300-08-768x1365.jpg 768w, https:\/\/der-rote-faden.de\/wordpress\/wp-content\/uploads\/2018\/05\/36300-08-830x1476.jpg 830w, https:\/\/der-rote-faden.de\/wordpress\/wp-content\/uploads\/2018\/05\/36300-08-230x409.jpg 230w, https:\/\/der-rote-faden.de\/wordpress\/wp-content\/uploads\/2018\/05\/36300-08-350x622.jpg 350w, https:\/\/der-rote-faden.de\/wordpress\/wp-content\/uploads\/2018\/05\/36300-08-480x853.jpg 480w, https:\/\/der-rote-faden.de\/wordpress\/wp-content\/uploads\/2018\/05\/36300-08.jpg 1836w\" sizes=\"auto, (max-width: 401px) 100vw, 401px\" \/><\/h2>\n<h2>Material:<\/h2>\n<p><a href=\"https:\/\/der-rote-faden.de\/de\/Stoffe-fuer-Kinder\/\" target=\"_blank\" rel=\"noopener noreferrer\">80 cm Baumwoll-Batist<\/a> oder Musselin Double\/Gauze hier: dunkelblau mit Schwalben<\/p>\n<p>20 cm&nbsp; wei\u00dfe Baumwolle (oder mit Sternchen)<\/p>\n<p>1 Rei\u00dfverschluss oder Druckkn\u00f6pfe<\/p>\n<h2>Zuschnitt<\/h2>\n<h2><img loading=\"lazy\" decoding=\"async\" class=\"wp-image-2181 aligncenter\" src=\"https:\/\/der-rote-faden.de\/wordpress\/wp-content\/uploads\/2018\/05\/20180428_131752-1024x576.jpg\" alt=\"schwalbenKleid\" width=\"441\" height=\"248\" srcset=\"https:\/\/der-rote-faden.de\/wordpress\/wp-content\/uploads\/2018\/05\/20180428_131752-1024x576.jpg 1024w, https:\/\/der-rote-faden.de\/wordpress\/wp-content\/uploads\/2018\/05\/20180428_131752-300x169.jpg 300w, https:\/\/der-rote-faden.de\/wordpress\/wp-content\/uploads\/2018\/05\/20180428_131752-768x432.jpg 768w, https:\/\/der-rote-faden.de\/wordpress\/wp-content\/uploads\/2018\/05\/20180428_131752-830x467.jpg 830w, https:\/\/der-rote-faden.de\/wordpress\/wp-content\/uploads\/2018\/05\/20180428_131752-230x129.jpg 230w, https:\/\/der-rote-faden.de\/wordpress\/wp-content\/uploads\/2018\/05\/20180428_131752-350x197.jpg 350w, https:\/\/der-rote-faden.de\/wordpress\/wp-content\/uploads\/2018\/05\/20180428_131752-480x270.jpg 480w\" sizes=\"auto, (max-width: 441px) 100vw, 441px\" \/><\/h2>\n<p>Ich nehme den Schnitt vom <a href=\"https:\/\/der-rote-faden.de\/wordpress\/haengerchen-kleid\/\" target=\"_blank\" rel=\"noopener noreferrer\">H\u00e4ngerchen-Kleid<\/a>, da es hier aber kein dehnbarer Stoff ist gebe ich 0,5 cm pro Seite zu, insgesamt also 2 cm. Auch in der L\u00e4nge gebe ich beim Oberteil nochmals 1 cm zu:<\/p>\n<p>L\u00e4nge Oberteil: 19 cm<\/p>\n<p>Breite Oberteil: 16 cm<\/p>\n<h2><img loading=\"lazy\" decoding=\"async\" class=\"aligncenter wp-image-2187\" src=\"https:\/\/der-rote-faden.de\/wordpress\/wp-content\/uploads\/2018\/05\/20180428_155159-1024x576.jpg\" alt=\"\" width=\"599\" height=\"337\" srcset=\"https:\/\/der-rote-faden.de\/wordpress\/wp-content\/uploads\/2018\/05\/20180428_155159-1024x576.jpg 1024w, https:\/\/der-rote-faden.de\/wordpress\/wp-content\/uploads\/2018\/05\/20180428_155159-300x169.jpg 300w, https:\/\/der-rote-faden.de\/wordpress\/wp-content\/uploads\/2018\/05\/20180428_155159-768x432.jpg 768w, https:\/\/der-rote-faden.de\/wordpress\/wp-content\/uploads\/2018\/05\/20180428_155159-830x467.jpg 830w, https:\/\/der-rote-faden.de\/wordpress\/wp-content\/uploads\/2018\/05\/20180428_155159-230x129.jpg 230w, https:\/\/der-rote-faden.de\/wordpress\/wp-content\/uploads\/2018\/05\/20180428_155159-350x197.jpg 350w, https:\/\/der-rote-faden.de\/wordpress\/wp-content\/uploads\/2018\/05\/20180428_155159-480x270.jpg 480w\" sizes=\"auto, (max-width: 599px) 100vw, 599px\" \/><\/h2>\n<p>Den Halsausschnitt mache ich nicht ganz so tief, es muss sowieso ein Verschluss auf der Schulter oder im R\u00fccken gearbeitet werden, da sonst der Kopf nicht durchpasst. Und mit dem geschlosseneren Halsausschnitt kann das Kleid im Sommer auch ohne Shirt drunter getragen werden.<\/p>\n<p>Das Rockteil bleibt bei zwei Quadraten, von 40 auf 50 cm erweitert wegen der fehlenden Dehnbarkeit und auch weil der Batist sonst zu durchsichtig w\u00e4re:<\/p>\n<p>Rockteile: 2 Rechtecke 44 cm x 35 cm<\/p>\n<p>F\u00fcr die \u00c4rmelblende schneide ich je 2 Streifen \u00e0<\/p>\n<p>9 x 50 cm,<\/p>\n<p>auch hier wieder etwas mehr als beim H\u00e4ngerchen-Kleid, da der d\u00fcnne Stoff sonst zu sehr in sich zusammenfallen k\u00f6nnte.<\/p>\n<p>Die Paspel in der Kleidmitte wird aus dem wei\u00dfen, kontrastierenden Stoff, wie folgt zugeschnitten:<\/p>\n<p>2 cm&nbsp; x 76 cm (incl. je 0,5-1 cm Nahtzugabe)<\/p>\n<p>Die Belege 3,5 cm breit, ebenfalls aus dem kontrastierenden Stoff.<\/p>\n<h2><img loading=\"lazy\" decoding=\"async\" class=\"aligncenter wp-image-2184\" src=\"https:\/\/der-rote-faden.de\/wordpress\/wp-content\/uploads\/2018\/05\/20180429_110508-1024x576.jpg\" alt=\"\" width=\"601\" height=\"338\" srcset=\"https:\/\/der-rote-faden.de\/wordpress\/wp-content\/uploads\/2018\/05\/20180429_110508-1024x576.jpg 1024w, https:\/\/der-rote-faden.de\/wordpress\/wp-content\/uploads\/2018\/05\/20180429_110508-300x169.jpg 300w, https:\/\/der-rote-faden.de\/wordpress\/wp-content\/uploads\/2018\/05\/20180429_110508-768x432.jpg 768w, https:\/\/der-rote-faden.de\/wordpress\/wp-content\/uploads\/2018\/05\/20180429_110508-830x467.jpg 830w, https:\/\/der-rote-faden.de\/wordpress\/wp-content\/uploads\/2018\/05\/20180429_110508-230x129.jpg 230w, https:\/\/der-rote-faden.de\/wordpress\/wp-content\/uploads\/2018\/05\/20180429_110508-350x197.jpg 350w, https:\/\/der-rote-faden.de\/wordpress\/wp-content\/uploads\/2018\/05\/20180429_110508-480x270.jpg 480w\" sizes=\"auto, (max-width: 601px) 100vw, 601px\" \/><\/h2>\n<h2>Verarbeitung:<\/h2>\n<p>Alle Teile vers\u00e4ubern, Oberteile an Schulter und Seite schlie\u00dfen, Fl\u00fcgel\u00e4rmel-B\u00e4nder zu einem Kreis zusammenn\u00e4hen, doppelt legen (links auf links) und kr\u00e4useln, auf Armlochweite.<\/p>\n<h2><img loading=\"lazy\" decoding=\"async\" class=\"aligncenter wp-image-2186\" src=\"https:\/\/der-rote-faden.de\/wordpress\/wp-content\/uploads\/2018\/05\/20180429_105801-1024x576.jpg\" alt=\"\" width=\"598\" height=\"337\" srcset=\"https:\/\/der-rote-faden.de\/wordpress\/wp-content\/uploads\/2018\/05\/20180429_105801-1024x576.jpg 1024w, https:\/\/der-rote-faden.de\/wordpress\/wp-content\/uploads\/2018\/05\/20180429_105801-300x169.jpg 300w, https:\/\/der-rote-faden.de\/wordpress\/wp-content\/uploads\/2018\/05\/20180429_105801-768x432.jpg 768w, https:\/\/der-rote-faden.de\/wordpress\/wp-content\/uploads\/2018\/05\/20180429_105801-830x467.jpg 830w, https:\/\/der-rote-faden.de\/wordpress\/wp-content\/uploads\/2018\/05\/20180429_105801-230x129.jpg 230w, https:\/\/der-rote-faden.de\/wordpress\/wp-content\/uploads\/2018\/05\/20180429_105801-350x197.jpg 350w, https:\/\/der-rote-faden.de\/wordpress\/wp-content\/uploads\/2018\/05\/20180429_105801-480x270.jpg 480w\" sizes=\"auto, (max-width: 598px) 100vw, 598px\" \/><\/h2>\n<p>Hinten einen nahtverdeckten Rei\u00dfverschluss einsetzen und in der Seite, unterhalb des Oberteils, 2 B\u00e4ndchen rechts und links, die im R\u00fccken gebunden werden und so das Kleid auf Taille gebracht wird.<\/p>\n<h2><img loading=\"lazy\" decoding=\"async\" class=\"aligncenter wp-image-2185\" src=\"https:\/\/der-rote-faden.de\/wordpress\/wp-content\/uploads\/2018\/05\/20180429_110049-1024x576.jpg\" alt=\"\" width=\"604\" height=\"340\" srcset=\"https:\/\/der-rote-faden.de\/wordpress\/wp-content\/uploads\/2018\/05\/20180429_110049-1024x576.jpg 1024w, https:\/\/der-rote-faden.de\/wordpress\/wp-content\/uploads\/2018\/05\/20180429_110049-300x169.jpg 300w, https:\/\/der-rote-faden.de\/wordpress\/wp-content\/uploads\/2018\/05\/20180429_110049-768x432.jpg 768w, https:\/\/der-rote-faden.de\/wordpress\/wp-content\/uploads\/2018\/05\/20180429_110049-830x467.jpg 830w, https:\/\/der-rote-faden.de\/wordpress\/wp-content\/uploads\/2018\/05\/20180429_110049-230x129.jpg 230w, https:\/\/der-rote-faden.de\/wordpress\/wp-content\/uploads\/2018\/05\/20180429_110049-350x197.jpg 350w, https:\/\/der-rote-faden.de\/wordpress\/wp-content\/uploads\/2018\/05\/20180429_110049-480x270.jpg 480w\" sizes=\"auto, (max-width: 604px) 100vw, 604px\" \/><\/h2>\n<p>Wenn euch dieser Beitrag gef\u00e4llt, k\u00f6nnt ihr gern hier unten einen Kommentar hinterlassen oder uns liken bzw. folgen:<\/p>\n<p><a href=\"https:\/\/www.facebook.com\/pg\/DerRoteFadenAachenStoffe\/posts\/?ref=page_internal\" target=\"_blank\" rel=\"noopener noreferrer\"><img loading=\"lazy\" decoding=\"async\" class=\"alignnone wp-image-1849 size-thumbnail\" src=\"https:\/\/der-rote-faden.de\/wordpress\/wp-content\/uploads\/2017\/10\/facebook-150x150.jpg\" sizes=\"auto, (max-width: 150px) 100vw, 150px\" srcset=\"https:\/\/der-rote-faden.de\/wordpress\/wp-content\/uploads\/2017\/10\/facebook-150x150.jpg 150w, https:\/\/der-rote-faden.de\/wordpress\/wp-content\/uploads\/2017\/10\/facebook.jpg 204w\" alt=\"facebook\" width=\"150\" height=\"150\"><\/a><a href=\"https:\/\/twitter.com\/mia22065\" target=\"_blank\" rel=\"noopener noreferrer\"><img loading=\"lazy\" decoding=\"async\" class=\"alignnone wp-image-1845\" src=\"https:\/\/der-rote-faden.de\/wordpress\/wp-content\/uploads\/2017\/10\/twttr-150x150.jpg\" sizes=\"auto, (max-width: 137px) 100vw, 137px\" srcset=\"https:\/\/der-rote-faden.de\/wordpress\/wp-content\/uploads\/2017\/10\/twttr-150x150.jpg 150w, https:\/\/der-rote-faden.de\/wordpress\/wp-content\/uploads\/2017\/10\/twttr.jpg 225w\" alt=\"twitter\" width=\"137\" height=\"137\"><\/a><a href=\"https:\/\/www.instagram.com\/der.rote.faden\/\" target=\"_blank\" rel=\"noopener noreferrer\"><img loading=\"lazy\" decoding=\"async\" class=\"alignnone wp-image-1848 size-thumbnail\" src=\"https:\/\/der-rote-faden.de\/wordpress\/wp-content\/uploads\/2017\/10\/instgrm-150x150.jpg\" sizes=\"auto, (max-width: 150px) 100vw, 150px\" srcset=\"https:\/\/der-rote-faden.de\/wordpress\/wp-content\/uploads\/2017\/10\/instgrm-150x150.jpg 150w, https:\/\/der-rote-faden.de\/wordpress\/wp-content\/uploads\/2017\/10\/instgrm.jpg 225w\" alt=\"instagram\" width=\"150\" height=\"150\"><\/a><a href=\"https:\/\/www.pinterest.de\/schellwetzig\/n%C3%A4hen-einfach-mit-kostenlosen-schnittmustern\/\" target=\"_blank\" rel=\"noopener noreferrer\"><img loading=\"lazy\" decoding=\"async\" class=\"alignnone wp-image-1846 size-thumbnail\" src=\"https:\/\/der-rote-faden.de\/wordpress\/wp-content\/uploads\/2017\/10\/pint-150x150.png\" sizes=\"auto, (max-width: 150px) 100vw, 150px\" srcset=\"https:\/\/der-rote-faden.de\/wordpress\/wp-content\/uploads\/2017\/10\/pint-150x150.png 150w, https:\/\/der-rote-faden.de\/wordpress\/wp-content\/uploads\/2017\/10\/pint.png 225w\" alt=\"pinterest\" width=\"150\" height=\"150\"><\/a><\/p>\n<p>verlinkt in:<\/p>\n<p><a href=\"http:\/\/handmadeontuesday.blogspot.de\/\" target=\"_blank\" rel=\"noopener noreferrer\">HOT handmade on tuesday<\/a><\/p>\n<p><a href=\"http:\/\/dienstagsdinge.blogspot.de\/\" target=\"_blank\" rel=\"noopener noreferrer\">dienstagsdinge<\/a><\/p>\n<p><a href=\"http:\/\/www.lunaju.de\/search\/label\/Kiddikram\" target=\"_blank\" rel=\"noopener noreferrer\">kiddikram<\/a><\/p>\n<p><a href=\"https:\/\/naehfrosch.de\/kostenlose-schnittmuster-linkparty\/#kostenloseschnittmusterlinkparty\" target=\"_blank\" rel=\"noopener noreferrer\">n\u00e4hfrosch<\/a><\/p>\n\n\n<p><\/p>\n\n\n\n<p><\/p>\n\n\n\n<p><\/p>\n","protected":false},"excerpt":{"rendered":"<p>weites Sommerkleidchen aus Webstoff hierzu kann ein Batist, Viskose Webware oder ein Mousseline\/Double Gauze, wie hier in ros\u00e9 aus Bio-Baumwolle, genommen werden. Nat\u00fcrlich geht auch Jersey oder French Terry\/Sweatstoff, dann kann direkt nach der Anleitung&nbsp; H\u00e4ngerchen-Kleid &nbsp; &nbsp; gearbeitet werden, da bei dehnbaren Stoffen kein Rei\u00dfverschluss oder Verschluss-Knopf auf der Schulter n\u00f6tig ist. Material: 80 cm Baumwoll-Batist oder Musselin Double\/Gauze hier: dunkelblau mit Schwalben 20 cm&nbsp; wei\u00dfe Baumwolle (oder mit Sternchen) 1 Rei\u00dfverschluss oder Druckkn\u00f6pfe Zuschnitt Ich nehme den Schnitt vom H\u00e4ngerchen-Kleid, da es hier aber kein dehnbarer Stoff ist gebe ich 0,5 cm pro Seite zu, insgesamt also 2 [&hellip;]<\/p>\n","protected":false},"author":2,"featured_media":2646,"comment_status":"open","ping_status":"closed","sticky":false,"template":"","format":"standard","meta":{"footnotes":""},"categories":[1,71,68,61],"tags":[],"class_list":["post-2154","post","type-post","status-publish","format-standard","has-post-thumbnail","hentry","category-beitraege","category-naehanleitungen","category-naehen-fuer-kinder","category-schnitterstellung-kinder"],"_links":{"self":[{"href":"https:\/\/der-rote-faden.de\/wordpress\/wp-json\/wp\/v2\/posts\/2154","targetHints":{"allow":["GET"]}}],"collection":[{"href":"https:\/\/der-rote-faden.de\/wordpress\/wp-json\/wp\/v2\/posts"}],"about":[{"href":"https:\/\/der-rote-faden.de\/wordpress\/wp-json\/wp\/v2\/types\/post"}],"author":[{"embeddable":true,"href":"https:\/\/der-rote-faden.de\/wordpress\/wp-json\/wp\/v2\/users\/2"}],"replies":[{"embeddable":true,"href":"https:\/\/der-rote-faden.de\/wordpress\/wp-json\/wp\/v2\/comments?post=2154"}],"version-history":[{"count":17,"href":"https:\/\/der-rote-faden.de\/wordpress\/wp-json\/wp\/v2\/posts\/2154\/revisions"}],"predecessor-version":[{"id":3797,"href":"https:\/\/der-rote-faden.de\/wordpress\/wp-json\/wp\/v2\/posts\/2154\/revisions\/3797"}],"wp:featuredmedia":[{"embeddable":true,"href":"https:\/\/der-rote-faden.de\/wordpress\/wp-json\/wp\/v2\/media\/2646"}],"wp:attachment":[{"href":"https:\/\/der-rote-faden.de\/wordpress\/wp-json\/wp\/v2\/media?parent=2154"}],"wp:term":[{"taxonomy":"category","embeddable":true,"href":"https:\/\/der-rote-faden.de\/wordpress\/wp-json\/wp\/v2\/categories?post=2154"},{"taxonomy":"post_tag","embeddable":true,"href":"https:\/\/der-rote-faden.de\/wordpress\/wp-json\/wp\/v2\/tags?post=2154"}],"curies":[{"name":"wp","href":"https:\/\/api.w.org\/{rel}","templated":true}]}}