{"id":2224,"date":"2018-07-05T07:09:03","date_gmt":"2018-07-05T05:09:03","guid":{"rendered":"https:\/\/der-rote-faden.de\/wordpress\/?p=2224"},"modified":"2023-06-06T09:08:39","modified_gmt":"2023-06-06T07:08:39","slug":"schnelle-tunika-mit-voegeln","status":"publish","type":"post","link":"https:\/\/der-rote-faden.de\/wordpress\/schnelle-tunika-mit-voegeln\/","title":{"rendered":"schnelle Tunika Quadra"},"content":{"rendered":"<h1>Rechteck-Tunika aus leichtem Baumwoll-Leinen-Batist mit \u00fcberschnittenen \u00c4rmeln<\/h1>\n<p><img loading=\"lazy\" decoding=\"async\" class=\"aligncenter size-large wp-image-3305\" src=\"https:\/\/der-rote-faden.de\/wordpress\/wp-content\/uploads\/2018\/07\/galerie-quadra-1024x319.jpg\" alt=\"schnittmuster quadra\" width=\"1024\" height=\"319\" srcset=\"https:\/\/der-rote-faden.de\/wordpress\/wp-content\/uploads\/2018\/07\/galerie-quadra-1024x319.jpg 1024w, https:\/\/der-rote-faden.de\/wordpress\/wp-content\/uploads\/2018\/07\/galerie-quadra-300x93.jpg 300w, https:\/\/der-rote-faden.de\/wordpress\/wp-content\/uploads\/2018\/07\/galerie-quadra-768x239.jpg 768w, https:\/\/der-rote-faden.de\/wordpress\/wp-content\/uploads\/2018\/07\/galerie-quadra-830x259.jpg 830w, https:\/\/der-rote-faden.de\/wordpress\/wp-content\/uploads\/2018\/07\/galerie-quadra-230x72.jpg 230w, https:\/\/der-rote-faden.de\/wordpress\/wp-content\/uploads\/2018\/07\/galerie-quadra-350x109.jpg 350w, https:\/\/der-rote-faden.de\/wordpress\/wp-content\/uploads\/2018\/07\/galerie-quadra-480x150.jpg 480w\" sizes=\"auto, (max-width: 1024px) 100vw, 1024px\" \/><\/p>\n<p>weitere Anregungen mit Bildern und Gr\u00f6\u00dfenangaben und Weitenzugaben gibt&#8217;s im <a href=\"https:\/\/online.fliphtml5.com\/obydt\/xbsf\/\" target=\"_blank\" rel=\"noopener noreferrer\">Lookbook Quadra.<\/a><\/p>\n<p>Stoffverbrauch:<\/p>\n<p>1m gewebter, nicht dehnbarer Stoff, unifarbig z.B. <a href=\"https:\/\/der-rote-faden.de\/Stoffe\/Stoffe-A-Z\/Leinen-gewaschen-oder-meliert\/\" target=\"_blank\" rel=\"noopener\">Leinen<\/a>, <a href=\"https:\/\/der-rote-faden.de\/Stoffe\/Stoffe-A-Z\/Batist\/\" target=\"_blank\" rel=\"noopener\">Batist-Stoffe<\/a>&nbsp;<a href=\"https:\/\/der-rote-faden.de\/Stoffe\/Stoffe-A-Z\/Popeline\/\" target=\"_blank\" rel=\"noopener\">Popeline<\/a> oder <a href=\"https:\/\/der-rote-faden.de\/Stoffe\/Stoffe-A-Z\/Crepe-Krepp\/\" target=\"_blank\" rel=\"noopener\">Cr\u00eape-Stoffe<\/a>,&nbsp; <a href=\"https:\/\/der-rote-faden.de\/de\/Modestoffe-Sommer\/\" target=\"_blank\" rel=\"noopener noreferrer\">sommerlich bedruckte Modestoffe wie Baumwoll-Leinen-Batist, flie\u00dfende Viskose-Webware oder Leinen-Baumwoll-Viskose-Mischungen gewebt und alle, die nicht zu fest und steif sind.<\/a><\/p>\n<p>Die Tunika besteht nur aus 2 Rechtecken, auf der Schulter und unterhalb des Armloches zusammengen\u00e4ht und am Halsausschnitt, unteren Saum und am Armloch 1 cm Nahtzugabe umgeschlagen und abgesteppt. Je weiter der K\u00f6rper der Tunika gemacht wird, desto weiter fallen auch die angeschnittenen \u00c4rmel \u00fcber die Oberarme.<\/p>\n<h3>Grundma\u00dfe:<\/h3>\n<p>Der Schnitt ist super easy, hier 2 Alternativen daf\u00fcr. Brustumfang BU zzgl. 8 bis 16 cm oder H\u00fcftumfang HU + 8-16 cm, je nachdem, was gr\u00f6\u00dfer ist (bei gro\u00dfen Gr\u00f6\u00dfen oder wenn ihr es weiter m\u00f6gt, gehen auch +26 cm).<\/p>\n<p>Beispiele f\u00fcr verschiedene Weitenzugaben zum BU:<\/p>\n<p>Beim 2. Bild (Gr 32\/34) und dem letzten Bild in der Galerie&nbsp; oben sowie dem Bild hier unten (Gr 40\/38, BU=96, HU=96) sind es +8 cm, beim mittleren Galeriebild (Gr 36, BU=89, HU=98) +22 cm und beim 4. Bild (Gr 44\/46) +16 cm. Beim 1. Bild (Gr 38, BU =90, HU=101)&nbsp; sind es HU +10 cm Weitenzugabe (die Zusatzweite ergibt sich daraus beim BU = 20cm).<\/p>\n<p><img loading=\"lazy\" decoding=\"async\" class=\"aligncenter  wp-image-2255\" src=\"https:\/\/der-rote-faden.de\/wordpress\/wp-content\/uploads\/2018\/06\/tunika-pfau-631x1024.jpg\" alt=\"tunika-pfau\" width=\"212\" height=\"344\" srcset=\"https:\/\/der-rote-faden.de\/wordpress\/wp-content\/uploads\/2018\/06\/tunika-pfau-631x1024.jpg 631w, https:\/\/der-rote-faden.de\/wordpress\/wp-content\/uploads\/2018\/06\/tunika-pfau-185x300.jpg 185w, https:\/\/der-rote-faden.de\/wordpress\/wp-content\/uploads\/2018\/06\/tunika-pfau-768x1247.jpg 768w, https:\/\/der-rote-faden.de\/wordpress\/wp-content\/uploads\/2018\/06\/tunika-pfau-830x1348.jpg 830w, https:\/\/der-rote-faden.de\/wordpress\/wp-content\/uploads\/2018\/06\/tunika-pfau-230x373.jpg 230w, https:\/\/der-rote-faden.de\/wordpress\/wp-content\/uploads\/2018\/06\/tunika-pfau-350x568.jpg 350w, https:\/\/der-rote-faden.de\/wordpress\/wp-content\/uploads\/2018\/06\/tunika-pfau-480x779.jpg 480w, https:\/\/der-rote-faden.de\/wordpress\/wp-content\/uploads\/2018\/06\/tunika-pfau.jpg 1424w\" sizes=\"auto, (max-width: 212px) 100vw, 212px\" \/><\/p>\n<p>a) ausgehend von einer Weitenzugabe +10cm: ihr erstellt 1\/4 SM mit folgenden Ma\u00dfen: ein Rechteck: B=1\/4 BU +2,5 cm und L= 80-86 cm (je nach gew\u00fcnschter L\u00e4nge bzw. KGr). Dann schneidet ihr den Halsausschnitt wie folgt zu:<\/p>\n<p>R\u00fcckenteil 3 cm tief x 13 cm breit<\/p>\n<p>Vorderteil 6 cm tief x 13 cm breit.<\/p>\n<h1><img loading=\"lazy\" decoding=\"async\" class=\"aligncenter  wp-image-3267\" src=\"https:\/\/der-rote-faden.de\/wordpress\/wp-content\/uploads\/2018\/07\/SM-rechteck-tunika-e1590101168677.jpg\" alt=\"SM-rechteck-tunika\" width=\"608\" height=\"405\" srcset=\"https:\/\/der-rote-faden.de\/wordpress\/wp-content\/uploads\/2018\/07\/SM-rechteck-tunika-e1590101168677.jpg 900w, https:\/\/der-rote-faden.de\/wordpress\/wp-content\/uploads\/2018\/07\/SM-rechteck-tunika-e1590101168677-300x200.jpg 300w, https:\/\/der-rote-faden.de\/wordpress\/wp-content\/uploads\/2018\/07\/SM-rechteck-tunika-e1590101168677-230x153.jpg 230w, https:\/\/der-rote-faden.de\/wordpress\/wp-content\/uploads\/2018\/07\/SM-rechteck-tunika-e1590101168677-350x233.jpg 350w, https:\/\/der-rote-faden.de\/wordpress\/wp-content\/uploads\/2018\/07\/SM-rechteck-tunika-e1590101168677-480x319.jpg 480w, https:\/\/der-rote-faden.de\/wordpress\/wp-content\/uploads\/2018\/07\/SM-rechteck-tunika-e1590101168677-272x182.jpg 272w, https:\/\/der-rote-faden.de\/wordpress\/wp-content\/uploads\/2018\/07\/SM-rechteck-tunika-e1590101168677-768x511.jpg 768w, https:\/\/der-rote-faden.de\/wordpress\/wp-content\/uploads\/2018\/07\/SM-rechteck-tunika-e1590101168677-830x552.jpg 830w\" sizes=\"auto, (max-width: 608px) 100vw, 608px\" \/><\/h1>\n<p>Wenn der Stoff sehr steif ist k\u00f6nnt ihr die Schulternaht zum Armloch hin noch 1-2 cm nach unten laufen lassen, damit die Schulter nicht zu hoch absteht.<\/p>\n<p>b) Alternativ:<\/p>\n<p>Ihr nehmt einen locker sitzenden Grundschnitt von einem Shirt oder erstellt ihn selber, wie bei dem <a href=\"https:\/\/der-rote-faden.de\/wordpress\/strickkleid-schnell-und-einfach-schnittkonstruktion-und-naeh-tutorial\/\" target=\"_blank\" rel=\"noopener noreferrer\">Strickkleid<\/a> gezeigt. Dann zieht ihr die Schulter \u00fcberh\u00e4ngend weiter nach au\u00dfen, bis sie etwa 16 cm lang ist (bei Gr 36\/38) und erweitert den Schnitt auch in der Breite seitlich, ab dem Armloch nach unten. <img loading=\"lazy\" decoding=\"async\" class=\"aligncenter wp-image-2225\" src=\"https:\/\/der-rote-faden.de\/wordpress\/wp-content\/uploads\/2018\/05\/tunika-3-1024x576.jpg\" alt=\"tunika (3\" width=\"618\" height=\"348\" srcset=\"https:\/\/der-rote-faden.de\/wordpress\/wp-content\/uploads\/2018\/05\/tunika-3-1024x576.jpg 1024w, https:\/\/der-rote-faden.de\/wordpress\/wp-content\/uploads\/2018\/05\/tunika-3-300x169.jpg 300w, https:\/\/der-rote-faden.de\/wordpress\/wp-content\/uploads\/2018\/05\/tunika-3-768x432.jpg 768w, https:\/\/der-rote-faden.de\/wordpress\/wp-content\/uploads\/2018\/05\/tunika-3-830x467.jpg 830w, https:\/\/der-rote-faden.de\/wordpress\/wp-content\/uploads\/2018\/05\/tunika-3-230x129.jpg 230w, https:\/\/der-rote-faden.de\/wordpress\/wp-content\/uploads\/2018\/05\/tunika-3-350x197.jpg 350w, https:\/\/der-rote-faden.de\/wordpress\/wp-content\/uploads\/2018\/05\/tunika-3-480x270.jpg 480w\" sizes=\"auto, (max-width: 618px) 100vw, 618px\" \/><\/p>\n<p>Beim Zuschnitt den Halsausschnitt des Vorderteiles ca. 2-3 cm tiefer als am R\u00fcckenteil vertiefen.<\/p>\n<p><img loading=\"lazy\" decoding=\"async\" class=\"aligncenter wp-image-2226\" src=\"https:\/\/der-rote-faden.de\/wordpress\/wp-content\/uploads\/2018\/05\/tunika-2-1024x576.jpg\" alt=\"tunika (2)\" width=\"632\" height=\"355\" srcset=\"https:\/\/der-rote-faden.de\/wordpress\/wp-content\/uploads\/2018\/05\/tunika-2-1024x576.jpg 1024w, https:\/\/der-rote-faden.de\/wordpress\/wp-content\/uploads\/2018\/05\/tunika-2-300x169.jpg 300w, https:\/\/der-rote-faden.de\/wordpress\/wp-content\/uploads\/2018\/05\/tunika-2-768x432.jpg 768w, https:\/\/der-rote-faden.de\/wordpress\/wp-content\/uploads\/2018\/05\/tunika-2-830x467.jpg 830w, https:\/\/der-rote-faden.de\/wordpress\/wp-content\/uploads\/2018\/05\/tunika-2-230x129.jpg 230w, https:\/\/der-rote-faden.de\/wordpress\/wp-content\/uploads\/2018\/05\/tunika-2-350x197.jpg 350w, https:\/\/der-rote-faden.de\/wordpress\/wp-content\/uploads\/2018\/05\/tunika-2-480x270.jpg 480w\" sizes=\"auto, (max-width: 632px) 100vw, 632px\" \/><\/p>\n<h3>Armloch<\/h3>\n<p>Etwas unterhalb des Armlochs, bei 20-25 cm, macht ihr eine Markierung f\u00fcr den \u00c4rmelschlitz. Gr\u00f6\u00dferes oder kleineres Armloch ist eine Frage des pers\u00f6nlichen Geschmacks, bis Gr 38 reichen aber 20 cm, danach sollte es mehr sein, insbesondere, wenn die Armweite etwas kr\u00e4ftiger ist.<\/p>\n<p><img loading=\"lazy\" decoding=\"async\" class=\"aligncenter wp-image-2227\" src=\"https:\/\/der-rote-faden.de\/wordpress\/wp-content\/uploads\/2018\/05\/tunika-1-1024x576.jpg\" alt=\"tunika (1)\" width=\"633\" height=\"356\" srcset=\"https:\/\/der-rote-faden.de\/wordpress\/wp-content\/uploads\/2018\/05\/tunika-1-1024x576.jpg 1024w, https:\/\/der-rote-faden.de\/wordpress\/wp-content\/uploads\/2018\/05\/tunika-1-300x169.jpg 300w, https:\/\/der-rote-faden.de\/wordpress\/wp-content\/uploads\/2018\/05\/tunika-1-768x432.jpg 768w, https:\/\/der-rote-faden.de\/wordpress\/wp-content\/uploads\/2018\/05\/tunika-1-830x467.jpg 830w, https:\/\/der-rote-faden.de\/wordpress\/wp-content\/uploads\/2018\/05\/tunika-1-230x129.jpg 230w, https:\/\/der-rote-faden.de\/wordpress\/wp-content\/uploads\/2018\/05\/tunika-1-350x197.jpg 350w, https:\/\/der-rote-faden.de\/wordpress\/wp-content\/uploads\/2018\/05\/tunika-1-480x270.jpg 480w\" sizes=\"auto, (max-width: 633px) 100vw, 633px\" \/><\/p>\n<p>Die Seitenn\u00e4hte werden auch nur bis dahin geschlossen, die Nahtzugabe als \u00c4rmelschlitz umgeschlagen und abgesteppt.<\/p>\n<p><img loading=\"lazy\" decoding=\"async\" class=\"aligncenter wp-image-2235\" src=\"https:\/\/der-rote-faden.de\/wordpress\/wp-content\/uploads\/2018\/05\/20180528_183023-1024x576.jpg\" alt=\"tunika\" width=\"631\" height=\"355\" srcset=\"https:\/\/der-rote-faden.de\/wordpress\/wp-content\/uploads\/2018\/05\/20180528_183023-1024x576.jpg 1024w, https:\/\/der-rote-faden.de\/wordpress\/wp-content\/uploads\/2018\/05\/20180528_183023-300x169.jpg 300w, https:\/\/der-rote-faden.de\/wordpress\/wp-content\/uploads\/2018\/05\/20180528_183023-768x432.jpg 768w, https:\/\/der-rote-faden.de\/wordpress\/wp-content\/uploads\/2018\/05\/20180528_183023-830x467.jpg 830w, https:\/\/der-rote-faden.de\/wordpress\/wp-content\/uploads\/2018\/05\/20180528_183023-230x129.jpg 230w, https:\/\/der-rote-faden.de\/wordpress\/wp-content\/uploads\/2018\/05\/20180528_183023-350x197.jpg 350w, https:\/\/der-rote-faden.de\/wordpress\/wp-content\/uploads\/2018\/05\/20180528_183023-480x270.jpg 480w\" sizes=\"auto, (max-width: 631px) 100vw, 631px\" \/><\/p>\n<p>Je 1 cm Nahtzugabe an Hals, Saum und \u00c4rmel umb\u00fcgeln und absteppen. Fertig.<\/p>\n<p>Wer mag, kann seitlich unten noch Schlitze einf\u00fcgen. Insbesondere, wenn die Tunika l\u00e4nger gearbeitet wird, ist das sehr bequem beim Laufen und ein zus\u00e4tzlicher Eyecatcher.<\/p>\n<p>Die Tunika ist vielf\u00e4ltig variierbar, auch als kurze Bluse, hier aus <a href=\"https:\/\/der-rote-faden.de\/Leinenstoff-meliert-leicht-seegras-mint-100-LI-140-cm-breit-180g-m2\/31251-22\" target=\"_blank\" rel=\"noopener\">mintfarbenem Leinenstoff meliert<\/a> , sieht sie gut aus:<\/p>\n<p><img loading=\"lazy\" decoding=\"async\" class=\"aligncenter wp-image-3732 \" src=\"https:\/\/der-rote-faden.de\/wordpress\/wp-content\/uploads\/2018\/07\/31251-22-quadra-768x1024.png\" alt=\"\" width=\"541\" height=\"722\" srcset=\"https:\/\/der-rote-faden.de\/wordpress\/wp-content\/uploads\/2018\/07\/31251-22-quadra-768x1024.png 768w, https:\/\/der-rote-faden.de\/wordpress\/wp-content\/uploads\/2018\/07\/31251-22-quadra-225x300.png 225w, https:\/\/der-rote-faden.de\/wordpress\/wp-content\/uploads\/2018\/07\/31251-22-quadra-1152x1536.png 1152w, https:\/\/der-rote-faden.de\/wordpress\/wp-content\/uploads\/2018\/07\/31251-22-quadra-1536x2048.png 1536w, https:\/\/der-rote-faden.de\/wordpress\/wp-content\/uploads\/2018\/07\/31251-22-quadra-1000x1333.png 1000w, https:\/\/der-rote-faden.de\/wordpress\/wp-content\/uploads\/2018\/07\/31251-22-quadra-230x307.png 230w, https:\/\/der-rote-faden.de\/wordpress\/wp-content\/uploads\/2018\/07\/31251-22-quadra-350x467.png 350w, https:\/\/der-rote-faden.de\/wordpress\/wp-content\/uploads\/2018\/07\/31251-22-quadra-480x640.png 480w\" sizes=\"auto, (max-width: 541px) 100vw, 541px\" \/><\/p>\n<p>Wenn euch dieser Beitrag gef\u00e4llt, k\u00f6nnt ihr gern hier unten einen Kommentar hinterlassen oder uns liken bzw. folgen:<\/p>\n<p><a href=\"https:\/\/www.facebook.com\/pg\/DerRoteFadenAachenStoffe\/posts\/?ref=page_internal\" target=\"_blank\" rel=\"noopener noreferrer\"><img loading=\"lazy\" decoding=\"async\" class=\"alignnone wp-image-1849 size-thumbnail\" src=\"https:\/\/der-rote-faden.de\/wordpress\/wp-content\/uploads\/2017\/10\/facebook-150x150.jpg\" sizes=\"auto, (max-width: 150px) 100vw, 150px\" srcset=\"https:\/\/der-rote-faden.de\/wordpress\/wp-content\/uploads\/2017\/10\/facebook-150x150.jpg 150w, https:\/\/der-rote-faden.de\/wordpress\/wp-content\/uploads\/2017\/10\/facebook.jpg 204w\" alt=\"facebook\" width=\"150\" height=\"150\"><\/a><a href=\"https:\/\/twitter.com\/mia22065\" target=\"_blank\" rel=\"noopener noreferrer\"><img loading=\"lazy\" decoding=\"async\" class=\"alignnone wp-image-1845\" src=\"https:\/\/der-rote-faden.de\/wordpress\/wp-content\/uploads\/2017\/10\/twttr-150x150.jpg\" sizes=\"auto, (max-width: 137px) 100vw, 137px\" srcset=\"https:\/\/der-rote-faden.de\/wordpress\/wp-content\/uploads\/2017\/10\/twttr-150x150.jpg 150w, https:\/\/der-rote-faden.de\/wordpress\/wp-content\/uploads\/2017\/10\/twttr.jpg 225w\" alt=\"twitter\" width=\"137\" height=\"137\"><\/a><a href=\"https:\/\/www.instagram.com\/der.rote.faden\/\" target=\"_blank\" rel=\"noopener noreferrer\"><img loading=\"lazy\" decoding=\"async\" class=\"alignnone wp-image-1848 size-thumbnail\" src=\"https:\/\/der-rote-faden.de\/wordpress\/wp-content\/uploads\/2017\/10\/instgrm-150x150.jpg\" sizes=\"auto, (max-width: 150px) 100vw, 150px\" srcset=\"https:\/\/der-rote-faden.de\/wordpress\/wp-content\/uploads\/2017\/10\/instgrm-150x150.jpg 150w, https:\/\/der-rote-faden.de\/wordpress\/wp-content\/uploads\/2017\/10\/instgrm.jpg 225w\" alt=\"instagram\" width=\"150\" height=\"150\"><\/a><a href=\"https:\/\/www.pinterest.de\/schellwetzig\/n%C3%A4hen-einfach-mit-kostenlosen-schnittmustern\/\" target=\"_blank\" rel=\"noopener noreferrer\"><img loading=\"lazy\" decoding=\"async\" class=\"alignnone wp-image-1846 size-thumbnail\" src=\"https:\/\/der-rote-faden.de\/wordpress\/wp-content\/uploads\/2017\/10\/pint-150x150.png\" sizes=\"auto, (max-width: 150px) 100vw, 150px\" srcset=\"https:\/\/der-rote-faden.de\/wordpress\/wp-content\/uploads\/2017\/10\/pint-150x150.png 150w, https:\/\/der-rote-faden.de\/wordpress\/wp-content\/uploads\/2017\/10\/pint.png 225w\" alt=\"pinterest\" width=\"150\" height=\"150\"><\/a><\/p>\n<p>verlinkt in:<\/p>\n<p><a href=\"http:\/\/handmadeontuesday.blogspot.de\/\" target=\"_blank\" rel=\"noopener noreferrer\">HOT handmade on tuesday<\/a><\/p>\n<p><a href=\"http:\/\/dienstagsdinge.blogspot.de\/\" target=\"_blank\" rel=\"noopener noreferrer\">dienstagsdinge<\/a><\/p>\n<p><a href=\"https:\/\/naehfrosch.de\/kostenlose-schnittmuster-linkparty\/#kostenloseschnittmusterlinkparty\" target=\"_blank\" rel=\"noopener noreferrer\">n\u00e4hfrosch<\/a><\/p>\n<p><a href=\"http:\/\/www.sewlala.de\" target=\"_blank\" rel=\"noopener noreferrer\">sewlala<\/a><\/p>\n<p><a href=\"http:\/\/memademittwoch.blogspot.com\/\" target=\"_blank\" rel=\"noopener noreferrer\">MeMadeMittwoch<\/a><\/p>\n<p><a href=\"https:\/\/naehfrosch.de\/tag\/du-fuer-dich-am-donnerstag\/\" target=\"_blank\" rel=\"noopener noreferrer\">Du f\u00fcr dich<\/a><\/p>\n<p><a href=\"https:\/\/wof-womanonfire.de\/\" target=\"_blank\" rel=\"noopener noreferrer\">Woman on Fire<\/a><\/p>\n","protected":false},"excerpt":{"rendered":"<p>Rechteck-Tunika aus leichtem Baumwoll-Leinen-Batist mit \u00fcberschnittenen \u00c4rmeln weitere Anregungen mit Bildern und Gr\u00f6\u00dfenangaben und Weitenzugaben gibt&#8217;s im Lookbook Quadra. Stoffverbrauch: 1m gewebter, nicht dehnbarer Stoff, unifarbig z.B. Leinen, Batist-Stoffe&nbsp;Popeline oder Cr\u00eape-Stoffe,&nbsp; sommerlich bedruckte Modestoffe wie Baumwoll-Leinen-Batist, flie\u00dfende Viskose-Webware oder Leinen-Baumwoll-Viskose-Mischungen gewebt und alle, die nicht zu fest und steif sind. Die Tunika besteht nur aus 2 Rechtecken, auf der Schulter und unterhalb des Armloches zusammengen\u00e4ht und am Halsausschnitt, unteren Saum und am Armloch 1 cm Nahtzugabe umgeschlagen und abgesteppt. Je weiter der K\u00f6rper der Tunika gemacht wird, desto weiter fallen auch die angeschnittenen \u00c4rmel \u00fcber die Oberarme. Grundma\u00dfe: Der Schnitt [&hellip;]<\/p>\n","protected":false},"author":2,"featured_media":3305,"comment_status":"open","ping_status":"closed","sticky":false,"template":"","format":"standard","meta":{"footnotes":""},"categories":[1,71,70,62,11],"tags":[],"class_list":["post-2224","post","type-post","status-publish","format-standard","has-post-thumbnail","hentry","category-beitraege","category-naehanleitungen","category-naehen-fuer-damen","category-schnitterstellung-damen","category-modestoffe_schnitterstellung"],"_links":{"self":[{"href":"https:\/\/der-rote-faden.de\/wordpress\/wp-json\/wp\/v2\/posts\/2224","targetHints":{"allow":["GET"]}}],"collection":[{"href":"https:\/\/der-rote-faden.de\/wordpress\/wp-json\/wp\/v2\/posts"}],"about":[{"href":"https:\/\/der-rote-faden.de\/wordpress\/wp-json\/wp\/v2\/types\/post"}],"author":[{"embeddable":true,"href":"https:\/\/der-rote-faden.de\/wordpress\/wp-json\/wp\/v2\/users\/2"}],"replies":[{"embeddable":true,"href":"https:\/\/der-rote-faden.de\/wordpress\/wp-json\/wp\/v2\/comments?post=2224"}],"version-history":[{"count":61,"href":"https:\/\/der-rote-faden.de\/wordpress\/wp-json\/wp\/v2\/posts\/2224\/revisions"}],"predecessor-version":[{"id":3798,"href":"https:\/\/der-rote-faden.de\/wordpress\/wp-json\/wp\/v2\/posts\/2224\/revisions\/3798"}],"wp:featuredmedia":[{"embeddable":true,"href":"https:\/\/der-rote-faden.de\/wordpress\/wp-json\/wp\/v2\/media\/3305"}],"wp:attachment":[{"href":"https:\/\/der-rote-faden.de\/wordpress\/wp-json\/wp\/v2\/media?parent=2224"}],"wp:term":[{"taxonomy":"category","embeddable":true,"href":"https:\/\/der-rote-faden.de\/wordpress\/wp-json\/wp\/v2\/categories?post=2224"},{"taxonomy":"post_tag","embeddable":true,"href":"https:\/\/der-rote-faden.de\/wordpress\/wp-json\/wp\/v2\/tags?post=2224"}],"curies":[{"name":"wp","href":"https:\/\/api.w.org\/{rel}","templated":true}]}}