{"id":2295,"date":"2018-10-02T07:25:01","date_gmt":"2018-10-02T05:25:01","guid":{"rendered":"https:\/\/der-rote-faden.de\/wordpress\/?p=2295"},"modified":"2018-10-11T14:31:54","modified_gmt":"2018-10-11T12:31:54","slug":"einhornkleid-rosa-bunt","status":"publish","type":"post","link":"https:\/\/der-rote-faden.de\/wordpress\/einhornkleid-rosa-bunt\/","title":{"rendered":"Einhornkleid-rosa-gelb-tuerkis"},"content":{"rendered":"<p>Kleidchen mit gro\u00dfen Taschen<\/p>\n<p>70 cm <a href=\"https:\/\/der-rote-faden.de\/de\/Stoffe-fuer-Kinder\/\" target=\"_blank\" rel=\"noopener\">Bio-Baumwoll-Jersey mit Einh\u00f6rnern<\/a><\/p>\n<p>20 cm <a href=\"https:\/\/der-rote-faden.de\/de\/Standardstoffe\/Jersey-Bw-schwer\/\" target=\"_blank\" rel=\"noopener\">Bio-Baumwolljersey blau<\/a><\/p>\n<p>10 cm <a href=\"https:\/\/der-rote-faden.de\/de\/Standardstoffe\/Buendchenware\/\" target=\"_blank\" rel=\"noopener\">Bio-Baumwoll-B\u00fcndchen gelb<\/a><\/p>\n<p>verschiedene Reste rot + gr\u00fcn, <a href=\"https:\/\/der-rote-faden.de\/de\/Standardstoffe\/Jersey-Bw-schwer\/\" target=\"_blank\" rel=\"noopener\">Bio-Baumwoll-Jersey<\/a><\/p>\n<p>&nbsp;<\/p>\n<p><img loading=\"lazy\" decoding=\"async\" class=\"aligncenter wp-image-2298\" src=\"https:\/\/der-rote-faden.de\/wordpress\/wp-content\/uploads\/2018\/08\/rosa-einhorn4-715x1024.jpg\" alt=\"rosa-einhorn4\" width=\"424\" height=\"607\" srcset=\"https:\/\/der-rote-faden.de\/wordpress\/wp-content\/uploads\/2018\/08\/rosa-einhorn4-715x1024.jpg 715w, https:\/\/der-rote-faden.de\/wordpress\/wp-content\/uploads\/2018\/08\/rosa-einhorn4-210x300.jpg 210w, https:\/\/der-rote-faden.de\/wordpress\/wp-content\/uploads\/2018\/08\/rosa-einhorn4-768x1100.jpg 768w, https:\/\/der-rote-faden.de\/wordpress\/wp-content\/uploads\/2018\/08\/rosa-einhorn4-830x1189.jpg 830w, https:\/\/der-rote-faden.de\/wordpress\/wp-content\/uploads\/2018\/08\/rosa-einhorn4-230x329.jpg 230w, https:\/\/der-rote-faden.de\/wordpress\/wp-content\/uploads\/2018\/08\/rosa-einhorn4-350x501.jpg 350w, https:\/\/der-rote-faden.de\/wordpress\/wp-content\/uploads\/2018\/08\/rosa-einhorn4-480x687.jpg 480w, https:\/\/der-rote-faden.de\/wordpress\/wp-content\/uploads\/2018\/08\/rosa-einhorn4.jpg 838w\" sizes=\"auto, (max-width: 424px) 100vw, 424px\" \/><\/p>\n<p>Die Bestellung der Tr\u00e4gerin war pr\u00e4zise: Kleid mit gro\u00dfen Taschen. Und dann hat sie sich noch einen quietschbunten rosa Stoff mit Einh\u00f6rnern ausgesucht, auf den ich wohl nie gekommen w\u00e4re. Nun gut, Geschmackssache. Aber als das Kleidchen fertig war, kam von mir ein &#8222;wow&#8220; h\u00e4tte ich nicht gedacht, dass quietschbunt so sch\u00f6n aussehen kann.<\/p>\n<p><img loading=\"lazy\" decoding=\"async\" class=\"aligncenter wp-image-2303\" src=\"https:\/\/der-rote-faden.de\/wordpress\/wp-content\/uploads\/2018\/08\/rosa-einhorn3-1005x1024.jpg\" alt=\"rosa einhornkleid3\" width=\"520\" height=\"530\" srcset=\"https:\/\/der-rote-faden.de\/wordpress\/wp-content\/uploads\/2018\/08\/rosa-einhorn3-1005x1024.jpg 1005w, https:\/\/der-rote-faden.de\/wordpress\/wp-content\/uploads\/2018\/08\/rosa-einhorn3-294x300.jpg 294w, https:\/\/der-rote-faden.de\/wordpress\/wp-content\/uploads\/2018\/08\/rosa-einhorn3-768x783.jpg 768w, https:\/\/der-rote-faden.de\/wordpress\/wp-content\/uploads\/2018\/08\/rosa-einhorn3-830x846.jpg 830w, https:\/\/der-rote-faden.de\/wordpress\/wp-content\/uploads\/2018\/08\/rosa-einhorn3-230x234.jpg 230w, https:\/\/der-rote-faden.de\/wordpress\/wp-content\/uploads\/2018\/08\/rosa-einhorn3-350x357.jpg 350w, https:\/\/der-rote-faden.de\/wordpress\/wp-content\/uploads\/2018\/08\/rosa-einhorn3-480x489.jpg 480w, https:\/\/der-rote-faden.de\/wordpress\/wp-content\/uploads\/2018\/08\/rosa-einhorn3.jpg 1836w\" sizes=\"auto, (max-width: 520px) 100vw, 520px\" \/><\/p>\n<p>den Schnitt habe ich vom <a href=\"https:\/\/der-rote-faden.de\/wordpress\/kindertunikakragengross\/\" target=\"_blank\" rel=\"noopener\">Tunika-Kleid<\/a> genommen werden, da passt dann der \u00c4rmelausschnitt. Die vordere L\u00e4nge wird verk\u00fcrzt auf 20 cm. Nicht mehr, da noch ein B\u00fcndchen von 5 cm Breite dazwischen kommen soll.<\/p>\n<p>Beim Halsausschnitt wird seitlich und vorne in der vorderen Mitte VM je 1 cm verk\u00fcrzt, da die Tunika wegen des besonders weiten Kragens einen gr\u00f6\u00dferen Halsausschnitt hatte. Zudem kann der Schnitt jeweils 0,5-1 cm seitlich enger gemacht werden, da das Kleid nicht so weit wie eine Tunika sein muss.<\/p>\n<p><img loading=\"lazy\" decoding=\"async\" class=\"aligncenter wp-image-2297\" src=\"https:\/\/der-rote-faden.de\/wordpress\/wp-content\/uploads\/2018\/08\/20180727_161035-1024x576.jpg\" alt=\"schnittmuster-einhornkleid\" width=\"613\" height=\"345\" srcset=\"https:\/\/der-rote-faden.de\/wordpress\/wp-content\/uploads\/2018\/08\/20180727_161035-1024x576.jpg 1024w, https:\/\/der-rote-faden.de\/wordpress\/wp-content\/uploads\/2018\/08\/20180727_161035-300x169.jpg 300w, https:\/\/der-rote-faden.de\/wordpress\/wp-content\/uploads\/2018\/08\/20180727_161035-768x432.jpg 768w, https:\/\/der-rote-faden.de\/wordpress\/wp-content\/uploads\/2018\/08\/20180727_161035-830x467.jpg 830w, https:\/\/der-rote-faden.de\/wordpress\/wp-content\/uploads\/2018\/08\/20180727_161035-230x129.jpg 230w, https:\/\/der-rote-faden.de\/wordpress\/wp-content\/uploads\/2018\/08\/20180727_161035-350x197.jpg 350w, https:\/\/der-rote-faden.de\/wordpress\/wp-content\/uploads\/2018\/08\/20180727_161035-480x270.jpg 480w\" sizes=\"auto, (max-width: 613px) 100vw, 613px\" \/><\/p>\n<p>&nbsp;<\/p>\n<p>Die Rockl\u00e4nge \u00fcbernehme ich\u00a0 vom H\u00e4ngerkleidchen bzw. vom <a href=\"https:\/\/der-rote-faden.de\/wordpress\/kindertunikakragengross\/\" target=\"_blank\" rel=\"noopener\">Tunika-Kleid<\/a>, da hier schon die Taschengriffe eingearbeitet sind und verl\u00e4ngere es um 3 cm, wenn ein 4 cm B\u00fcndchen unten hin soll (etwas L\u00e4nge geht verloren, wenn es sich ballonartig bauscht). Zus\u00e4tzlich verbreitere ich es um 8 cm pro Schnitt-Teil, um etwas Kr\u00e4uselung reinzubekommen. Ich habe die zus\u00e4tzlichen Erweiterungen als Streifen angesetzt, so l\u00e4sst sich der Schnitt auch wieder in der Ursprungsform verwenden.<\/p>\n<p><img loading=\"lazy\" decoding=\"async\" class=\"aligncenter wp-image-2299\" src=\"https:\/\/der-rote-faden.de\/wordpress\/wp-content\/uploads\/2018\/08\/20180727_161653-1024x576.jpg\" alt=\"schnittmuster-rosa-einhorn2\" width=\"604\" height=\"340\" srcset=\"https:\/\/der-rote-faden.de\/wordpress\/wp-content\/uploads\/2018\/08\/20180727_161653-1024x576.jpg 1024w, https:\/\/der-rote-faden.de\/wordpress\/wp-content\/uploads\/2018\/08\/20180727_161653-300x169.jpg 300w, https:\/\/der-rote-faden.de\/wordpress\/wp-content\/uploads\/2018\/08\/20180727_161653-768x432.jpg 768w, https:\/\/der-rote-faden.de\/wordpress\/wp-content\/uploads\/2018\/08\/20180727_161653-830x467.jpg 830w, https:\/\/der-rote-faden.de\/wordpress\/wp-content\/uploads\/2018\/08\/20180727_161653-230x129.jpg 230w, https:\/\/der-rote-faden.de\/wordpress\/wp-content\/uploads\/2018\/08\/20180727_161653-350x197.jpg 350w, https:\/\/der-rote-faden.de\/wordpress\/wp-content\/uploads\/2018\/08\/20180727_161653-480x270.jpg 480w\" sizes=\"auto, (max-width: 604px) 100vw, 604px\" \/><\/p>\n<p>Die weitere Verarbeitung seht ihr ebenfalls beim Tunika-Kleid, nur die Taschen habe ich, da nicht aufgesetzt, sondern nach innen gearbeitet, etwas kleiner gestaltet und mir daf\u00fcr einen Taschenbeutel entsprechend der \u00e4u\u00dferen Schnittf\u00fchrung der Tasche gezeichnet.<\/p>\n<p><img loading=\"lazy\" decoding=\"async\" class=\"aligncenter wp-image-2301\" src=\"https:\/\/der-rote-faden.de\/wordpress\/wp-content\/uploads\/2018\/08\/20180727_165057-1024x576.jpg\" alt=\"schnittmuster-rosa-einhorn3\" width=\"609\" height=\"343\" srcset=\"https:\/\/der-rote-faden.de\/wordpress\/wp-content\/uploads\/2018\/08\/20180727_165057-1024x576.jpg 1024w, https:\/\/der-rote-faden.de\/wordpress\/wp-content\/uploads\/2018\/08\/20180727_165057-300x169.jpg 300w, https:\/\/der-rote-faden.de\/wordpress\/wp-content\/uploads\/2018\/08\/20180727_165057-768x432.jpg 768w, https:\/\/der-rote-faden.de\/wordpress\/wp-content\/uploads\/2018\/08\/20180727_165057-830x467.jpg 830w, https:\/\/der-rote-faden.de\/wordpress\/wp-content\/uploads\/2018\/08\/20180727_165057-230x129.jpg 230w, https:\/\/der-rote-faden.de\/wordpress\/wp-content\/uploads\/2018\/08\/20180727_165057-350x197.jpg 350w, https:\/\/der-rote-faden.de\/wordpress\/wp-content\/uploads\/2018\/08\/20180727_165057-480x270.jpg 480w\" sizes=\"auto, (max-width: 609px) 100vw, 609px\" \/><\/p>\n<p>&nbsp;<\/p>\n<p>Der \u00c4rmel kann ebenfalls vom Tunika-Kleid \u00fcbernommen werden und als kurzer \u00c4rmel auf 16 cm eingeschlagen, also verk\u00fcrzt werden in der L\u00e4nge. Ich habe ihn hier in blau zugeschnitten und die Farbe bei den Taschen wieder aufgenommen.<\/p>\n<p><img loading=\"lazy\" decoding=\"async\" class=\"aligncenter wp-image-2309\" src=\"https:\/\/der-rote-faden.de\/wordpress\/wp-content\/uploads\/2018\/08\/20180728_132413-576x1024.jpg\" alt=\"einhorn-schnittteile\" width=\"429\" height=\"762\" srcset=\"https:\/\/der-rote-faden.de\/wordpress\/wp-content\/uploads\/2018\/08\/20180728_132413-576x1024.jpg 576w, https:\/\/der-rote-faden.de\/wordpress\/wp-content\/uploads\/2018\/08\/20180728_132413-169x300.jpg 169w, https:\/\/der-rote-faden.de\/wordpress\/wp-content\/uploads\/2018\/08\/20180728_132413-768x1365.jpg 768w, https:\/\/der-rote-faden.de\/wordpress\/wp-content\/uploads\/2018\/08\/20180728_132413-830x1476.jpg 830w, https:\/\/der-rote-faden.de\/wordpress\/wp-content\/uploads\/2018\/08\/20180728_132413-230x409.jpg 230w, https:\/\/der-rote-faden.de\/wordpress\/wp-content\/uploads\/2018\/08\/20180728_132413-350x622.jpg 350w, https:\/\/der-rote-faden.de\/wordpress\/wp-content\/uploads\/2018\/08\/20180728_132413-480x853.jpg 480w, https:\/\/der-rote-faden.de\/wordpress\/wp-content\/uploads\/2018\/08\/20180728_132413.jpg 1836w\" sizes=\"auto, (max-width: 429px) 100vw, 429px\" \/><\/p>\n<p>Klettband zum Verschlie\u00dfen der Taschen rechts und links, das geh\u00f6rte auch zu der Vorgabe f\u00fcr das Kleid \ud83d\ude09 Auf der rechten Seite habe ich einen 3 cm langen Streifen angebracht, 1 cm h\u00e4tte wohl auch gen\u00fcgt, wie auf der linken Seite. Nach ein paar Trageversuchen werde ich es wohl \u00e4ndern.<\/p>\n<p><img loading=\"lazy\" decoding=\"async\" class=\"aligncenter wp-image-2302\" src=\"https:\/\/der-rote-faden.de\/wordpress\/wp-content\/uploads\/2018\/08\/rosa-einhorn2-728x1024.jpg\" alt=\"rosa einhornkleid\" width=\"438\" height=\"616\" srcset=\"https:\/\/der-rote-faden.de\/wordpress\/wp-content\/uploads\/2018\/08\/rosa-einhorn2-728x1024.jpg 728w, https:\/\/der-rote-faden.de\/wordpress\/wp-content\/uploads\/2018\/08\/rosa-einhorn2-213x300.jpg 213w, https:\/\/der-rote-faden.de\/wordpress\/wp-content\/uploads\/2018\/08\/rosa-einhorn2-768x1080.jpg 768w, https:\/\/der-rote-faden.de\/wordpress\/wp-content\/uploads\/2018\/08\/rosa-einhorn2-830x1168.jpg 830w, https:\/\/der-rote-faden.de\/wordpress\/wp-content\/uploads\/2018\/08\/rosa-einhorn2-230x324.jpg 230w, https:\/\/der-rote-faden.de\/wordpress\/wp-content\/uploads\/2018\/08\/rosa-einhorn2-350x492.jpg 350w, https:\/\/der-rote-faden.de\/wordpress\/wp-content\/uploads\/2018\/08\/rosa-einhorn2-480x675.jpg 480w, https:\/\/der-rote-faden.de\/wordpress\/wp-content\/uploads\/2018\/08\/rosa-einhorn2.jpg 1836w\" sizes=\"auto, (max-width: 438px) 100vw, 438px\" \/><\/p>\n<p>42 cm x 6 cm gelbes B\u00fcndchen am Bauch (incl. Nahtzugabe 8 cm)<\/p>\n<p>44 x 1 cm Halsb\u00fcndchen rot (incl. Nahtzugabe 3 cm)<\/p>\n<p>104 x 2,5 cm B\u00fcndchen unten gr\u00fcn (mit Nahtzugabe 4 cm)<\/p>\n<p>Wenn euch dieser Beitrag gef\u00e4llt, w\u00fcrden wir uns \u00fcber einen Kommentar freuen, ebenso nat\u00fcrlich, wenn er euch nicht gef\u00e4llt oder ihr Anregungen zur Verbesserung oder Fragen habt.\u00a0 Gern k\u00f6nnt ihr uns liken bzw. folgen:<\/p>\n<p><a href=\"https:\/\/www.facebook.com\/pg\/DerRoteFadenAachenStoffe\/posts\/?ref=page_internal\" target=\"_blank\" rel=\"noopener\"><img loading=\"lazy\" decoding=\"async\" class=\"alignnone wp-image-1849 size-thumbnail\" src=\"https:\/\/der-rote-faden.de\/wordpress\/wp-content\/uploads\/2017\/10\/facebook-150x150.jpg\" sizes=\"auto, (max-width: 150px) 100vw, 150px\" srcset=\"https:\/\/der-rote-faden.de\/wordpress\/wp-content\/uploads\/2017\/10\/facebook-150x150.jpg 150w, https:\/\/der-rote-faden.de\/wordpress\/wp-content\/uploads\/2017\/10\/facebook.jpg 204w\" alt=\"facebook\" width=\"150\" height=\"150\" \/><\/a><a href=\"https:\/\/twitter.com\/mia22065\" target=\"_blank\" rel=\"noopener\"><img loading=\"lazy\" decoding=\"async\" class=\"alignnone wp-image-1845\" src=\"https:\/\/der-rote-faden.de\/wordpress\/wp-content\/uploads\/2017\/10\/twttr-150x150.jpg\" sizes=\"auto, (max-width: 137px) 100vw, 137px\" srcset=\"https:\/\/der-rote-faden.de\/wordpress\/wp-content\/uploads\/2017\/10\/twttr-150x150.jpg 150w, https:\/\/der-rote-faden.de\/wordpress\/wp-content\/uploads\/2017\/10\/twttr.jpg 225w\" alt=\"twitter\" width=\"137\" height=\"137\" \/><\/a><a href=\"https:\/\/www.instagram.com\/der.rote.faden\/\" target=\"_blank\" rel=\"noopener\"><img loading=\"lazy\" decoding=\"async\" class=\"alignnone wp-image-1848 size-thumbnail\" src=\"https:\/\/der-rote-faden.de\/wordpress\/wp-content\/uploads\/2017\/10\/instgrm-150x150.jpg\" sizes=\"auto, (max-width: 150px) 100vw, 150px\" srcset=\"https:\/\/der-rote-faden.de\/wordpress\/wp-content\/uploads\/2017\/10\/instgrm-150x150.jpg 150w, https:\/\/der-rote-faden.de\/wordpress\/wp-content\/uploads\/2017\/10\/instgrm.jpg 225w\" alt=\"instagram\" width=\"150\" height=\"150\" \/><\/a><a href=\"https:\/\/www.pinterest.de\/schellwetzig\/n%C3%A4hen-einfach-mit-kostenlosen-schnittmustern\/\" target=\"_blank\" rel=\"noopener\"><img loading=\"lazy\" decoding=\"async\" class=\"alignnone wp-image-1846 size-thumbnail\" src=\"https:\/\/der-rote-faden.de\/wordpress\/wp-content\/uploads\/2017\/10\/pint-150x150.png\" sizes=\"auto, (max-width: 150px) 100vw, 150px\" srcset=\"https:\/\/der-rote-faden.de\/wordpress\/wp-content\/uploads\/2017\/10\/pint-150x150.png 150w, https:\/\/der-rote-faden.de\/wordpress\/wp-content\/uploads\/2017\/10\/pint.png 225w\" alt=\"pinterest\" width=\"150\" height=\"150\" \/><\/a><\/p>\n<p>verlinkt in:<\/p>\n<p><a href=\"http:\/\/handmadeontuesday.blogspot.de\/\" target=\"_blank\" rel=\"noopener\">HOT handmade on tuesday<\/a><\/p>\n<p><a href=\"http:\/\/dienstagsdinge.blogspot.de\/\" target=\"_blank\" rel=\"noopener\">dienstagsdinge<\/a><\/p>\n<p><a href=\"http:\/\/www.lunaju.de\/search\/label\/Kiddikram\" target=\"_blank\" rel=\"noopener\">kiddikram<\/a><\/p>\n<p><a href=\"https:\/\/naehfrosch.de\/kostenlose-schnittmuster-linkparty\/#kostenloseschnittmusterlinkparty\" target=\"_blank\" rel=\"noopener\">n\u00e4hfrosch<\/a><\/p>\n<p><a href=\"https:\/\/www.keko-kreativ.de\/bio-linkparty-abschluss\/\" target=\"_blank\" rel=\"noopener\">ich n\u00e4h Bio<\/a><\/p>\n<p><a href=\"https:\/\/www.creadienstag.de\/\" target=\"_blank\" rel=\"noopener\">Creadienstag<\/a><\/p>\n<p><a href=\"http:\/\/selbermachen-macht-gluecklich.de\/biostoff-linkparty-10-18-naehbuch-verlosung\/\" target=\"_blank\" rel=\"noopener\">Biostoff-Linkparty<\/a><\/p>\n<p>&nbsp;<\/p>\n","protected":false},"excerpt":{"rendered":"<p>Kleidchen mit gro\u00dfen Taschen 70 cm Bio-Baumwoll-Jersey mit Einh\u00f6rnern 20 cm Bio-Baumwolljersey blau 10 cm Bio-Baumwoll-B\u00fcndchen gelb verschiedene Reste rot + gr\u00fcn, Bio-Baumwoll-Jersey &nbsp; Die Bestellung der Tr\u00e4gerin war pr\u00e4zise: Kleid mit gro\u00dfen Taschen. Und dann hat sie sich noch einen quietschbunten rosa Stoff mit Einh\u00f6rnern ausgesucht, auf den ich wohl nie gekommen w\u00e4re. Nun gut, Geschmackssache. Aber als das Kleidchen fertig war, kam von mir ein &#8222;wow&#8220; h\u00e4tte ich nicht gedacht, dass quietschbunt so sch\u00f6n aussehen kann. den Schnitt habe ich vom Tunika-Kleid genommen werden, da passt dann der \u00c4rmelausschnitt. Die vordere L\u00e4nge wird verk\u00fcrzt auf 20 cm. Nicht [&hellip;]<\/p>\n","protected":false},"author":2,"featured_media":0,"comment_status":"open","ping_status":"closed","sticky":false,"template":"","format":"standard","meta":{"footnotes":""},"categories":[1,68],"tags":[88,94,85,48],"class_list":["post-2295","post","type-post","status-publish","format-standard","hentry","category-beitraege","category-naehen-fuer-kinder","tag-bio-baumwoll-jersey","tag-schnitt-kinderkleid","tag-schnitt-selbst-erstellen-schnell-und-einfach","tag-schnittabaenderung"],"_links":{"self":[{"href":"https:\/\/der-rote-faden.de\/wordpress\/wp-json\/wp\/v2\/posts\/2295","targetHints":{"allow":["GET"]}}],"collection":[{"href":"https:\/\/der-rote-faden.de\/wordpress\/wp-json\/wp\/v2\/posts"}],"about":[{"href":"https:\/\/der-rote-faden.de\/wordpress\/wp-json\/wp\/v2\/types\/post"}],"author":[{"embeddable":true,"href":"https:\/\/der-rote-faden.de\/wordpress\/wp-json\/wp\/v2\/users\/2"}],"replies":[{"embeddable":true,"href":"https:\/\/der-rote-faden.de\/wordpress\/wp-json\/wp\/v2\/comments?post=2295"}],"version-history":[{"count":10,"href":"https:\/\/der-rote-faden.de\/wordpress\/wp-json\/wp\/v2\/posts\/2295\/revisions"}],"predecessor-version":[{"id":2439,"href":"https:\/\/der-rote-faden.de\/wordpress\/wp-json\/wp\/v2\/posts\/2295\/revisions\/2439"}],"wp:attachment":[{"href":"https:\/\/der-rote-faden.de\/wordpress\/wp-json\/wp\/v2\/media?parent=2295"}],"wp:term":[{"taxonomy":"category","embeddable":true,"href":"https:\/\/der-rote-faden.de\/wordpress\/wp-json\/wp\/v2\/categories?post=2295"},{"taxonomy":"post_tag","embeddable":true,"href":"https:\/\/der-rote-faden.de\/wordpress\/wp-json\/wp\/v2\/tags?post=2295"}],"curies":[{"name":"wp","href":"https:\/\/api.w.org\/{rel}","templated":true}]}}