{"id":2331,"date":"2018-09-06T01:21:58","date_gmt":"2018-09-05T23:21:58","guid":{"rendered":"https:\/\/der-rote-faden.de\/wordpress\/?p=2331"},"modified":"2018-09-22T15:16:38","modified_gmt":"2018-09-22T13:16:38","slug":"tunika-bluse-bunte-graphische-muster","status":"publish","type":"post","link":"https:\/\/der-rote-faden.de\/wordpress\/tunika-bluse-bunte-graphische-muster\/","title":{"rendered":"Tunika-Bluse bunte graphische Muster"},"content":{"rendered":"<h1>Tunika-Bluse mit Knopfleiste<\/h1>\n<p><img loading=\"lazy\" decoding=\"async\" class=\"wp-image-2343 alignleft\" src=\"https:\/\/der-rote-faden.de\/wordpress\/wp-content\/uploads\/2018\/09\/bluse-bunt2.jpg\" alt=\"bluse bunt 2\" width=\"267\" height=\"433\" srcset=\"https:\/\/der-rote-faden.de\/wordpress\/wp-content\/uploads\/2018\/09\/bluse-bunt2.jpg 370w, https:\/\/der-rote-faden.de\/wordpress\/wp-content\/uploads\/2018\/09\/bluse-bunt2-185x300.jpg 185w, https:\/\/der-rote-faden.de\/wordpress\/wp-content\/uploads\/2018\/09\/bluse-bunt2-230x373.jpg 230w, https:\/\/der-rote-faden.de\/wordpress\/wp-content\/uploads\/2018\/09\/bluse-bunt2-350x568.jpg 350w\" sizes=\"auto, (max-width: 267px) 100vw, 267px\" \/><\/p>\n<p><img loading=\"lazy\" decoding=\"async\" class=\"wp-image-2341 alignright\" src=\"https:\/\/der-rote-faden.de\/wordpress\/wp-content\/uploads\/2018\/09\/bluse-offen.jpg\" alt=\"bluse offen\" width=\"293\" height=\"426\" srcset=\"https:\/\/der-rote-faden.de\/wordpress\/wp-content\/uploads\/2018\/09\/bluse-offen.jpg 412w, https:\/\/der-rote-faden.de\/wordpress\/wp-content\/uploads\/2018\/09\/bluse-offen-206x300.jpg 206w, https:\/\/der-rote-faden.de\/wordpress\/wp-content\/uploads\/2018\/09\/bluse-offen-230x335.jpg 230w, https:\/\/der-rote-faden.de\/wordpress\/wp-content\/uploads\/2018\/09\/bluse-offen-350x510.jpg 350w\" sizes=\"auto, (max-width: 293px) 100vw, 293px\" \/><\/p>\n<p>&nbsp;<\/p>\n<p>&nbsp;<\/p>\n<p>&nbsp;<\/p>\n<p>&nbsp;<\/p>\n<p>&nbsp;<\/p>\n<p>&nbsp;<\/p>\n<p>&nbsp;<\/p>\n<p>&nbsp;<\/p>\n<p>&nbsp;<\/p>\n<p>&nbsp;<\/p>\n<p>&nbsp;<\/p>\n<p>&nbsp;<\/p>\n<p>&nbsp;<\/p>\n<p>Hier zeige ich euch eine einfache Bluse, die mit Druckkn\u00f6pfen schnell erstellt ist und vielseitig einsetzbar, da sie geschlossen wie auch offen getragen eine gute Figur macht.<\/p>\n<p>&nbsp;<\/p>\n<h2>Stoffverbrauch:<\/h2>\n<p>1,30 m Baumwoll-Batist oder Popeline, hier: <a href=\"https:\/\/der-rote-faden.de\/de\/Modestoffe-Sommer\/\" target=\"_blank\" rel=\"noopener\">Batist Baumwoll-Leinen-Mischung mit Retro-Muster<\/a> (35-50 cm f\u00fcr rund in Form geschnittenen Kragenbeleg rechnen)<\/p>\n<h2>Schnittgestaltung:<\/h2>\n<p>Ich habe hier den gleichen Schnitt genommen wie f\u00fcr die <a href=\"https:\/\/der-rote-faden.de\/wordpress\/schnelle-tunika-mit-voegeln\/\" target=\"_blank\" rel=\"noopener\">Tunika mit V\u00f6geln<\/a>, also einen im Schulterbereich etwas erweiterteren Grundschnitt.<\/p>\n<p><img loading=\"lazy\" decoding=\"async\" class=\"aligncenter wp-image-2225\" src=\"https:\/\/der-rote-faden.de\/wordpress\/wp-content\/uploads\/2018\/05\/tunika-3-1024x576.jpg\" sizes=\"auto, (max-width: 618px) 100vw, 618px\" srcset=\"https:\/\/der-rote-faden.de\/wordpress\/wp-content\/uploads\/2018\/05\/tunika-3-1024x576.jpg 1024w, https:\/\/der-rote-faden.de\/wordpress\/wp-content\/uploads\/2018\/05\/tunika-3-300x169.jpg 300w, https:\/\/der-rote-faden.de\/wordpress\/wp-content\/uploads\/2018\/05\/tunika-3-768x432.jpg 768w, https:\/\/der-rote-faden.de\/wordpress\/wp-content\/uploads\/2018\/05\/tunika-3-830x467.jpg 830w, https:\/\/der-rote-faden.de\/wordpress\/wp-content\/uploads\/2018\/05\/tunika-3-230x129.jpg 230w, https:\/\/der-rote-faden.de\/wordpress\/wp-content\/uploads\/2018\/05\/tunika-3-350x197.jpg 350w, https:\/\/der-rote-faden.de\/wordpress\/wp-content\/uploads\/2018\/05\/tunika-3-480x270.jpg 480w\" alt=\"tunika (3\" width=\"618\" height=\"348\" \/><\/p>\n<p>&nbsp;<\/p>\n<p>Dieser wird jedoch nur mit der HM an den Stoffbruch angelegt, mit der VM aber mit 8 cm Entfernung zur offenen Stoffkante, f\u00fcr die Knopf- und Knopflochleiste.<\/p>\n<p>Ab der vorderen Mitte (VM) werden 2 cm umgeb\u00fcgelt, f\u00fcr die Knopfloch-\/Druckknopfleiste.<\/p>\n<p><img loading=\"lazy\" decoding=\"async\" class=\"aligncenter wp-image-2338\" src=\"https:\/\/der-rote-faden.de\/wordpress\/wp-content\/uploads\/2018\/09\/20180823_200334-1024x576.jpg\" alt=\"knopflochleiste2\" width=\"608\" height=\"342\" srcset=\"https:\/\/der-rote-faden.de\/wordpress\/wp-content\/uploads\/2018\/09\/20180823_200334-1024x576.jpg 1024w, https:\/\/der-rote-faden.de\/wordpress\/wp-content\/uploads\/2018\/09\/20180823_200334-300x169.jpg 300w, https:\/\/der-rote-faden.de\/wordpress\/wp-content\/uploads\/2018\/09\/20180823_200334-768x432.jpg 768w, https:\/\/der-rote-faden.de\/wordpress\/wp-content\/uploads\/2018\/09\/20180823_200334-830x467.jpg 830w, https:\/\/der-rote-faden.de\/wordpress\/wp-content\/uploads\/2018\/09\/20180823_200334-230x129.jpg 230w, https:\/\/der-rote-faden.de\/wordpress\/wp-content\/uploads\/2018\/09\/20180823_200334-350x197.jpg 350w, https:\/\/der-rote-faden.de\/wordpress\/wp-content\/uploads\/2018\/09\/20180823_200334-480x270.jpg 480w\" sizes=\"auto, (max-width: 608px) 100vw, 608px\" \/><\/p>\n<p>&nbsp;<\/p>\n<p>&nbsp;<\/p>\n<p>An der VM wird Fixiereinlage aufgeb\u00fcgelt.<\/p>\n<p><img loading=\"lazy\" decoding=\"async\" class=\"aligncenter wp-image-2337\" src=\"https:\/\/der-rote-faden.de\/wordpress\/wp-content\/uploads\/2018\/09\/20180824_115111-1024x576.jpg\" alt=\"Beleg\" width=\"615\" height=\"346\" srcset=\"https:\/\/der-rote-faden.de\/wordpress\/wp-content\/uploads\/2018\/09\/20180824_115111-1024x576.jpg 1024w, https:\/\/der-rote-faden.de\/wordpress\/wp-content\/uploads\/2018\/09\/20180824_115111-300x169.jpg 300w, https:\/\/der-rote-faden.de\/wordpress\/wp-content\/uploads\/2018\/09\/20180824_115111-768x432.jpg 768w, https:\/\/der-rote-faden.de\/wordpress\/wp-content\/uploads\/2018\/09\/20180824_115111-830x467.jpg 830w, https:\/\/der-rote-faden.de\/wordpress\/wp-content\/uploads\/2018\/09\/20180824_115111-230x129.jpg 230w, https:\/\/der-rote-faden.de\/wordpress\/wp-content\/uploads\/2018\/09\/20180824_115111-350x197.jpg 350w, https:\/\/der-rote-faden.de\/wordpress\/wp-content\/uploads\/2018\/09\/20180824_115111-480x270.jpg 480w\" sizes=\"auto, (max-width: 615px) 100vw, 615px\" \/><\/p>\n<p>&nbsp;<\/p>\n<h2>Falsche Knopflochleiste:<\/h2>\n<p><img loading=\"lazy\" decoding=\"async\" class=\"aligncenter size-full wp-image-2334\" src=\"https:\/\/der-rote-faden.de\/wordpress\/wp-content\/uploads\/2018\/09\/knopfleiste.jpg\" alt=\"knopfleiste\" width=\"600\" height=\"338\" srcset=\"https:\/\/der-rote-faden.de\/wordpress\/wp-content\/uploads\/2018\/09\/knopfleiste.jpg 600w, https:\/\/der-rote-faden.de\/wordpress\/wp-content\/uploads\/2018\/09\/knopfleiste-300x169.jpg 300w, https:\/\/der-rote-faden.de\/wordpress\/wp-content\/uploads\/2018\/09\/knopfleiste-230x130.jpg 230w, https:\/\/der-rote-faden.de\/wordpress\/wp-content\/uploads\/2018\/09\/knopfleiste-350x197.jpg 350w, https:\/\/der-rote-faden.de\/wordpress\/wp-content\/uploads\/2018\/09\/knopfleiste-480x270.jpg 480w\" sizes=\"auto, (max-width: 600px) 100vw, 600px\" \/><\/p>\n<p>Dann b\u00fcgele ich noch eine 2 mm Biese entlang der VM ab, die dann abgesteppt wird. Dies erweckt den Eindruck einer angesetzten Knopflochleiste, macht jedoch weniger Arbeit als eine echte.<\/p>\n<h2>Kragen:<\/h2>\n<p>F\u00fcr den Formkragen wird der nun entstandene Halsausschnitt (also inkl. \u00dcbertritt Knopfleiste) gemessen, bei mir sind es 72 cm. So lang wird der Formkragen.<\/p>\n<p>Als Schnittvorlage mache ich mir daf\u00fcr einen 36 cm x 3 cm Streifen, leicht gebogen, damit der Kragen am Hals nicht unsch\u00f6n absteht.<\/p>\n<p>Um eine m\u00f6glichst gleichm\u00e4\u00dfige Rundung zu bekommen, falte ich mein Schnittmusterpapier und zeichne &#8211; im rechten Winkel zum Bruch &#8211; eine sch\u00f6ne leicht gerundete Linie in (36\/2=) 18 cm L\u00e4nge. Parallel 2 cm dazu eine weitere Linie und beende sie im rechten Winkel zur 1. Linie.<\/p>\n<p><img loading=\"lazy\" decoding=\"async\" class=\"aligncenter wp-image-2336\" src=\"https:\/\/der-rote-faden.de\/wordpress\/wp-content\/uploads\/2018\/09\/20180824_104726-1024x576.jpg\" alt=\"kragen\" width=\"606\" height=\"341\" srcset=\"https:\/\/der-rote-faden.de\/wordpress\/wp-content\/uploads\/2018\/09\/20180824_104726-1024x576.jpg 1024w, https:\/\/der-rote-faden.de\/wordpress\/wp-content\/uploads\/2018\/09\/20180824_104726-300x169.jpg 300w, https:\/\/der-rote-faden.de\/wordpress\/wp-content\/uploads\/2018\/09\/20180824_104726-768x432.jpg 768w, https:\/\/der-rote-faden.de\/wordpress\/wp-content\/uploads\/2018\/09\/20180824_104726-830x467.jpg 830w, https:\/\/der-rote-faden.de\/wordpress\/wp-content\/uploads\/2018\/09\/20180824_104726-230x129.jpg 230w, https:\/\/der-rote-faden.de\/wordpress\/wp-content\/uploads\/2018\/09\/20180824_104726-350x197.jpg 350w, https:\/\/der-rote-faden.de\/wordpress\/wp-content\/uploads\/2018\/09\/20180824_104726-480x270.jpg 480w\" sizes=\"auto, (max-width: 606px) 100vw, 606px\" \/><\/p>\n<p>Achtung! Je nach Rundung ben\u00f6tigt man 35-50 cm Stoff f\u00fcr den Kragen. Diesen also einplanen.<\/p>\n<p><img loading=\"lazy\" decoding=\"async\" class=\"aligncenter wp-image-2339\" src=\"https:\/\/der-rote-faden.de\/wordpress\/wp-content\/uploads\/2018\/09\/20180824_105310-1024x576.jpg\" alt=\"\" width=\"616\" height=\"347\" srcset=\"https:\/\/der-rote-faden.de\/wordpress\/wp-content\/uploads\/2018\/09\/20180824_105310-1024x576.jpg 1024w, https:\/\/der-rote-faden.de\/wordpress\/wp-content\/uploads\/2018\/09\/20180824_105310-300x169.jpg 300w, https:\/\/der-rote-faden.de\/wordpress\/wp-content\/uploads\/2018\/09\/20180824_105310-768x432.jpg 768w, https:\/\/der-rote-faden.de\/wordpress\/wp-content\/uploads\/2018\/09\/20180824_105310-830x467.jpg 830w, https:\/\/der-rote-faden.de\/wordpress\/wp-content\/uploads\/2018\/09\/20180824_105310-230x129.jpg 230w, https:\/\/der-rote-faden.de\/wordpress\/wp-content\/uploads\/2018\/09\/20180824_105310-350x197.jpg 350w, https:\/\/der-rote-faden.de\/wordpress\/wp-content\/uploads\/2018\/09\/20180824_105310-480x270.jpg 480w\" sizes=\"auto, (max-width: 616px) 100vw, 616px\" \/><\/p>\n<p>Er wird rechts auf rechts gen\u00e4ht, gewendet und an den Ausschnitt b\u00fcndig bis zum \u00dcbertritt der Knopfleiste gen\u00e4ht.<\/p>\n<p>Zuletzt habe ich noch <a href=\"https:\/\/der-rote-faden.de\/de\/Verschluesse\/Druckknoepfe-naeh-naehfrei\/\" target=\"_blank\" rel=\"noopener\">Color-Snaps-Druckkn\u00f6pfe <\/a>reingeschlagen, im Abstand von je 11 cm.<\/p>\n<p><img loading=\"lazy\" decoding=\"async\" class=\"wp-image-2332 aligncenter\" src=\"https:\/\/der-rote-faden.de\/wordpress\/wp-content\/uploads\/2018\/08\/bluse-dreiecke-bunt.jpg\" alt=\"bluse dreiecke bunt\" width=\"447\" height=\"601\" srcset=\"https:\/\/der-rote-faden.de\/wordpress\/wp-content\/uploads\/2018\/08\/bluse-dreiecke-bunt.jpg 446w, https:\/\/der-rote-faden.de\/wordpress\/wp-content\/uploads\/2018\/08\/bluse-dreiecke-bunt-223x300.jpg 223w, https:\/\/der-rote-faden.de\/wordpress\/wp-content\/uploads\/2018\/08\/bluse-dreiecke-bunt-230x309.jpg 230w, https:\/\/der-rote-faden.de\/wordpress\/wp-content\/uploads\/2018\/08\/bluse-dreiecke-bunt-350x471.jpg 350w\" sizes=\"auto, (max-width: 447px) 100vw, 447px\" \/><\/p>\n<p>&nbsp;<\/p>\n<p>&nbsp;<\/p>\n<p>Wenn euch dieser Beitrag gefallen hat, k\u00f6nnt ihr gern hier unten einen Kommentar hinterlassen oder uns liken bzw. folgen:<\/p>\n<p><a href=\"https:\/\/www.facebook.com\/pg\/DerRoteFadenAachenStoffe\/posts\/?ref=page_internal\" target=\"_blank\" rel=\"noopener\"><img loading=\"lazy\" decoding=\"async\" class=\"alignnone wp-image-1849 size-thumbnail\" src=\"https:\/\/der-rote-faden.de\/wordpress\/wp-content\/uploads\/2017\/10\/facebook-150x150.jpg\" sizes=\"auto, (max-width: 150px) 100vw, 150px\" srcset=\"https:\/\/der-rote-faden.de\/wordpress\/wp-content\/uploads\/2017\/10\/facebook-150x150.jpg 150w, https:\/\/der-rote-faden.de\/wordpress\/wp-content\/uploads\/2017\/10\/facebook.jpg 204w\" alt=\"facebook\" width=\"150\" height=\"150\" \/><\/a><a href=\"https:\/\/twitter.com\/mia22065\" target=\"_blank\" rel=\"noopener\"><img loading=\"lazy\" decoding=\"async\" class=\"alignnone wp-image-1845\" src=\"https:\/\/der-rote-faden.de\/wordpress\/wp-content\/uploads\/2017\/10\/twttr-150x150.jpg\" sizes=\"auto, (max-width: 137px) 100vw, 137px\" srcset=\"https:\/\/der-rote-faden.de\/wordpress\/wp-content\/uploads\/2017\/10\/twttr-150x150.jpg 150w, https:\/\/der-rote-faden.de\/wordpress\/wp-content\/uploads\/2017\/10\/twttr.jpg 225w\" alt=\"twitter\" width=\"137\" height=\"137\" \/><\/a><a href=\"https:\/\/www.instagram.com\/der.rote.faden\/\" target=\"_blank\" rel=\"noopener\"><img loading=\"lazy\" decoding=\"async\" class=\"alignnone wp-image-1848 size-thumbnail\" src=\"https:\/\/der-rote-faden.de\/wordpress\/wp-content\/uploads\/2017\/10\/instgrm-150x150.jpg\" sizes=\"auto, (max-width: 150px) 100vw, 150px\" srcset=\"https:\/\/der-rote-faden.de\/wordpress\/wp-content\/uploads\/2017\/10\/instgrm-150x150.jpg 150w, https:\/\/der-rote-faden.de\/wordpress\/wp-content\/uploads\/2017\/10\/instgrm.jpg 225w\" alt=\"instagram\" width=\"150\" height=\"150\" \/><\/a><a href=\"https:\/\/www.pinterest.de\/schellwetzig\/n%C3%A4hen-einfach-mit-kostenlosen-schnittmustern\/\" target=\"_blank\" rel=\"noopener\"><img loading=\"lazy\" decoding=\"async\" class=\"alignnone wp-image-1846 size-thumbnail\" src=\"https:\/\/der-rote-faden.de\/wordpress\/wp-content\/uploads\/2017\/10\/pint-150x150.png\" sizes=\"auto, (max-width: 150px) 100vw, 150px\" srcset=\"https:\/\/der-rote-faden.de\/wordpress\/wp-content\/uploads\/2017\/10\/pint-150x150.png 150w, https:\/\/der-rote-faden.de\/wordpress\/wp-content\/uploads\/2017\/10\/pint.png 225w\" alt=\"pinterest\" width=\"150\" height=\"150\" \/><\/a><\/p>\n<p>verlinkt in:<\/p>\n<p><a href=\"http:\/\/www.sewlala.de\" target=\"_blank\" rel=\"noopener\">sewlala<\/a><\/p>\n<p><a href=\"https:\/\/naehfrosch.de\/tag\/du-fuer-dich-am-donnerstag\/\" target=\"_blank\" rel=\"noopener\">Du f\u00fcr dich<\/a><\/p>\n<p>&nbsp;<\/p>\n","protected":false},"excerpt":{"rendered":"<p>Tunika-Bluse mit Knopfleiste &nbsp; &nbsp; &nbsp; &nbsp; &nbsp; &nbsp; &nbsp; &nbsp; &nbsp; &nbsp; &nbsp; &nbsp; &nbsp; Hier zeige ich euch eine einfache Bluse, die mit Druckkn\u00f6pfen schnell erstellt ist und vielseitig einsetzbar, da sie geschlossen wie auch offen getragen eine gute Figur macht. &nbsp; Stoffverbrauch: 1,30 m Baumwoll-Batist oder Popeline, hier: Batist Baumwoll-Leinen-Mischung mit Retro-Muster (35-50 cm f\u00fcr rund in Form geschnittenen Kragenbeleg rechnen) Schnittgestaltung: Ich habe hier den gleichen Schnitt genommen wie f\u00fcr die Tunika mit V\u00f6geln, also einen im Schulterbereich etwas erweiterteren Grundschnitt. &nbsp; Dieser wird jedoch nur mit der HM an den Stoffbruch angelegt, mit der VM [&hellip;]<\/p>\n","protected":false},"author":2,"featured_media":2343,"comment_status":"open","ping_status":"closed","sticky":false,"template":"","format":"standard","meta":{"footnotes":""},"categories":[71,70,62,11],"tags":[76,66,82,85],"class_list":["post-2331","post","type-post","status-publish","format-standard","has-post-thumbnail","hentry","category-naehanleitungen","category-naehen-fuer-damen","category-schnitterstellung-damen","category-modestoffe_schnitterstellung","tag-anleitung-zur-schnittkonstruktion","tag-eigenes-schnittmuster-erstellen","tag-grundkenntnisse-der-schnittechnik","tag-schnitt-selbst-erstellen-schnell-und-einfach"],"_links":{"self":[{"href":"https:\/\/der-rote-faden.de\/wordpress\/wp-json\/wp\/v2\/posts\/2331","targetHints":{"allow":["GET"]}}],"collection":[{"href":"https:\/\/der-rote-faden.de\/wordpress\/wp-json\/wp\/v2\/posts"}],"about":[{"href":"https:\/\/der-rote-faden.de\/wordpress\/wp-json\/wp\/v2\/types\/post"}],"author":[{"embeddable":true,"href":"https:\/\/der-rote-faden.de\/wordpress\/wp-json\/wp\/v2\/users\/2"}],"replies":[{"embeddable":true,"href":"https:\/\/der-rote-faden.de\/wordpress\/wp-json\/wp\/v2\/comments?post=2331"}],"version-history":[{"count":8,"href":"https:\/\/der-rote-faden.de\/wordpress\/wp-json\/wp\/v2\/posts\/2331\/revisions"}],"predecessor-version":[{"id":2347,"href":"https:\/\/der-rote-faden.de\/wordpress\/wp-json\/wp\/v2\/posts\/2331\/revisions\/2347"}],"wp:featuredmedia":[{"embeddable":true,"href":"https:\/\/der-rote-faden.de\/wordpress\/wp-json\/wp\/v2\/media\/2343"}],"wp:attachment":[{"href":"https:\/\/der-rote-faden.de\/wordpress\/wp-json\/wp\/v2\/media?parent=2331"}],"wp:term":[{"taxonomy":"category","embeddable":true,"href":"https:\/\/der-rote-faden.de\/wordpress\/wp-json\/wp\/v2\/categories?post=2331"},{"taxonomy":"post_tag","embeddable":true,"href":"https:\/\/der-rote-faden.de\/wordpress\/wp-json\/wp\/v2\/tags?post=2331"}],"curies":[{"name":"wp","href":"https:\/\/api.w.org\/{rel}","templated":true}]}}