{"id":2457,"date":"2018-11-01T13:47:22","date_gmt":"2018-11-01T12:47:22","guid":{"rendered":"https:\/\/der-rote-faden.de\/wordpress\/?p=2457"},"modified":"2018-11-01T13:47:22","modified_gmt":"2018-11-01T12:47:22","slug":"ballonrockkindereinhorngelb","status":"publish","type":"post","link":"https:\/\/der-rote-faden.de\/wordpress\/ballonrockkindereinhorngelb\/","title":{"rendered":"BallonrockKinderEinhornGelb"},"content":{"rendered":"<p><img loading=\"lazy\" decoding=\"async\" class=\"wp-image-2458 aligncenter\" src=\"https:\/\/der-rote-faden.de\/wordpress\/wp-content\/uploads\/2018\/11\/einhornGelbRock4-613x1024.jpg\" alt=\"ballonrock\" width=\"259\" height=\"433\" srcset=\"https:\/\/der-rote-faden.de\/wordpress\/wp-content\/uploads\/2018\/11\/einhornGelbRock4-613x1024.jpg 613w, https:\/\/der-rote-faden.de\/wordpress\/wp-content\/uploads\/2018\/11\/einhornGelbRock4-180x300.jpg 180w, https:\/\/der-rote-faden.de\/wordpress\/wp-content\/uploads\/2018\/11\/einhornGelbRock4-768x1282.jpg 768w, https:\/\/der-rote-faden.de\/wordpress\/wp-content\/uploads\/2018\/11\/einhornGelbRock4-830x1386.jpg 830w, https:\/\/der-rote-faden.de\/wordpress\/wp-content\/uploads\/2018\/11\/einhornGelbRock4-230x384.jpg 230w, https:\/\/der-rote-faden.de\/wordpress\/wp-content\/uploads\/2018\/11\/einhornGelbRock4-350x584.jpg 350w, https:\/\/der-rote-faden.de\/wordpress\/wp-content\/uploads\/2018\/11\/einhornGelbRock4-480x801.jpg 480w, https:\/\/der-rote-faden.de\/wordpress\/wp-content\/uploads\/2018\/11\/einhornGelbRock4.jpg 1768w\" sizes=\"auto, (max-width: 259px) 100vw, 259px\" \/><\/p>\n<p>So ein Ballonr\u00f6ckchen kann gut ohne Schnitt gen\u00e4ht werden. Ma\u00dfnehmen und die Erstellung findet ihr im Beitrag <a href=\"https:\/\/der-rote-faden.de\/wordpress\/kraeusel-rock_ohne_schnitt\/\" target=\"_blank\" rel=\"noopener\">Kr\u00e4uselrock<\/a>.\u00a0 Ich habe jedoch f\u00fcr den Ballonrock nur 90 cm Breite genommen statt 120 cm, damit er als Ballonrock nicht zu sehr auftr\u00e4gt.<\/p>\n<p>Materialverbrauch:<\/p>\n<p>40 cm <a href=\"https:\/\/der-rote-faden.de\/de\/Stoffe-fuer-Kinder\/\" target=\"_blank\" rel=\"noopener\">Bio-Baumwoll-Jersey mit Einh\u00f6rnern<\/a><\/p>\n<p>20 cm <a href=\"https:\/\/der-rote-faden.de\/de\/Standardstoffe\/Jersey-Bw-schwer\/\" target=\"_blank\" rel=\"noopener\">Bio-Baumwolljersey gr\u00fcn<\/a><\/p>\n<p>30 cm <a href=\"https:\/\/der-rote-faden.de\/de\/Standardstoffe\/Buendchenware\/\" target=\"_blank\" rel=\"noopener\">Bio-Baumwoll-B\u00fcndchen gelb<\/a><\/p>\n<p><img loading=\"lazy\" decoding=\"async\" class=\"wp-image-2358 aligncenter\" src=\"https:\/\/der-rote-faden.de\/wordpress\/wp-content\/uploads\/2018\/07\/einhorn-gelb4.jpg\" alt=\"ballonrock\" width=\"398\" height=\"423\" srcset=\"https:\/\/der-rote-faden.de\/wordpress\/wp-content\/uploads\/2018\/07\/einhorn-gelb4.jpg 846w, https:\/\/der-rote-faden.de\/wordpress\/wp-content\/uploads\/2018\/07\/einhorn-gelb4-282x300.jpg 282w, https:\/\/der-rote-faden.de\/wordpress\/wp-content\/uploads\/2018\/07\/einhorn-gelb4-768x817.jpg 768w, https:\/\/der-rote-faden.de\/wordpress\/wp-content\/uploads\/2018\/07\/einhorn-gelb4-830x883.jpg 830w, https:\/\/der-rote-faden.de\/wordpress\/wp-content\/uploads\/2018\/07\/einhorn-gelb4-230x245.jpg 230w, https:\/\/der-rote-faden.de\/wordpress\/wp-content\/uploads\/2018\/07\/einhorn-gelb4-350x372.jpg 350w, https:\/\/der-rote-faden.de\/wordpress\/wp-content\/uploads\/2018\/07\/einhorn-gelb4-480x511.jpg 480w\" sizes=\"auto, (max-width: 398px) 100vw, 398px\" \/><\/p>\n<p>Da auch dieser Rock laut Auftraggeberin unbedingt Taschen haben musste, habe ich diese noch eingearbeitet. Die Anleitung dazu gibt es beim <a href=\"https:\/\/der-rote-faden.de\/wordpress\/einhornkleid-rosa-bunt\/\" target=\"_blank\" rel=\"noopener\">rosa Einhornkleid<\/a>.<\/p>\n<p><img loading=\"lazy\" decoding=\"async\" class=\"wp-image-2301 aligncenter\" src=\"https:\/\/der-rote-faden.de\/wordpress\/wp-content\/uploads\/2018\/08\/20180727_165057-1024x576.jpg\" alt=\"schnittmuster-rosa-einhorn3\" width=\"421\" height=\"237\" srcset=\"https:\/\/der-rote-faden.de\/wordpress\/wp-content\/uploads\/2018\/08\/20180727_165057-1024x576.jpg 1024w, https:\/\/der-rote-faden.de\/wordpress\/wp-content\/uploads\/2018\/08\/20180727_165057-300x169.jpg 300w, https:\/\/der-rote-faden.de\/wordpress\/wp-content\/uploads\/2018\/08\/20180727_165057-768x432.jpg 768w, https:\/\/der-rote-faden.de\/wordpress\/wp-content\/uploads\/2018\/08\/20180727_165057-830x467.jpg 830w, https:\/\/der-rote-faden.de\/wordpress\/wp-content\/uploads\/2018\/08\/20180727_165057-230x129.jpg 230w, https:\/\/der-rote-faden.de\/wordpress\/wp-content\/uploads\/2018\/08\/20180727_165057-350x197.jpg 350w, https:\/\/der-rote-faden.de\/wordpress\/wp-content\/uploads\/2018\/08\/20180727_165057-480x270.jpg 480w\" sizes=\"auto, (max-width: 421px) 100vw, 421px\" \/><\/p>\n<p>Zus\u00e4tzlich zu dem Kr\u00e4uselrock wird aber hier noch ein B\u00fcndchen unten an den Saum gen\u00e4ht, das so breit wie das obere B\u00fcndchen sein kann.<\/p>\n<p>Wenn euch dieser Beitrag gef\u00e4llt, w\u00fcrden wir uns \u00fcber einen Kommentar freuen, ebenso nat\u00fcrlich, wenn er euch nicht gef\u00e4llt oder ihr Anregungen zur Verbesserung oder Fragen habt.\u00a0 Gern k\u00f6nnt ihr uns liken bzw. folgen:<\/p>\n<p><a href=\"https:\/\/www.facebook.com\/pg\/DerRoteFadenAachenStoffe\/posts\/?ref=page_internal\" target=\"_blank\" rel=\"noopener\"><img loading=\"lazy\" decoding=\"async\" class=\"alignnone wp-image-1849 size-thumbnail\" src=\"https:\/\/der-rote-faden.de\/wordpress\/wp-content\/uploads\/2017\/10\/facebook-150x150.jpg\" sizes=\"auto, (max-width: 150px) 100vw, 150px\" srcset=\"https:\/\/der-rote-faden.de\/wordpress\/wp-content\/uploads\/2017\/10\/facebook-150x150.jpg 150w, https:\/\/der-rote-faden.de\/wordpress\/wp-content\/uploads\/2017\/10\/facebook.jpg 204w\" alt=\"facebook\" width=\"150\" height=\"150\" \/><\/a><a href=\"https:\/\/twitter.com\/mia22065\" target=\"_blank\" rel=\"noopener\"><img loading=\"lazy\" decoding=\"async\" class=\"alignnone wp-image-1845\" src=\"https:\/\/der-rote-faden.de\/wordpress\/wp-content\/uploads\/2017\/10\/twttr-150x150.jpg\" sizes=\"auto, (max-width: 137px) 100vw, 137px\" srcset=\"https:\/\/der-rote-faden.de\/wordpress\/wp-content\/uploads\/2017\/10\/twttr-150x150.jpg 150w, https:\/\/der-rote-faden.de\/wordpress\/wp-content\/uploads\/2017\/10\/twttr.jpg 225w\" alt=\"twitter\" width=\"137\" height=\"137\" \/><\/a><a href=\"https:\/\/www.instagram.com\/der.rote.faden\/\" target=\"_blank\" rel=\"noopener\"><img loading=\"lazy\" decoding=\"async\" class=\"alignnone wp-image-1848 size-thumbnail\" src=\"https:\/\/der-rote-faden.de\/wordpress\/wp-content\/uploads\/2017\/10\/instgrm-150x150.jpg\" sizes=\"auto, (max-width: 150px) 100vw, 150px\" srcset=\"https:\/\/der-rote-faden.de\/wordpress\/wp-content\/uploads\/2017\/10\/instgrm-150x150.jpg 150w, https:\/\/der-rote-faden.de\/wordpress\/wp-content\/uploads\/2017\/10\/instgrm.jpg 225w\" alt=\"instagram\" width=\"150\" height=\"150\" \/><\/a><a href=\"https:\/\/www.pinterest.de\/schellwetzig\/n%C3%A4hen-einfach-mit-kostenlosen-schnittmustern\/\" target=\"_blank\" rel=\"noopener\"><img loading=\"lazy\" decoding=\"async\" class=\"alignnone wp-image-1846 size-thumbnail\" src=\"https:\/\/der-rote-faden.de\/wordpress\/wp-content\/uploads\/2017\/10\/pint-150x150.png\" sizes=\"auto, (max-width: 150px) 100vw, 150px\" srcset=\"https:\/\/der-rote-faden.de\/wordpress\/wp-content\/uploads\/2017\/10\/pint-150x150.png 150w, https:\/\/der-rote-faden.de\/wordpress\/wp-content\/uploads\/2017\/10\/pint.png 225w\" alt=\"pinterest\" width=\"150\" height=\"150\" \/><\/a><\/p>\n<p>verlinkt in:<\/p>\n<p><a href=\"http:\/\/handmadeontuesday.blogspot.de\/\" target=\"_blank\" rel=\"noopener\">HOT handmade on tuesday<\/a><\/p>\n<p><a href=\"http:\/\/dienstagsdinge.blogspot.de\/\" target=\"_blank\" rel=\"noopener\">dienstagsdinge<\/a><\/p>\n<p><a href=\"http:\/\/www.lunaju.de\/search\/label\/Kiddikram\" target=\"_blank\" rel=\"noopener\">kiddikram<\/a><\/p>\n<p><a href=\"https:\/\/naehfrosch.de\/kostenlose-schnittmuster-linkparty\/#kostenloseschnittmusterlinkparty\" target=\"_blank\" rel=\"noopener\">n\u00e4hfrosch<\/a><\/p>\n<p><a href=\"https:\/\/selbermachen-macht-gluecklich.de\/biostoff-linkparty-11-18-lillestoff-verlosung\/\" target=\"_blank\" rel=\"noopener\">selbermachen-macht-gl\u00fccklich Bio-Linkparty<\/a><\/p>\n","protected":false},"excerpt":{"rendered":"<p>So ein Ballonr\u00f6ckchen kann gut ohne Schnitt gen\u00e4ht werden. Ma\u00dfnehmen und die Erstellung findet ihr im Beitrag Kr\u00e4uselrock.\u00a0 Ich habe jedoch f\u00fcr den Ballonrock nur 90 cm Breite genommen statt 120 cm, damit er als Ballonrock nicht zu sehr auftr\u00e4gt. Materialverbrauch: 40 cm Bio-Baumwoll-Jersey mit Einh\u00f6rnern 20 cm Bio-Baumwolljersey gr\u00fcn 30 cm Bio-Baumwoll-B\u00fcndchen gelb Da auch dieser Rock laut Auftraggeberin unbedingt Taschen haben musste, habe ich diese noch eingearbeitet. Die Anleitung dazu gibt es beim rosa Einhornkleid. Zus\u00e4tzlich zu dem Kr\u00e4uselrock wird aber hier noch ein B\u00fcndchen unten an den Saum gen\u00e4ht, das so breit wie das obere B\u00fcndchen sein [&hellip;]<\/p>\n","protected":false},"author":2,"featured_media":0,"comment_status":"open","ping_status":"closed","sticky":false,"template":"","format":"standard","meta":{"footnotes":""},"categories":[1,71,68],"tags":[76,143,88,48],"class_list":["post-2457","post","type-post","status-publish","format-standard","hentry","category-beitraege","category-naehanleitungen","category-naehen-fuer-kinder","tag-anleitung-zur-schnittkonstruktion","tag-ballonrock-naehen-kinder","tag-bio-baumwoll-jersey","tag-schnittabaenderung"],"_links":{"self":[{"href":"https:\/\/der-rote-faden.de\/wordpress\/wp-json\/wp\/v2\/posts\/2457","targetHints":{"allow":["GET"]}}],"collection":[{"href":"https:\/\/der-rote-faden.de\/wordpress\/wp-json\/wp\/v2\/posts"}],"about":[{"href":"https:\/\/der-rote-faden.de\/wordpress\/wp-json\/wp\/v2\/types\/post"}],"author":[{"embeddable":true,"href":"https:\/\/der-rote-faden.de\/wordpress\/wp-json\/wp\/v2\/users\/2"}],"replies":[{"embeddable":true,"href":"https:\/\/der-rote-faden.de\/wordpress\/wp-json\/wp\/v2\/comments?post=2457"}],"version-history":[{"count":1,"href":"https:\/\/der-rote-faden.de\/wordpress\/wp-json\/wp\/v2\/posts\/2457\/revisions"}],"predecessor-version":[{"id":2460,"href":"https:\/\/der-rote-faden.de\/wordpress\/wp-json\/wp\/v2\/posts\/2457\/revisions\/2460"}],"wp:attachment":[{"href":"https:\/\/der-rote-faden.de\/wordpress\/wp-json\/wp\/v2\/media?parent=2457"}],"wp:term":[{"taxonomy":"category","embeddable":true,"href":"https:\/\/der-rote-faden.de\/wordpress\/wp-json\/wp\/v2\/categories?post=2457"},{"taxonomy":"post_tag","embeddable":true,"href":"https:\/\/der-rote-faden.de\/wordpress\/wp-json\/wp\/v2\/tags?post=2457"}],"curies":[{"name":"wp","href":"https:\/\/api.w.org\/{rel}","templated":true}]}}