{"id":2971,"date":"2019-12-14T11:13:30","date_gmt":"2019-12-14T10:13:30","guid":{"rendered":"https:\/\/der-rote-faden.de\/wordpress\/?p=2971"},"modified":"2023-07-10T14:40:45","modified_gmt":"2023-07-10T12:40:45","slug":"kaskaden-zipfelrock-ohne-schnitt","status":"publish","type":"post","link":"https:\/\/der-rote-faden.de\/wordpress\/kaskaden-zipfelrock-ohne-schnitt\/","title":{"rendered":"Kaskaden-Zipfelrock Carrie ohne Schnitt"},"content":{"rendered":"<h1>Zipfel- oder Kaskaden-T\u00fcllrock, leicht + raffiniert<\/h1>\n<p>wollt ihr noch einen schnellen schicken Rock n\u00e4hen f\u00fcr einen sch\u00f6nen Sommerabend, ein Fest oder Weihnachten,\u00a0 Sylvester? Hier zeige ich euch einen Zipfelrock, der nach hoher Schneiderkunst aussieht, aber ganz easy ist.<\/p>\n<p><a href=\"https:\/\/youtu.be\/OsZH7R-mrGs\" target=\"_blank\" rel=\"noopener noreferrer\"><img loading=\"lazy\" decoding=\"async\" class=\"aligncenter  wp-image-2986\" src=\"https:\/\/der-rote-faden.de\/wordpress\/wp-content\/uploads\/2019\/12\/youtube-tuellrock-1024x629.jpg\" alt=\"\" width=\"402\" height=\"247\" srcset=\"https:\/\/der-rote-faden.de\/wordpress\/wp-content\/uploads\/2019\/12\/youtube-tuellrock-1024x629.jpg 1024w, https:\/\/der-rote-faden.de\/wordpress\/wp-content\/uploads\/2019\/12\/youtube-tuellrock-300x184.jpg 300w, https:\/\/der-rote-faden.de\/wordpress\/wp-content\/uploads\/2019\/12\/youtube-tuellrock-768x472.jpg 768w, https:\/\/der-rote-faden.de\/wordpress\/wp-content\/uploads\/2019\/12\/youtube-tuellrock-830x510.jpg 830w, https:\/\/der-rote-faden.de\/wordpress\/wp-content\/uploads\/2019\/12\/youtube-tuellrock-230x141.jpg 230w, https:\/\/der-rote-faden.de\/wordpress\/wp-content\/uploads\/2019\/12\/youtube-tuellrock-350x215.jpg 350w, https:\/\/der-rote-faden.de\/wordpress\/wp-content\/uploads\/2019\/12\/youtube-tuellrock-480x295.jpg 480w, https:\/\/der-rote-faden.de\/wordpress\/wp-content\/uploads\/2019\/12\/youtube-tuellrock.jpg 1322w\" sizes=\"auto, (max-width: 402px) 100vw, 402px\" \/><\/a><\/p>\n<p>in unserer <a href=\"https:\/\/youtu.be\/OsZH7R-mrGs\" target=\"_blank\" rel=\"noopener noreferrer\">youtube-Anleitung<\/a> k\u00f6nnt ihr dies ganz genau sehen oder hier die schnelle Anleitung lesen:<\/p>\n<p>Es ist ein Zipfelrock \/ Volantrock aus v\u00f6llig gleichen, einfachen und rechteckigen Schnitt-Teilen, der ohne Vorkenntnisse leicht zu n\u00e4hen ist und doch ganz raffiniert r\u00fcberkommt.<\/p>\n<p><img loading=\"lazy\" decoding=\"async\" class=\"wp-image-2987 alignleft\" src=\"https:\/\/der-rote-faden.de\/wordpress\/wp-content\/uploads\/2019\/12\/tuell-rechteck-768x1024.jpg\" alt=\"tuell-rechteck\" width=\"237\" height=\"316\" srcset=\"https:\/\/der-rote-faden.de\/wordpress\/wp-content\/uploads\/2019\/12\/tuell-rechteck-768x1024.jpg 768w, https:\/\/der-rote-faden.de\/wordpress\/wp-content\/uploads\/2019\/12\/tuell-rechteck-225x300.jpg 225w, https:\/\/der-rote-faden.de\/wordpress\/wp-content\/uploads\/2019\/12\/tuell-rechteck-830x1107.jpg 830w, https:\/\/der-rote-faden.de\/wordpress\/wp-content\/uploads\/2019\/12\/tuell-rechteck-230x307.jpg 230w, https:\/\/der-rote-faden.de\/wordpress\/wp-content\/uploads\/2019\/12\/tuell-rechteck-350x467.jpg 350w, https:\/\/der-rote-faden.de\/wordpress\/wp-content\/uploads\/2019\/12\/tuell-rechteck-480x640.jpg 480w\" sizes=\"auto, (max-width: 237px) 100vw, 237px\" \/> <img loading=\"lazy\" decoding=\"async\" class=\"wp-image-3243 alignright\" src=\"https:\/\/der-rote-faden.de\/wordpress\/wp-content\/uploads\/2019\/12\/zipfelrock_naehen.jpg\" alt=\"\" width=\"146\" height=\"338\" srcset=\"https:\/\/der-rote-faden.de\/wordpress\/wp-content\/uploads\/2019\/12\/zipfelrock_naehen.jpg 259w, https:\/\/der-rote-faden.de\/wordpress\/wp-content\/uploads\/2019\/12\/zipfelrock_naehen-130x300.jpg 130w, https:\/\/der-rote-faden.de\/wordpress\/wp-content\/uploads\/2019\/12\/zipfelrock_naehen-230x533.jpg 230w\" sizes=\"auto, (max-width: 146px) 100vw, 146px\" \/><\/p>\n<h2><\/h2>\n<h2><\/h2>\n<h2><\/h2>\n<h2><\/h2>\n<h2><\/h2>\n<p><span style=\"color: #ffffff;\">.<\/span><\/p>\n<p><span style=\"color: #ffffff;\">.<\/span><\/p>\n<p><span style=\"color: #ffffff;\">.<\/span><\/p>\n<p><span style=\"color: #ffffff;\">.<\/span><\/p>\n<p><span style=\"color: #ffffff;\">.<\/span><\/p>\n<p><span style=\"color: #ffffff;\">.<\/span><\/p>\n<p><span style=\"color: #ffffff;\">.<\/span><\/p>\n<p><span style=\"color: #ffffff;\">.<\/span><\/p>\n<h2>Material-Empfehlung:<\/h2>\n<h3>Zipfel-Rock:<\/h3>\n<p><a href=\"https:\/\/der-rote-faden.de\/#\/5381046e-81e7-4654-ab99-f7c90fe593f5\/fullscreen\/autofilters=false&amp;page=1&amp;query=t%C3%BCll+weich&amp;query_name=match_and&amp;rpp=50\" target=\"_blank\" rel=\"noopener\">Soft-T\u00fcll<\/a>,<\/p>\n<p><a href=\"https:\/\/der-rote-faden.de\/Stoffe\/Stoffe-A-Z\/Chiffon\/?utm_source=blog\" target=\"_blank\" rel=\"noopener\">Chiffon ,<\/a><\/p>\n<p><a href=\"https:\/\/der-rote-faden.de\/Stoffe\/Stoffe-A-Z\/Viskose-gewebt\/?utm_source=blog\" target=\"_blank\" rel=\"noopener\">flie\u00dfendes Viskose-Gewebe,<\/a><\/p>\n<p><a href=\"https:\/\/der-rote-faden.de\/Stoffe\/Stoffe-A-Z\/Jersey-Viskose-leicht\/?utm_source=blog\">Viskose-Jersey leicht bis mittelschwer,<\/a><\/p>\n<p><a href=\"https:\/\/der-rote-faden.de\/Stoffe\/Stoffe-A-Z\/Spitze\/Spitze-leicht-Tuellspitze\/?utm_source=blog\" target=\"_blank\" rel=\"noopener\">T\u00fcllspitze<\/a><\/p>\n<p><a href=\"https:\/\/der-rote-faden.de\/de\/Modestoffe-Sommer\/\" target=\"_blank\" rel=\"noopener noreferrer\">weich flie\u00dfende Viskosegewebe und Chiffons als Modestoffe gemustert.<\/a><\/p>\n<h3>Unterrock:<\/h3>\n<p><a href=\"https:\/\/der-rote-faden.de\/Stoffe\/Stoffe-A-Z\/Satin\/\">Stretchsatin<\/a> , gibt es beim roten Faden ebenfalls in vielen Farben, oder<\/p>\n<p><a href=\"https:\/\/der-rote-faden.de\/de\/Standardstoffe\/Jersey-Vi-leicht\/\" target=\"_blank\" rel=\"noopener noreferrer\">leichten bis mitttelschweren Viskose-Jersey<\/a> .<\/p>\n<h2>Stoff-Verbrauch:<\/h2>\n<h3>Zipfel-Rock:<\/h3>\n<p>Gr. 32-36: 3,5 m <a href=\"https:\/\/der-rote-faden.de\/#\/5381046e-81e7-4654-ab99-f7c90fe593f5\/fullscreen\/autofilters=false&amp;page=1&amp;query=t%C3%BCll+weich&amp;query_name=match_and&amp;rpp=50\" target=\"_blank\" rel=\"noopener\">Soft-T\u00fcll<\/a>\u00a0 160cm breit (zB.10 Bahnen \u00e0 50 x 70 cm) oder 2,5m <a href=\"https:\/\/der-rote-faden.de\/Stoffe\/Modestoffe-gemustert\/Modestoffe-Festlich\/#\/5381046e-81e7-4654-ab99-f7c90fe593f5\/fullscreen\/autofilters=false&amp;page=1&amp;query=softt%C3%BCll+extra+breit&amp;query_name=match_and&amp;rpp=20\" target=\"_blank\" rel=\"noopener\">Soft-T\u00fcll extra breit<\/a>, wenn er also 300cm breit liegt. Er muss wirklich weich sein, kein Karnevalst\u00fcll, der steht zu sehr ab.<\/p>\n<p>ab Gr 38 sollten noch mind. 8 Rockbahnen dazu, also zus\u00e4tzlich 2m Soft-T\u00fcll, oder dem entsprechenden Material.\u00a0 Also: f\u00fcr 16-20 Rockbahnen \u00e0 50 x 70 cm oder 50 x 80 cm sind 8&#215;70 cm oder 10 x 70 cm n\u00f6tig, dh insgesamt 5,6m-7,00m, je nach Dichte, die man haben m\u00f6chte.<\/p>\n<h3>Unterrock\/Unterkleid:<\/h3>\n<p>40-60 cm f\u00fcr den Rock, falls der Stoff transparent ist;<\/p>\n<p>Oberteil: T-Shirt oder es wird ein ganzes Kleid als Unterkleid geschnitten, hier h\u00e4ngt der Stoffverbrauch von der Gestaltung des Unterkleides ab.<\/p>\n<h2>Zuschnitt:<\/h2>\n<p>50 cm Streifen in der gesamten Breite des T\u00fclles zuschneiden und diese zur H\u00e4lfte teilen bei normaler Breite oder vierteln bei \u00dcberbreite (300 cm). 1 Meter Soft-T\u00fcll ergibt somit 4 Bahnen (bzw 8 Bahnen bei \u00dcberbreite).<\/p>\n<p>Bund: 1 Bahn \u00e0 50 x 70 cm oder 50 x 80 cm (je nach Stoffbreite 140-160 cm).<br \/>\nRock: 12 Bahnen (Gr. 32 &#8211; 36), bzw. 20 Rockbahnen (ab Gr 38) \u00e0 50 x 70 cm oder 50 x 80 cm, wer den Rock dichter mag, kann auch in kleinen Gr\u00f6\u00dfen mehr Bahnen verwenden.<\/p>\n<h2>Verarbeitung:<\/h2>\n<p>1 Rechteck zu einem Kreis schlie\u00dfen, dabei die Naht mit einem Band raffen.<\/p>\n<p><img loading=\"lazy\" decoding=\"async\" class=\"aligncenter  wp-image-2988\" src=\"https:\/\/der-rote-faden.de\/wordpress\/wp-content\/uploads\/2019\/12\/seitennaht-schliessen-raffen-1024x768.jpg\" alt=\"seitennaht-schliessen-raffen\" width=\"533\" height=\"400\" srcset=\"https:\/\/der-rote-faden.de\/wordpress\/wp-content\/uploads\/2019\/12\/seitennaht-schliessen-raffen-1024x768.jpg 1024w, https:\/\/der-rote-faden.de\/wordpress\/wp-content\/uploads\/2019\/12\/seitennaht-schliessen-raffen-300x225.jpg 300w, https:\/\/der-rote-faden.de\/wordpress\/wp-content\/uploads\/2019\/12\/seitennaht-schliessen-raffen-768x576.jpg 768w, https:\/\/der-rote-faden.de\/wordpress\/wp-content\/uploads\/2019\/12\/seitennaht-schliessen-raffen-830x623.jpg 830w, https:\/\/der-rote-faden.de\/wordpress\/wp-content\/uploads\/2019\/12\/seitennaht-schliessen-raffen-230x173.jpg 230w, https:\/\/der-rote-faden.de\/wordpress\/wp-content\/uploads\/2019\/12\/seitennaht-schliessen-raffen-350x263.jpg 350w, https:\/\/der-rote-faden.de\/wordpress\/wp-content\/uploads\/2019\/12\/seitennaht-schliessen-raffen-480x360.jpg 480w\" sizes=\"auto, (max-width: 533px) 100vw, 533px\" \/><\/p>\n<p>Das so entstandene B\u00fcndchen links auf links falten, also mit der Naht nach innen doppelt legen. Das B\u00fcndchen in 12 Teile teilen und mit Stecknadeln markieren.<\/p>\n<p><img loading=\"lazy\" decoding=\"async\" class=\"aligncenter  wp-image-2989\" src=\"https:\/\/der-rote-faden.de\/wordpress\/wp-content\/uploads\/2019\/12\/doppelt_und_teilen-1024x768.jpg\" alt=\"doppelt_und_teilen\" width=\"534\" height=\"400\" srcset=\"https:\/\/der-rote-faden.de\/wordpress\/wp-content\/uploads\/2019\/12\/doppelt_und_teilen-1024x768.jpg 1024w, https:\/\/der-rote-faden.de\/wordpress\/wp-content\/uploads\/2019\/12\/doppelt_und_teilen-300x225.jpg 300w, https:\/\/der-rote-faden.de\/wordpress\/wp-content\/uploads\/2019\/12\/doppelt_und_teilen-768x576.jpg 768w, https:\/\/der-rote-faden.de\/wordpress\/wp-content\/uploads\/2019\/12\/doppelt_und_teilen-830x623.jpg 830w, https:\/\/der-rote-faden.de\/wordpress\/wp-content\/uploads\/2019\/12\/doppelt_und_teilen-230x173.jpg 230w, https:\/\/der-rote-faden.de\/wordpress\/wp-content\/uploads\/2019\/12\/doppelt_und_teilen-350x263.jpg 350w, https:\/\/der-rote-faden.de\/wordpress\/wp-content\/uploads\/2019\/12\/doppelt_und_teilen-480x360.jpg 480w\" sizes=\"auto, (max-width: 534px) 100vw, 534px\" \/><\/p>\n<p>Die anderen 12 Rechtecke jeweils im Bereich 1\/4 bis 1\/3 einer L\u00e4ngsseite \u00fcber 6-7 cm an dem entstandenen B\u00fcndchen ann\u00e4hen.<\/p>\n<p><img loading=\"lazy\" decoding=\"async\" class=\"aligncenter  wp-image-2991\" src=\"https:\/\/der-rote-faden.de\/wordpress\/wp-content\/uploads\/2019\/12\/zipfel_annaehen-1024x768.jpg\" alt=\"zipfel_annaehen\" width=\"532\" height=\"399\" srcset=\"https:\/\/der-rote-faden.de\/wordpress\/wp-content\/uploads\/2019\/12\/zipfel_annaehen-1024x768.jpg 1024w, https:\/\/der-rote-faden.de\/wordpress\/wp-content\/uploads\/2019\/12\/zipfel_annaehen-300x225.jpg 300w, https:\/\/der-rote-faden.de\/wordpress\/wp-content\/uploads\/2019\/12\/zipfel_annaehen-768x576.jpg 768w, https:\/\/der-rote-faden.de\/wordpress\/wp-content\/uploads\/2019\/12\/zipfel_annaehen-830x623.jpg 830w, https:\/\/der-rote-faden.de\/wordpress\/wp-content\/uploads\/2019\/12\/zipfel_annaehen-230x173.jpg 230w, https:\/\/der-rote-faden.de\/wordpress\/wp-content\/uploads\/2019\/12\/zipfel_annaehen-350x263.jpg 350w, https:\/\/der-rote-faden.de\/wordpress\/wp-content\/uploads\/2019\/12\/zipfel_annaehen-480x360.jpg 480w\" sizes=\"auto, (max-width: 532px) 100vw, 532px\" \/><\/p>\n<p>Dabei jeweils ein Rechteck zwischen 2 Nadeln am B\u00fcndchen ann\u00e4hen. Bitte Zickzack-Naht nehmen oder mit der Overlockmaschine ann\u00e4hen, die Naht muss elastisch bleiben, damit der Rockbund, der ohne Verschluss ist, noch \u00fcber die H\u00fcfte gezogen werden kann und trotzdem in der Taille nicht zu weit ist.<\/p>\n<p>Die k\u00fcrzeren Zipfel sch\u00f6n nach vorne\/au\u00dfen ziehen, damit der Kaskaden-Effekt gut zur Geltung kommt.<\/p>\n<p><img loading=\"lazy\" decoding=\"async\" class=\"aligncenter  wp-image-3031\" src=\"https:\/\/der-rote-faden.de\/wordpress\/wp-content\/uploads\/2019\/12\/kaskaden-tuellrock2-487x1024.jpg\" alt=\"kaskaden-tuellrock2\" width=\"286\" height=\"601\" srcset=\"https:\/\/der-rote-faden.de\/wordpress\/wp-content\/uploads\/2019\/12\/kaskaden-tuellrock2-487x1024.jpg 487w, https:\/\/der-rote-faden.de\/wordpress\/wp-content\/uploads\/2019\/12\/kaskaden-tuellrock2-143x300.jpg 143w, https:\/\/der-rote-faden.de\/wordpress\/wp-content\/uploads\/2019\/12\/kaskaden-tuellrock2-230x483.jpg 230w, https:\/\/der-rote-faden.de\/wordpress\/wp-content\/uploads\/2019\/12\/kaskaden-tuellrock2-350x736.jpg 350w, https:\/\/der-rote-faden.de\/wordpress\/wp-content\/uploads\/2019\/12\/kaskaden-tuellrock2-480x1009.jpg 480w, https:\/\/der-rote-faden.de\/wordpress\/wp-content\/uploads\/2019\/12\/kaskaden-tuellrock2.jpg 571w\" sizes=\"auto, (max-width: 286px) 100vw, 286px\" \/><\/p>\n<p>Wer mag, kann das B\u00fcndchen mit der Raffungsnaht auch nach vorne drehen und dekorativ mit einer T\u00fcllblume verzieren und den Rock noch mit <a href=\"https:\/\/www.amazon.de\/X4-TOOLS-Strassstein-10-teiliges-Strasssteinkolben-Strasssteine\/dp\/B00A6AT4GA\/ref=mp_s_a_1_1_sspa?adgrpid=74729554447&amp;gclid=Cj0KCQiA0NfvBRCVARIsAO4930kSsdl3hGvQUzaAsNo5J7GnzF89nVMlxpcLntXTp09nDHZGxQELjEsaAo4dEALw_wcB&amp;hvadid=352928031536&amp;hvdev=m&amp;hvlocphy=9044791&amp;hvnetw=g&amp;hvpos=1t1&amp;hvqmt=e&amp;hvrand=13142376787565150194&amp;hvtargid=kwd-299624723259&amp;hydadcr=23150_1783255&amp;keywords=stra%C3%9Fsteine%20zum%20aufb%C3%BCgeln&amp;qid=1576414242&amp;sr=8-1-spons&amp;psc=1&amp;smid=AKMDQNIPGO21B&amp;spLa=ZW5jcnlwdGVkUXVhbGlmaWVyPUEzOVBBM0hQUFZQWEY4JmVuY3J5cHRlZElkPUEwOTE0NDMxMkQ5Q1pZV1hKN09DQSZlbmNyeXB0ZWRBZElkPUEwMzYzNzg0MjNGRFBPNkVXSFEzUiZ3aWRnZXROYW1lPXNwX3Bob25lX3NlYXJjaF9hdGYmYWN0aW9uPWNsaWNrUmVkaXJlY3QmZG9Ob3RMb2dDbGljaz10cnVl&amp;fbclid=IwAR0X-jx0eIn85ZTKBDxlMAKhpP5_nPtMXQus0peZStRzEM0dudItU-KFBmE\" target=\"_blank\" rel=\"noopener noreferrer\">Strass-Steinen<\/a> zum Glitzern bringen, die man mit einem Applikator hei\u00df aufkleben kann.<\/p>\n<p><img loading=\"lazy\" decoding=\"async\" class=\"aligncenter  wp-image-3003\" src=\"https:\/\/der-rote-faden.de\/wordpress\/wp-content\/uploads\/2019\/12\/DYildirim_t\u00fcll-zipfelrock2.jpg\" alt=\"t\u00fcllrock\" width=\"600\" height=\"800\" srcset=\"https:\/\/der-rote-faden.de\/wordpress\/wp-content\/uploads\/2019\/12\/DYildirim_t\u00fcll-zipfelrock2.jpg 720w, https:\/\/der-rote-faden.de\/wordpress\/wp-content\/uploads\/2019\/12\/DYildirim_t\u00fcll-zipfelrock2-225x300.jpg 225w, https:\/\/der-rote-faden.de\/wordpress\/wp-content\/uploads\/2019\/12\/DYildirim_t\u00fcll-zipfelrock2-230x307.jpg 230w, https:\/\/der-rote-faden.de\/wordpress\/wp-content\/uploads\/2019\/12\/DYildirim_t\u00fcll-zipfelrock2-350x467.jpg 350w, https:\/\/der-rote-faden.de\/wordpress\/wp-content\/uploads\/2019\/12\/DYildirim_t\u00fcll-zipfelrock2-480x640.jpg 480w\" sizes=\"auto, (max-width: 600px) 100vw, 600px\" \/><\/p>\n<p>die T\u00fcllblume kann in 5 min erstellt werden:<\/p>\n<p><img loading=\"lazy\" decoding=\"async\" class=\"aligncenter  wp-image-3007\" src=\"https:\/\/der-rote-faden.de\/wordpress\/wp-content\/uploads\/2019\/12\/anl-blume.jpg\" alt=\"\" width=\"599\" height=\"799\" srcset=\"https:\/\/der-rote-faden.de\/wordpress\/wp-content\/uploads\/2019\/12\/anl-blume.jpg 720w, https:\/\/der-rote-faden.de\/wordpress\/wp-content\/uploads\/2019\/12\/anl-blume-225x300.jpg 225w, https:\/\/der-rote-faden.de\/wordpress\/wp-content\/uploads\/2019\/12\/anl-blume-230x307.jpg 230w, https:\/\/der-rote-faden.de\/wordpress\/wp-content\/uploads\/2019\/12\/anl-blume-350x467.jpg 350w, https:\/\/der-rote-faden.de\/wordpress\/wp-content\/uploads\/2019\/12\/anl-blume-480x640.jpg 480w\" sizes=\"auto, (max-width: 599px) 100vw, 599px\" \/><\/p>\n<p>Daf\u00fcr einen T\u00fcllstreifen \u00fcber die Hand wickeln.<\/p>\n<p><img loading=\"lazy\" decoding=\"async\" class=\"aligncenter  wp-image-3009\" src=\"https:\/\/der-rote-faden.de\/wordpress\/wp-content\/uploads\/2019\/12\/anl-blume3.jpg\" alt=\"\" width=\"600\" height=\"800\" srcset=\"https:\/\/der-rote-faden.de\/wordpress\/wp-content\/uploads\/2019\/12\/anl-blume3.jpg 720w, https:\/\/der-rote-faden.de\/wordpress\/wp-content\/uploads\/2019\/12\/anl-blume3-225x300.jpg 225w, https:\/\/der-rote-faden.de\/wordpress\/wp-content\/uploads\/2019\/12\/anl-blume3-230x307.jpg 230w, https:\/\/der-rote-faden.de\/wordpress\/wp-content\/uploads\/2019\/12\/anl-blume3-350x467.jpg 350w, https:\/\/der-rote-faden.de\/wordpress\/wp-content\/uploads\/2019\/12\/anl-blume3-480x640.jpg 480w\" sizes=\"auto, (max-width: 600px) 100vw, 600px\" \/><\/p>\n<p>In der Mitte zusammendr\u00fccken und mit einem schmalen kleinen T\u00fcll-Streifen abbinden und fest verknoten.<\/p>\n<p><img loading=\"lazy\" decoding=\"async\" class=\"aligncenter  wp-image-3010\" src=\"https:\/\/der-rote-faden.de\/wordpress\/wp-content\/uploads\/2019\/12\/anl-blume4.jpg\" alt=\"\" width=\"601\" height=\"801\" srcset=\"https:\/\/der-rote-faden.de\/wordpress\/wp-content\/uploads\/2019\/12\/anl-blume4.jpg 720w, https:\/\/der-rote-faden.de\/wordpress\/wp-content\/uploads\/2019\/12\/anl-blume4-225x300.jpg 225w, https:\/\/der-rote-faden.de\/wordpress\/wp-content\/uploads\/2019\/12\/anl-blume4-230x307.jpg 230w, https:\/\/der-rote-faden.de\/wordpress\/wp-content\/uploads\/2019\/12\/anl-blume4-350x467.jpg 350w, https:\/\/der-rote-faden.de\/wordpress\/wp-content\/uploads\/2019\/12\/anl-blume4-480x640.jpg 480w\" sizes=\"auto, (max-width: 601px) 100vw, 601px\" \/><\/p>\n<p>Mit einer Schere die Schleifen aufschneiden und die entstandenen Teile sch\u00f6n zur Rosette auseinanderzupfen.<\/p>\n<p><img loading=\"lazy\" decoding=\"async\" class=\"aligncenter  wp-image-3011\" src=\"https:\/\/der-rote-faden.de\/wordpress\/wp-content\/uploads\/2019\/12\/anl-blume5.jpg\" alt=\"\" width=\"600\" height=\"800\" srcset=\"https:\/\/der-rote-faden.de\/wordpress\/wp-content\/uploads\/2019\/12\/anl-blume5.jpg 720w, https:\/\/der-rote-faden.de\/wordpress\/wp-content\/uploads\/2019\/12\/anl-blume5-225x300.jpg 225w, https:\/\/der-rote-faden.de\/wordpress\/wp-content\/uploads\/2019\/12\/anl-blume5-230x307.jpg 230w, https:\/\/der-rote-faden.de\/wordpress\/wp-content\/uploads\/2019\/12\/anl-blume5-350x467.jpg 350w, https:\/\/der-rote-faden.de\/wordpress\/wp-content\/uploads\/2019\/12\/anl-blume5-480x640.jpg 480w\" sizes=\"auto, (max-width: 600px) 100vw, 600px\" \/><\/p>\n<p>So sieht die fertige T\u00fcllblume aus.<\/p>\n<p>Wenn euch dieser Beitrag gefallen hat, aber auch wenn ihr Anregungen oder Fragen habt, k\u00f6nnt ihr gern hier unten einen Kommentar hinterlassen oder uns liken bzw. folgen:<\/p>\n<p><a href=\"https:\/\/www.facebook.com\/pg\/DerRoteFadenAachenStoffe\/posts\/?ref=page_internal\" target=\"_blank\" rel=\"noopener noreferrer\"><img loading=\"lazy\" decoding=\"async\" class=\"alignnone wp-image-1849 size-thumbnail\" src=\"https:\/\/der-rote-faden.de\/wordpress\/wp-content\/uploads\/2017\/10\/facebook-150x150.jpg\" sizes=\"auto, (max-width: 150px) 100vw, 150px\" srcset=\"https:\/\/der-rote-faden.de\/wordpress\/wp-content\/uploads\/2017\/10\/facebook-150x150.jpg 150w, https:\/\/der-rote-faden.de\/wordpress\/wp-content\/uploads\/2017\/10\/facebook.jpg 204w\" alt=\"facebook\" width=\"150\" height=\"150\" \/><\/a><a href=\"https:\/\/twitter.com\/mia22065\" target=\"_blank\" rel=\"noopener noreferrer\"><img loading=\"lazy\" decoding=\"async\" class=\"alignnone wp-image-1845\" src=\"https:\/\/der-rote-faden.de\/wordpress\/wp-content\/uploads\/2017\/10\/twttr-150x150.jpg\" sizes=\"auto, (max-width: 137px) 100vw, 137px\" srcset=\"https:\/\/der-rote-faden.de\/wordpress\/wp-content\/uploads\/2017\/10\/twttr-150x150.jpg 150w, https:\/\/der-rote-faden.de\/wordpress\/wp-content\/uploads\/2017\/10\/twttr.jpg 225w\" alt=\"twitter\" width=\"137\" height=\"137\" \/><\/a><a href=\"https:\/\/www.instagram.com\/der.rote.faden\/\" target=\"_blank\" rel=\"noopener noreferrer\"><img loading=\"lazy\" decoding=\"async\" class=\"alignnone wp-image-1848 size-thumbnail\" src=\"https:\/\/der-rote-faden.de\/wordpress\/wp-content\/uploads\/2017\/10\/instgrm-150x150.jpg\" sizes=\"auto, (max-width: 150px) 100vw, 150px\" srcset=\"https:\/\/der-rote-faden.de\/wordpress\/wp-content\/uploads\/2017\/10\/instgrm-150x150.jpg 150w, https:\/\/der-rote-faden.de\/wordpress\/wp-content\/uploads\/2017\/10\/instgrm.jpg 225w\" alt=\"instagram\" width=\"150\" height=\"150\" \/><\/a><a href=\"https:\/\/www.pinterest.de\/schellwetzig\/n%C3%A4hen-einfach-mit-kostenlosen-schnittmustern\/\" target=\"_blank\" rel=\"noopener noreferrer\"><img loading=\"lazy\" decoding=\"async\" class=\"alignnone wp-image-1846 size-thumbnail\" src=\"https:\/\/der-rote-faden.de\/wordpress\/wp-content\/uploads\/2017\/10\/pint-150x150.png\" sizes=\"auto, (max-width: 150px) 100vw, 150px\" srcset=\"https:\/\/der-rote-faden.de\/wordpress\/wp-content\/uploads\/2017\/10\/pint-150x150.png 150w, https:\/\/der-rote-faden.de\/wordpress\/wp-content\/uploads\/2017\/10\/pint.png 225w\" alt=\"pinterest\" width=\"150\" height=\"150\" \/><\/a><\/p>\n","protected":false},"excerpt":{"rendered":"<p>Zipfel- oder Kaskaden-T\u00fcllrock, leicht + raffiniert wollt ihr noch einen schnellen schicken Rock n\u00e4hen f\u00fcr einen sch\u00f6nen Sommerabend, ein Fest oder Weihnachten,\u00a0 Sylvester? Hier zeige ich euch einen Zipfelrock, der nach hoher Schneiderkunst aussieht, aber ganz easy ist. in unserer youtube-Anleitung k\u00f6nnt ihr dies ganz genau sehen oder hier die schnelle Anleitung lesen: Es ist ein Zipfelrock \/ Volantrock aus v\u00f6llig gleichen, einfachen und rechteckigen Schnitt-Teilen, der ohne Vorkenntnisse leicht zu n\u00e4hen ist und doch ganz raffiniert r\u00fcberkommt. . . . . . . . . Material-Empfehlung: Zipfel-Rock: Soft-T\u00fcll, Chiffon , flie\u00dfendes Viskose-Gewebe, Viskose-Jersey leicht bis mittelschwer, T\u00fcllspitze weich flie\u00dfende [&hellip;]<\/p>\n","protected":false},"author":2,"featured_media":2986,"comment_status":"open","ping_status":"closed","sticky":false,"template":"","format":"standard","meta":{"footnotes":""},"categories":[1,71,70,62,61,11],"tags":[177,180,176,181,182,183,175,184,179,178],"class_list":["post-2971","post","type-post","status-publish","format-standard","has-post-thumbnail","hentry","category-beitraege","category-naehanleitungen","category-naehen-fuer-damen","category-schnitterstellung-damen","category-schnitterstellung-kinder","category-modestoffe_schnitterstellung","tag-kaskadenrock","tag-kaskadenrock-einfach-genaeht","tag-tuellrock","tag-tuellrock-naehanleitung-einfach","tag-tuellrock-naehanleitung-ohne-schnittmuster","tag-tuellrock-schnittmuster-kostenlos","tag-zipfelrock","tag-zipfelrock-kostenloses-schnittmuster","tag-zipfelrock-ohne-schnittmuster","tag-zipfelrock-schnell-genaeht"],"_links":{"self":[{"href":"https:\/\/der-rote-faden.de\/wordpress\/wp-json\/wp\/v2\/posts\/2971","targetHints":{"allow":["GET"]}}],"collection":[{"href":"https:\/\/der-rote-faden.de\/wordpress\/wp-json\/wp\/v2\/posts"}],"about":[{"href":"https:\/\/der-rote-faden.de\/wordpress\/wp-json\/wp\/v2\/types\/post"}],"author":[{"embeddable":true,"href":"https:\/\/der-rote-faden.de\/wordpress\/wp-json\/wp\/v2\/users\/2"}],"replies":[{"embeddable":true,"href":"https:\/\/der-rote-faden.de\/wordpress\/wp-json\/wp\/v2\/comments?post=2971"}],"version-history":[{"count":48,"href":"https:\/\/der-rote-faden.de\/wordpress\/wp-json\/wp\/v2\/posts\/2971\/revisions"}],"predecessor-version":[{"id":3924,"href":"https:\/\/der-rote-faden.de\/wordpress\/wp-json\/wp\/v2\/posts\/2971\/revisions\/3924"}],"wp:featuredmedia":[{"embeddable":true,"href":"https:\/\/der-rote-faden.de\/wordpress\/wp-json\/wp\/v2\/media\/2986"}],"wp:attachment":[{"href":"https:\/\/der-rote-faden.de\/wordpress\/wp-json\/wp\/v2\/media?parent=2971"}],"wp:term":[{"taxonomy":"category","embeddable":true,"href":"https:\/\/der-rote-faden.de\/wordpress\/wp-json\/wp\/v2\/categories?post=2971"},{"taxonomy":"post_tag","embeddable":true,"href":"https:\/\/der-rote-faden.de\/wordpress\/wp-json\/wp\/v2\/tags?post=2971"}],"curies":[{"name":"wp","href":"https:\/\/api.w.org\/{rel}","templated":true}]}}