{"id":3037,"date":"2020-01-18T12:53:53","date_gmt":"2020-01-18T11:53:53","guid":{"rendered":"https:\/\/der-rote-faden.de\/wordpress\/?p=3037"},"modified":"2020-02-26T12:11:02","modified_gmt":"2020-02-26T11:11:02","slug":"shape-figurmodellierendes-kleid","status":"publish","type":"post","link":"https:\/\/der-rote-faden.de\/wordpress\/shape-figurmodellierendes-kleid\/","title":{"rendered":"Shape: figurmodellierendes Kleid"},"content":{"rendered":"<h1><\/h1>\n<h1><img loading=\"lazy\" decoding=\"async\" class=\"aligncenter size-large wp-image-3115\" src=\"https:\/\/der-rote-faden.de\/wordpress\/wp-content\/uploads\/2020\/01\/shape-models3-1024x296.jpg\" alt=\"shape-models\" width=\"1024\" height=\"296\" srcset=\"https:\/\/der-rote-faden.de\/wordpress\/wp-content\/uploads\/2020\/01\/shape-models3-1024x296.jpg 1024w, https:\/\/der-rote-faden.de\/wordpress\/wp-content\/uploads\/2020\/01\/shape-models3-300x87.jpg 300w, https:\/\/der-rote-faden.de\/wordpress\/wp-content\/uploads\/2020\/01\/shape-models3-768x222.jpg 768w, https:\/\/der-rote-faden.de\/wordpress\/wp-content\/uploads\/2020\/01\/shape-models3-830x240.jpg 830w, https:\/\/der-rote-faden.de\/wordpress\/wp-content\/uploads\/2020\/01\/shape-models3-230x67.jpg 230w, https:\/\/der-rote-faden.de\/wordpress\/wp-content\/uploads\/2020\/01\/shape-models3-350x101.jpg 350w, https:\/\/der-rote-faden.de\/wordpress\/wp-content\/uploads\/2020\/01\/shape-models3-480x139.jpg 480w\" sizes=\"auto, (max-width: 1024px) 100vw, 1024px\" \/><\/h1>\n<h1><\/h1>\n<h1>Romanit-\u00dcberzieh-Kleid<\/h1>\n<p>Ein Kleid, das eine Traumfigur zaubert: in der Taille eng geschn\u00fcrt, am Bauch ein paar kleine F\u00e4ltchen, die umspielen, was verdeckt werden soll, ein tiefer sexy Ausschnitt, eine Taillenpasse, die bis unter die Brust geht und diese damit optisch hebt und noch ein Hingucker: die au\u00dfergew\u00f6hnlichen, leicht wattierten \u00c4rmelpassen. Wie geschaffen f\u00fcr diese Figur-Modellierung ist <a href=\"https:\/\/der-rote-faden.de\/de\/Standardstoffe\/Viscose-Romanit-Jersey\/\" target=\"_blank\" rel=\"noopener noreferrer\">Romanit-Jersey<\/a>, der das\u00a0 Kleid perfekt in Szene setzen kann.<\/p>\n<p>Zudem ist es als \u00dcberzieh-Kleid gestaltet, so dass man mit farblich unterschiedlichen T-Shirts darunter immer neu akzentuieren kann. Angenehmer Nebeneffekt: es muss nicht so oft in die W\u00e4sche. Hier geht&#8217;s zum <a href=\"https:\/\/der-rote-faden.de\/de\/messen-zeichnen-schneiden\/Schnittvorlagen\/Burda\/Kleider\/schnittmuster-download-ueberzieh-kleid-shape.html\" target=\"_blank\" rel=\"noopener noreferrer\">Schnittmuster nur Kleid<\/a> und hier zum Bundle\u00a0 <a href=\"https:\/\/der-rote-faden.de\/de\/messen-zeichnen-schneiden\/Schnittvorlagen\/Burda\/Kleider\/schnittmuster-download-slip-shirt-zu-shape-gr-32-50.html\" target=\"_blank\" rel=\"noopener noreferrer\">Kleid Shape mit Slipshirt zum Drunterziehen<\/a>.<\/p>\n<h2>Gr\u00f6\u00dfe:<\/h2>\n<p>Bitte messt nochmals ganz genau eure aktuellen Ma\u00dfe und verlasst euch nicht auf die zuletzt gemessenen, denn das Schnittmuster f\u00e4llt eher klein aus. Denn der Rock sollte 8-10 cm\u00a0 mehr Weite haben als eure H\u00fcfte an der st\u00e4rksten Stelle, wenn das nicht der Fall ist, ziehen sich die Falten vorne auseinander und werden ganz klein.<\/p>\n<p>Anbei die Ma\u00dftabelle:<\/p>\n<p><img loading=\"lazy\" decoding=\"async\" class=\"aligncenter size-full wp-image-3102\" src=\"https:\/\/der-rote-faden.de\/wordpress\/wp-content\/uploads\/2020\/01\/shape-masstabelle32-50.jpg\" alt=\"shape-masstabelle32-50\" width=\"447\" height=\"121\" srcset=\"https:\/\/der-rote-faden.de\/wordpress\/wp-content\/uploads\/2020\/01\/shape-masstabelle32-50.jpg 447w, https:\/\/der-rote-faden.de\/wordpress\/wp-content\/uploads\/2020\/01\/shape-masstabelle32-50-300x81.jpg 300w, https:\/\/der-rote-faden.de\/wordpress\/wp-content\/uploads\/2020\/01\/shape-masstabelle32-50-230x62.jpg 230w, https:\/\/der-rote-faden.de\/wordpress\/wp-content\/uploads\/2020\/01\/shape-masstabelle32-50-350x95.jpg 350w\" sizes=\"auto, (max-width: 447px) 100vw, 447px\" \/><\/p>\n<p>Wenn der Rock noch kleiner oder gr\u00f6\u00dfer erstellt werden muss, als diese Ma\u00dfe es hergeben, kann das Schnittmuster in der VM\/HM weggeknickt oder \u00fcber den Stoffbruch hinaus angelegt werden (zum Verkleinern) oder die VM\/HM weiter vom Stoffbruch entfernt angelegt werden (zum Vergr\u00f6\u00dfern).<\/p>\n<ul>\n<li>Wenn Taille und H\u00fcfte nicht der gleichen Gr\u00f6\u00dfe in der Ma\u00dftabelle entsprechen, schneidet lieber die gr\u00f6\u00dfere Gr\u00f6\u00dfe aus, es ist leichter, sp\u00e4ter etwas zu verkleinern als zu vergr\u00f6\u00dfern.<\/li>\n<li>Ihr k\u00f6nnt auch die Gr\u00f6\u00dfen von Rock und Oberteil kombinieren:<\/li>\n<\/ul>\n<p>ihr m\u00fcsst dann die Taillenpasse des jeweils gr\u00f6\u00dferen Schnitteiles ausschneiden und im oberen oder unteren Teil, also dem kleineren, 1-1,5 cm wegnehmen. Das k\u00f6nnt ihr gleichm\u00e4\u00dfig auf die Passe verteilen, indem ihr an mehreren Stellen etwas wegnehmt:<\/p>\n<p><img loading=\"lazy\" decoding=\"async\" class=\"aligncenter  wp-image-3105\" src=\"https:\/\/der-rote-faden.de\/wordpress\/wp-content\/uploads\/2020\/01\/Passe-verkleinern-1024x768.jpg\" alt=\"Passe-verkleinern\" width=\"413\" height=\"310\" srcset=\"https:\/\/der-rote-faden.de\/wordpress\/wp-content\/uploads\/2020\/01\/Passe-verkleinern-1024x768.jpg 1024w, https:\/\/der-rote-faden.de\/wordpress\/wp-content\/uploads\/2020\/01\/Passe-verkleinern-300x225.jpg 300w, https:\/\/der-rote-faden.de\/wordpress\/wp-content\/uploads\/2020\/01\/Passe-verkleinern-768x576.jpg 768w, https:\/\/der-rote-faden.de\/wordpress\/wp-content\/uploads\/2020\/01\/Passe-verkleinern-830x623.jpg 830w, https:\/\/der-rote-faden.de\/wordpress\/wp-content\/uploads\/2020\/01\/Passe-verkleinern-230x173.jpg 230w, https:\/\/der-rote-faden.de\/wordpress\/wp-content\/uploads\/2020\/01\/Passe-verkleinern-350x263.jpg 350w, https:\/\/der-rote-faden.de\/wordpress\/wp-content\/uploads\/2020\/01\/Passe-verkleinern-480x360.jpg 480w\" sizes=\"auto, (max-width: 413px) 100vw, 413px\" \/><\/p>\n<p>Wenn die gr\u00f6\u00dfte Gr\u00f6\u00dfe f\u00fcr den Rock nicht ausreicht (er sollte 8-12 cm weiter sein als H\u00fcftumfang), k\u00f6nnt ihr die Taillenpasse unten vergr\u00f6\u00dfern, indem ihr sie von unten 2-3 Mal einschneidet, ziemlich tief, bis fast oben hin und auseinanderzieht, indem ihr die ben\u00f6tigte Weite auf die eingeschnittenen Teile gleichm\u00e4\u00dfig verteilt. Die obere und untere Linie wieder sch\u00f6n begradigen und so erneut ausschneiden:<\/p>\n<p><img loading=\"lazy\" decoding=\"async\" class=\"aligncenter  wp-image-3079\" src=\"https:\/\/der-rote-faden.de\/wordpress\/wp-content\/uploads\/2020\/01\/Taillenpasse-vergroessern-1024x768.jpg\" alt=\"Taillenpasse vergroessern\" width=\"400\" height=\"300\" srcset=\"https:\/\/der-rote-faden.de\/wordpress\/wp-content\/uploads\/2020\/01\/Taillenpasse-vergroessern-1024x768.jpg 1024w, https:\/\/der-rote-faden.de\/wordpress\/wp-content\/uploads\/2020\/01\/Taillenpasse-vergroessern-300x225.jpg 300w, https:\/\/der-rote-faden.de\/wordpress\/wp-content\/uploads\/2020\/01\/Taillenpasse-vergroessern-768x576.jpg 768w, https:\/\/der-rote-faden.de\/wordpress\/wp-content\/uploads\/2020\/01\/Taillenpasse-vergroessern-830x623.jpg 830w, https:\/\/der-rote-faden.de\/wordpress\/wp-content\/uploads\/2020\/01\/Taillenpasse-vergroessern-230x173.jpg 230w, https:\/\/der-rote-faden.de\/wordpress\/wp-content\/uploads\/2020\/01\/Taillenpasse-vergroessern-350x263.jpg 350w, https:\/\/der-rote-faden.de\/wordpress\/wp-content\/uploads\/2020\/01\/Taillenpasse-vergroessern-480x360.jpg 480w, https:\/\/der-rote-faden.de\/wordpress\/wp-content\/uploads\/2020\/01\/Taillenpasse-vergroessern.jpg 1600w\" sizes=\"auto, (max-width: 400px) 100vw, 400px\" \/><\/p>\n<p>Wenn ihr wollt k\u00f6nnt ihr nur die ben\u00f6tigte Gr\u00f6\u00dfe ausdrucken, indem ihr die anderen Ebenen im pdf ausblendet. Hier ein screenshot, wo das Ausblenden der anderen Gr\u00f6\u00dfen zu finden ist.<\/p>\n<p><img loading=\"lazy\" decoding=\"async\" class=\"aligncenter  wp-image-3065\" src=\"https:\/\/der-rote-faden.de\/wordpress\/wp-content\/uploads\/2020\/01\/Anleitung-benoetigte-groesse-1024x616.jpg\" alt=\"Anleitung-benoetigte-groesse\" width=\"401\" height=\"241\" srcset=\"https:\/\/der-rote-faden.de\/wordpress\/wp-content\/uploads\/2020\/01\/Anleitung-benoetigte-groesse-1024x616.jpg 1024w, https:\/\/der-rote-faden.de\/wordpress\/wp-content\/uploads\/2020\/01\/Anleitung-benoetigte-groesse-300x181.jpg 300w, https:\/\/der-rote-faden.de\/wordpress\/wp-content\/uploads\/2020\/01\/Anleitung-benoetigte-groesse-768x462.jpg 768w, https:\/\/der-rote-faden.de\/wordpress\/wp-content\/uploads\/2020\/01\/Anleitung-benoetigte-groesse-830x499.jpg 830w, https:\/\/der-rote-faden.de\/wordpress\/wp-content\/uploads\/2020\/01\/Anleitung-benoetigte-groesse-230x138.jpg 230w, https:\/\/der-rote-faden.de\/wordpress\/wp-content\/uploads\/2020\/01\/Anleitung-benoetigte-groesse-350x211.jpg 350w, https:\/\/der-rote-faden.de\/wordpress\/wp-content\/uploads\/2020\/01\/Anleitung-benoetigte-groesse-480x289.jpg 480w, https:\/\/der-rote-faden.de\/wordpress\/wp-content\/uploads\/2020\/01\/Anleitung-benoetigte-groesse.jpg 1200w\" sizes=\"auto, (max-width: 401px) 100vw, 401px\" \/><\/p>\n<h2>Material:<\/h2>\n<p>bitte verwendet immer bei einem neuen Schnitt einen g\u00fcnstigen Reststoff zum Ausprobieren, bevor ihr den guten teuren Stoff zuschneidet.<\/p>\n<p>Es eignet sich vor allem <a href=\"https:\/\/der-rote-faden.de\/de\/Standardstoffe\/Viscose-Romanit-Jersey\/\" target=\"_blank\" rel=\"noopener noreferrer\">Viskose-Romanit<\/a>, wegen der Festigkeit, Dehnbarkeit und dem starken, mieder\u00e4hnlichen Halt. <a href=\"https:\/\/der-rote-faden.de\/de\/Standardstoffe\/Jersey-Bw-schwer\/\" target=\"_blank\" rel=\"noopener noreferrer\">Baumwoll-Jersey<\/a>, <a href=\"https:\/\/der-rote-faden.de\/de\/Standardstoffe\/Jogging-Stoffe\/\" target=\"_blank\" rel=\"noopener noreferrer\">Sweatstoff<\/a> oder eine Webware mit Elastan, z.B. <a href=\"https:\/\/der-rote-faden.de\/de\/Standardstoffe\/Baumwoll-EL-Satin-schwer\/\" target=\"_blank\" rel=\"noopener noreferrer\">Baumwoll-Elastic-Satin<\/a> gehen auch, bei <a href=\"https:\/\/der-rote-faden.de\/de\/Standardstoffe\/Jersey-Vi-leicht\/\" target=\"_blank\" rel=\"noopener noreferrer\">Viskose-Jersey<\/a> besteht die Gefahr, dass der Ausschnitt sich nicht h\u00e4lt, sondern umklappt.<\/p>\n<h2>Verbrauch:<\/h2>\n<p>1,8-2m Oberstoff bei 140 cm Breite,<\/p>\n<p>davon 70 cm f\u00fcr die \u00c4rmel- und Taillenpassen, 40 cm f\u00fcr das Oberteil und 60-70 cm f\u00fcr den Rock. Bei Gr. 50 ist die genaue Rockweite 136 cm, es empfiehlt sich daher bei gro\u00dfen Gr\u00f6\u00dfen sicherheitshalber eine Rockl\u00e4nge (=70 cm) zus\u00e4tzlich Stoff einzuplanen, um gen\u00fcgend f\u00fcr die NZ seitlich zu haben.<\/p>\n<p>0,5m Vlies oder <a href=\"https:\/\/der-rote-faden.de\/de\/Fixiereinlagen\/Breitware-Einlagen\/Polyester-Watte--Dacron-Watte--Volumenvlies---80g-qm-150cmwaermendes-Zwischenfutter--nicht-buegelbar-.html\" target=\"_blank\" rel=\"noopener noreferrer\">Dacronwatte<\/a><\/p>\n<h2>Zuschnitt:<\/h2>\n<p>Das Schnittmuster ist auf ca. 1,68m K\u00f6rpergr\u00f6\u00dfe ausgelegt, bei 1,60m sollte der Rock 4-5 cm gek\u00fcrzt werden, bei gr\u00f6\u00dferen Gr\u00f6\u00dfen entsprechend verl\u00e4ngert, undzwar an der K\u00fcrzlinie am st\u00e4rksten H\u00fcftbogen. Bei der Anprobe kann auch festgestellt werden, ob das Oberteil ggf. zu kurz oder zu lang ist und entsprechend angepasst werden muss.<\/p>\n<p>Je nach Oberweite und H\u00fcftweite k\u00f6nnen auch verschiedene Gr\u00f6\u00dfen f\u00fcr Rock und Oberteil zugeschnitten werden. Dabei muss dann das Taillenb\u00fcndchen entsprechend angepasst werden, also zB. im unteren Bereich breiter oder schmaler gemacht werden.<\/p>\n<p><span dir=\"ltr\"><span class=\"_3l3x\">Der Rock sollte 10-12 cm weiter sein, als die H\u00fcftweite. Gfs. m\u00fcsst ihr\u00a0 1-2 Gr\u00f6\u00dfen gr\u00f6\u00dfer oder mit 2-3 cm Nahtzugabe zuschneiden und n\u00e4hen, damit die Falten am Bauch nicht spannen. Gemessen wird an der blauen Linie = weiteste Stelle.<\/span><\/span><\/p>\n<p>Schnittteile:<\/p>\n<p><img loading=\"lazy\" decoding=\"async\" class=\"aligncenter  wp-image-3042\" src=\"https:\/\/der-rote-faden.de\/wordpress\/wp-content\/uploads\/2020\/01\/shape-Schnitteile-1024x1003.jpg\" alt=\"shape-Schnitteile\" width=\"400\" height=\"392\" srcset=\"https:\/\/der-rote-faden.de\/wordpress\/wp-content\/uploads\/2020\/01\/shape-Schnitteile-1024x1003.jpg 1024w, https:\/\/der-rote-faden.de\/wordpress\/wp-content\/uploads\/2020\/01\/shape-Schnitteile-300x294.jpg 300w, https:\/\/der-rote-faden.de\/wordpress\/wp-content\/uploads\/2020\/01\/shape-Schnitteile-768x752.jpg 768w, https:\/\/der-rote-faden.de\/wordpress\/wp-content\/uploads\/2020\/01\/shape-Schnitteile-830x813.jpg 830w, https:\/\/der-rote-faden.de\/wordpress\/wp-content\/uploads\/2020\/01\/shape-Schnitteile-230x225.jpg 230w, https:\/\/der-rote-faden.de\/wordpress\/wp-content\/uploads\/2020\/01\/shape-Schnitteile-350x343.jpg 350w, https:\/\/der-rote-faden.de\/wordpress\/wp-content\/uploads\/2020\/01\/shape-Schnitteile-480x470.jpg 480w, https:\/\/der-rote-faden.de\/wordpress\/wp-content\/uploads\/2020\/01\/shape-Schnitteile.jpg 1200w\" sizes=\"auto, (max-width: 400px) 100vw, 400px\" \/><\/p>\n<p>Bitte das vordere Rock-Schnittteil unbedingt mit der Schrift nach oben auf den Stoff legen, sonst gehen die Falten nach innen, statt nach au\u00dfen!<\/p>\n<p>Das obere Vorderteil bis zu der Querlinie, also bis zu den letzten 2 cm aufschneiden, es sei denn, der Ausschnitt soll nicht so tief werden, dann gen\u00fcgen auch 14 cm einschneiden.<\/p>\n<p><img loading=\"lazy\" decoding=\"async\" class=\"aligncenter  wp-image-3087\" src=\"https:\/\/der-rote-faden.de\/wordpress\/wp-content\/uploads\/2020\/01\/shape-naseCarina1.jpg\" alt=\"shape-naseCarina1\" width=\"225\" height=\"400\" srcset=\"https:\/\/der-rote-faden.de\/wordpress\/wp-content\/uploads\/2020\/01\/shape-naseCarina1.jpg 540w, https:\/\/der-rote-faden.de\/wordpress\/wp-content\/uploads\/2020\/01\/shape-naseCarina1-169x300.jpg 169w, https:\/\/der-rote-faden.de\/wordpress\/wp-content\/uploads\/2020\/01\/shape-naseCarina1-230x409.jpg 230w, https:\/\/der-rote-faden.de\/wordpress\/wp-content\/uploads\/2020\/01\/shape-naseCarina1-350x622.jpg 350w, https:\/\/der-rote-faden.de\/wordpress\/wp-content\/uploads\/2020\/01\/shape-naseCarina1-480x853.jpg 480w\" sizes=\"auto, (max-width: 225px) 100vw, 225px\" \/><\/p>\n<p>Das obere Vorderteil (\u00fcber der Brust bis zum Taillenbund) wird gedoppelt, statt einen schmalen Beleg zu n\u00e4hen. So l\u00e4sst sich dieser breite Beleg sauber und ohne N\u00e4hte an den Belegenden verarbeiten, da er in die \u00c4rmelpassen gefasst wird.<\/p>\n<p>Oberes Vorderteil und Beleg rechts auf rechts legen und entlang des vorderen Ausschnittes steppen und verst\u00fcrzen. Dabei die oberen Ecken der Nahtzugaben kappen, damit es am Ausschnitt nicht zu wulstig wird.<\/p>\n<p><img loading=\"lazy\" decoding=\"async\" class=\"aligncenter  wp-image-3046\" src=\"https:\/\/der-rote-faden.de\/wordpress\/wp-content\/uploads\/2020\/01\/Oberteil-doppeln-1-1024x768.jpg\" alt=\"Oberteil doppeln\" width=\"403\" height=\"302\" srcset=\"https:\/\/der-rote-faden.de\/wordpress\/wp-content\/uploads\/2020\/01\/Oberteil-doppeln-1-1024x768.jpg 1024w, https:\/\/der-rote-faden.de\/wordpress\/wp-content\/uploads\/2020\/01\/Oberteil-doppeln-1-300x225.jpg 300w, https:\/\/der-rote-faden.de\/wordpress\/wp-content\/uploads\/2020\/01\/Oberteil-doppeln-1-768x576.jpg 768w, https:\/\/der-rote-faden.de\/wordpress\/wp-content\/uploads\/2020\/01\/Oberteil-doppeln-1-830x623.jpg 830w, https:\/\/der-rote-faden.de\/wordpress\/wp-content\/uploads\/2020\/01\/Oberteil-doppeln-1-230x173.jpg 230w, https:\/\/der-rote-faden.de\/wordpress\/wp-content\/uploads\/2020\/01\/Oberteil-doppeln-1-350x263.jpg 350w, https:\/\/der-rote-faden.de\/wordpress\/wp-content\/uploads\/2020\/01\/Oberteil-doppeln-1-480x360.jpg 480w, https:\/\/der-rote-faden.de\/wordpress\/wp-content\/uploads\/2020\/01\/Oberteil-doppeln-1.jpg 1600w\" sizes=\"auto, (max-width: 403px) 100vw, 403px\" \/><\/p>\n<p>Die untere Spitze des Ausschnittes, im Brustbereich, sauber mit kleinen Stichen steppen, damit der Ausschnitt symmetrisch ist. Gegebenenfalls noch etwas n\u00e4her zur Naht einschneiden, wenn sich der Ausschnitt nicht sch\u00f6n in Form legen l\u00e4sst. Es kann bis zu 2 mm an die Naht geschnitten werden, wenn der Stich beim Absteppen recht klein gew\u00e4hlt wurde (2-2,5). Wenn weiter weg von dem Ausschnitt gen\u00e4ht wurde, empfiehlt es sich, ringsherum in der Spitze ein paar kleine Schnitte einzuf\u00fcgen, damit sich die Naht sch\u00f6n faltenfrei wenden l\u00e4sst. Beim B\u00fcgeln diesen Punkt sch\u00f6n in Form ziehen und kr\u00e4ftig (mit B\u00fcgeltuch) ausb\u00fcgeln.<\/p>\n<p><img loading=\"lazy\" decoding=\"async\" class=\"aligncenter  wp-image-3049\" src=\"https:\/\/der-rote-faden.de\/wordpress\/wp-content\/uploads\/2020\/01\/ausbuegeln-1024x768.jpg\" alt=\"ausbuegeln\" width=\"408\" height=\"306\" srcset=\"https:\/\/der-rote-faden.de\/wordpress\/wp-content\/uploads\/2020\/01\/ausbuegeln-1024x768.jpg 1024w, https:\/\/der-rote-faden.de\/wordpress\/wp-content\/uploads\/2020\/01\/ausbuegeln-300x225.jpg 300w, https:\/\/der-rote-faden.de\/wordpress\/wp-content\/uploads\/2020\/01\/ausbuegeln-768x576.jpg 768w, https:\/\/der-rote-faden.de\/wordpress\/wp-content\/uploads\/2020\/01\/ausbuegeln-830x623.jpg 830w, https:\/\/der-rote-faden.de\/wordpress\/wp-content\/uploads\/2020\/01\/ausbuegeln-230x173.jpg 230w, https:\/\/der-rote-faden.de\/wordpress\/wp-content\/uploads\/2020\/01\/ausbuegeln-350x263.jpg 350w, https:\/\/der-rote-faden.de\/wordpress\/wp-content\/uploads\/2020\/01\/ausbuegeln-480x360.jpg 480w, https:\/\/der-rote-faden.de\/wordpress\/wp-content\/uploads\/2020\/01\/ausbuegeln.jpg 1600w\" sizes=\"auto, (max-width: 408px) 100vw, 408px\" \/><\/p>\n<p><img loading=\"lazy\" decoding=\"async\" class=\"aligncenter  wp-image-3047\" src=\"https:\/\/der-rote-faden.de\/wordpress\/wp-content\/uploads\/2020\/01\/Oberteil-genaeht-1024x768.jpg\" alt=\"Oberteil genaeht\" width=\"408\" height=\"306\" srcset=\"https:\/\/der-rote-faden.de\/wordpress\/wp-content\/uploads\/2020\/01\/Oberteil-genaeht-1024x768.jpg 1024w, https:\/\/der-rote-faden.de\/wordpress\/wp-content\/uploads\/2020\/01\/Oberteil-genaeht-300x225.jpg 300w, https:\/\/der-rote-faden.de\/wordpress\/wp-content\/uploads\/2020\/01\/Oberteil-genaeht-768x576.jpg 768w, https:\/\/der-rote-faden.de\/wordpress\/wp-content\/uploads\/2020\/01\/Oberteil-genaeht-830x623.jpg 830w, https:\/\/der-rote-faden.de\/wordpress\/wp-content\/uploads\/2020\/01\/Oberteil-genaeht-230x173.jpg 230w, https:\/\/der-rote-faden.de\/wordpress\/wp-content\/uploads\/2020\/01\/Oberteil-genaeht-350x263.jpg 350w, https:\/\/der-rote-faden.de\/wordpress\/wp-content\/uploads\/2020\/01\/Oberteil-genaeht-480x360.jpg 480w, https:\/\/der-rote-faden.de\/wordpress\/wp-content\/uploads\/2020\/01\/Oberteil-genaeht.jpg 1600w\" sizes=\"auto, (max-width: 408px) 100vw, 408px\" \/><\/p>\n<p>Beim R\u00fcckenteil die Nahtzugabe am Hals umklappen, umb\u00fcgeln und mit leichtem Zickzackstich oder Zwillingsnadel feststeppen. Dann R\u00fcckenteil und Vorderteil mit Beleg rechts auf rechts aufeinander legen und die Seiten- sowie Schultern\u00e4hte steppen.<\/p>\n<p>Anprobieren und pr\u00fcfen, ob der vordere Ausschnitt unterhalb der Brust oder dort endet wo er soll, sonst nochmals nachschneiden. Das geht nicht mehr, wenn das obere Vorderteil schon an Bund und Rockteil gen\u00e4ht ist.<\/p>\n<p>Wenn alles passt k\u00f6nnen jetzt die Abn\u00e4her abgesteppt werden. Dabei darauf achten, dass sie zur Spitze hin in einem Bogen auslaufen, der Winkel zum Stoff also m\u00f6glichst klein ist, damit es keine &#8222;T\u00fctchen&#8220; gibt.<\/p>\n<p><img loading=\"lazy\" decoding=\"async\" class=\"aligncenter  wp-image-3050\" src=\"https:\/\/der-rote-faden.de\/wordpress\/wp-content\/uploads\/2020\/01\/abnaeher-1024x768.jpg\" alt=\"abnaeher\" width=\"403\" height=\"302\" srcset=\"https:\/\/der-rote-faden.de\/wordpress\/wp-content\/uploads\/2020\/01\/abnaeher-1024x768.jpg 1024w, https:\/\/der-rote-faden.de\/wordpress\/wp-content\/uploads\/2020\/01\/abnaeher-300x225.jpg 300w, https:\/\/der-rote-faden.de\/wordpress\/wp-content\/uploads\/2020\/01\/abnaeher-768x576.jpg 768w, https:\/\/der-rote-faden.de\/wordpress\/wp-content\/uploads\/2020\/01\/abnaeher-830x623.jpg 830w, https:\/\/der-rote-faden.de\/wordpress\/wp-content\/uploads\/2020\/01\/abnaeher-230x173.jpg 230w, https:\/\/der-rote-faden.de\/wordpress\/wp-content\/uploads\/2020\/01\/abnaeher-350x263.jpg 350w, https:\/\/der-rote-faden.de\/wordpress\/wp-content\/uploads\/2020\/01\/abnaeher-480x360.jpg 480w, https:\/\/der-rote-faden.de\/wordpress\/wp-content\/uploads\/2020\/01\/abnaeher.jpg 1600w\" sizes=\"auto, (max-width: 403px) 100vw, 403px\" \/><\/p>\n<p>Auf einem <a href=\"https:\/\/der-rote-faden.de\/de\/buegeln-reparieren-praesentieren\/buegeln-stecken-naehen\/\" target=\"_blank\" rel=\"noopener noreferrer\">B\u00fcgelkissen<\/a> die Abn\u00e4her sch\u00f6n rund in Form b\u00fcgeln. Dabei die \u00e4u\u00dferen Abn\u00e4her nach innen b\u00fcgeln (zur Mitte hin) und die Abn\u00e4her im Beleg nach au\u00dfen (soweit ihr sie abgen\u00e4ht und nicht nur eine Falte gelegt habt, was beim Beleg ausreicht).<\/p>\n<p><img loading=\"lazy\" decoding=\"async\" class=\"aligncenter  wp-image-3052\" src=\"https:\/\/der-rote-faden.de\/wordpress\/wp-content\/uploads\/2020\/01\/buegeln-abnaeher-1024x768.jpg\" alt=\"buegeln-abnaeher\" width=\"402\" height=\"301\" srcset=\"https:\/\/der-rote-faden.de\/wordpress\/wp-content\/uploads\/2020\/01\/buegeln-abnaeher-1024x768.jpg 1024w, https:\/\/der-rote-faden.de\/wordpress\/wp-content\/uploads\/2020\/01\/buegeln-abnaeher-300x225.jpg 300w, https:\/\/der-rote-faden.de\/wordpress\/wp-content\/uploads\/2020\/01\/buegeln-abnaeher-768x576.jpg 768w, https:\/\/der-rote-faden.de\/wordpress\/wp-content\/uploads\/2020\/01\/buegeln-abnaeher-830x623.jpg 830w, https:\/\/der-rote-faden.de\/wordpress\/wp-content\/uploads\/2020\/01\/buegeln-abnaeher-230x173.jpg 230w, https:\/\/der-rote-faden.de\/wordpress\/wp-content\/uploads\/2020\/01\/buegeln-abnaeher-350x263.jpg 350w, https:\/\/der-rote-faden.de\/wordpress\/wp-content\/uploads\/2020\/01\/buegeln-abnaeher-480x360.jpg 480w, https:\/\/der-rote-faden.de\/wordpress\/wp-content\/uploads\/2020\/01\/buegeln-abnaeher.jpg 1600w\" sizes=\"auto, (max-width: 402px) 100vw, 402px\" \/><\/p>\n<p>Bevor die \u00c4rmelpassen angen\u00e4ht werden, nochmals den Beleg gut ausb\u00fcgeln, undzwar so, dass er 1 mm nach innen steht, damit der Ausschnitt nicht nach au\u00dfen klappt. Dann Beleg und Oberstoff mit einigen Nadeln im Armlochbereich fixieren, damit der Beleg auch beim Einn\u00e4hen\u00a0 der \u00c4rmelpassen sch\u00f6n innen bleibt und nicht in der VM am Ausschnitt hervorlugt.<\/p>\n<p><img loading=\"lazy\" decoding=\"async\" class=\"aligncenter  wp-image-3063\" src=\"https:\/\/der-rote-faden.de\/wordpress\/wp-content\/uploads\/2020\/01\/ausschnitt-fixieren-1024x768.jpg\" alt=\"ausschnitt-fixieren\" width=\"404\" height=\"303\" srcset=\"https:\/\/der-rote-faden.de\/wordpress\/wp-content\/uploads\/2020\/01\/ausschnitt-fixieren-1024x768.jpg 1024w, https:\/\/der-rote-faden.de\/wordpress\/wp-content\/uploads\/2020\/01\/ausschnitt-fixieren-300x225.jpg 300w, https:\/\/der-rote-faden.de\/wordpress\/wp-content\/uploads\/2020\/01\/ausschnitt-fixieren-768x576.jpg 768w, https:\/\/der-rote-faden.de\/wordpress\/wp-content\/uploads\/2020\/01\/ausschnitt-fixieren-830x623.jpg 830w, https:\/\/der-rote-faden.de\/wordpress\/wp-content\/uploads\/2020\/01\/ausschnitt-fixieren-230x173.jpg 230w, https:\/\/der-rote-faden.de\/wordpress\/wp-content\/uploads\/2020\/01\/ausschnitt-fixieren-350x263.jpg 350w, https:\/\/der-rote-faden.de\/wordpress\/wp-content\/uploads\/2020\/01\/ausschnitt-fixieren-480x360.jpg 480w, https:\/\/der-rote-faden.de\/wordpress\/wp-content\/uploads\/2020\/01\/ausschnitt-fixieren.jpg 1600w\" sizes=\"auto, (max-width: 404px) 100vw, 404px\" \/><\/p>\n<p>Am \u00c4rmel dadurch \u00fcberstehenden Beleg wegschneiden.<\/p>\n<p><img loading=\"lazy\" decoding=\"async\" class=\"aligncenter  wp-image-3068\" src=\"https:\/\/der-rote-faden.de\/wordpress\/wp-content\/uploads\/2020\/01\/ueberstehender-Beleg-1024x768.jpg\" alt=\"ueberstehender Beleg\" width=\"403\" height=\"302\" srcset=\"https:\/\/der-rote-faden.de\/wordpress\/wp-content\/uploads\/2020\/01\/ueberstehender-Beleg-1024x768.jpg 1024w, https:\/\/der-rote-faden.de\/wordpress\/wp-content\/uploads\/2020\/01\/ueberstehender-Beleg-300x225.jpg 300w, https:\/\/der-rote-faden.de\/wordpress\/wp-content\/uploads\/2020\/01\/ueberstehender-Beleg-768x576.jpg 768w, https:\/\/der-rote-faden.de\/wordpress\/wp-content\/uploads\/2020\/01\/ueberstehender-Beleg-830x623.jpg 830w, https:\/\/der-rote-faden.de\/wordpress\/wp-content\/uploads\/2020\/01\/ueberstehender-Beleg-230x173.jpg 230w, https:\/\/der-rote-faden.de\/wordpress\/wp-content\/uploads\/2020\/01\/ueberstehender-Beleg-350x263.jpg 350w, https:\/\/der-rote-faden.de\/wordpress\/wp-content\/uploads\/2020\/01\/ueberstehender-Beleg-480x360.jpg 480w, https:\/\/der-rote-faden.de\/wordpress\/wp-content\/uploads\/2020\/01\/ueberstehender-Beleg.jpg 1200w\" sizes=\"auto, (max-width: 403px) 100vw, 403px\" \/><\/p>\n<p>\u00c4rmelpassen rechts auf rechts mit der Dacronwatte\/Volumenvlies an der Au\u00dfenseite (Achtung! das ist die engere Seite) versteppen.<\/p>\n<p><img loading=\"lazy\" decoding=\"async\" class=\"aligncenter  wp-image-3070\" src=\"https:\/\/der-rote-faden.de\/wordpress\/wp-content\/uploads\/2020\/01\/dacronwatte-aufsteppen-1024x768.jpg\" alt=\"dacronwatte aufsteppen\" width=\"403\" height=\"302\" srcset=\"https:\/\/der-rote-faden.de\/wordpress\/wp-content\/uploads\/2020\/01\/dacronwatte-aufsteppen-1024x768.jpg 1024w, https:\/\/der-rote-faden.de\/wordpress\/wp-content\/uploads\/2020\/01\/dacronwatte-aufsteppen-300x225.jpg 300w, https:\/\/der-rote-faden.de\/wordpress\/wp-content\/uploads\/2020\/01\/dacronwatte-aufsteppen-768x576.jpg 768w, https:\/\/der-rote-faden.de\/wordpress\/wp-content\/uploads\/2020\/01\/dacronwatte-aufsteppen-830x623.jpg 830w, https:\/\/der-rote-faden.de\/wordpress\/wp-content\/uploads\/2020\/01\/dacronwatte-aufsteppen-230x173.jpg 230w, https:\/\/der-rote-faden.de\/wordpress\/wp-content\/uploads\/2020\/01\/dacronwatte-aufsteppen-350x263.jpg 350w, https:\/\/der-rote-faden.de\/wordpress\/wp-content\/uploads\/2020\/01\/dacronwatte-aufsteppen-480x360.jpg 480w, https:\/\/der-rote-faden.de\/wordpress\/wp-content\/uploads\/2020\/01\/dacronwatte-aufsteppen.jpg 1200w\" sizes=\"auto, (max-width: 403px) 100vw, 403px\" \/><\/p>\n<p>Passe, beim Zwick anfangend, also an der Schulter, einpassen und feststecken. Wenn sie richtig passt, einn\u00e4hen, aber nur von den unteren 5 cm ringsherum bis zu den letzen ca. 5 cm unten. Dann pr\u00fcfen, wie die \u00c4rmelpasse am sch\u00f6nsten zugesteppt werden kann, also wieviel Nahtzugabe daf\u00fcr genommen werden muss, ohne dass sie zieht oder beult.<\/p>\n<p><img loading=\"lazy\" decoding=\"async\" class=\"aligncenter  wp-image-3072\" src=\"https:\/\/der-rote-faden.de\/wordpress\/wp-content\/uploads\/2020\/01\/Passe-einsetzen-1024x768.jpg\" alt=\"Passe einsetzen\" width=\"405\" height=\"304\" srcset=\"https:\/\/der-rote-faden.de\/wordpress\/wp-content\/uploads\/2020\/01\/Passe-einsetzen-1024x768.jpg 1024w, https:\/\/der-rote-faden.de\/wordpress\/wp-content\/uploads\/2020\/01\/Passe-einsetzen-300x225.jpg 300w, https:\/\/der-rote-faden.de\/wordpress\/wp-content\/uploads\/2020\/01\/Passe-einsetzen-768x576.jpg 768w, https:\/\/der-rote-faden.de\/wordpress\/wp-content\/uploads\/2020\/01\/Passe-einsetzen-830x623.jpg 830w, https:\/\/der-rote-faden.de\/wordpress\/wp-content\/uploads\/2020\/01\/Passe-einsetzen-230x173.jpg 230w, https:\/\/der-rote-faden.de\/wordpress\/wp-content\/uploads\/2020\/01\/Passe-einsetzen-350x263.jpg 350w, https:\/\/der-rote-faden.de\/wordpress\/wp-content\/uploads\/2020\/01\/Passe-einsetzen-480x360.jpg 480w, https:\/\/der-rote-faden.de\/wordpress\/wp-content\/uploads\/2020\/01\/Passe-einsetzen.jpg 1200w\" sizes=\"auto, (max-width: 405px) 100vw, 405px\" \/><\/p>\n<p><img loading=\"lazy\" decoding=\"async\" class=\"aligncenter  wp-image-3074\" src=\"https:\/\/der-rote-faden.de\/wordpress\/wp-content\/uploads\/2020\/01\/passe-schliessen-1024x768.jpg\" alt=\"passe schliessen\" width=\"400\" height=\"300\" srcset=\"https:\/\/der-rote-faden.de\/wordpress\/wp-content\/uploads\/2020\/01\/passe-schliessen-1024x768.jpg 1024w, https:\/\/der-rote-faden.de\/wordpress\/wp-content\/uploads\/2020\/01\/passe-schliessen-300x225.jpg 300w, https:\/\/der-rote-faden.de\/wordpress\/wp-content\/uploads\/2020\/01\/passe-schliessen-768x576.jpg 768w, https:\/\/der-rote-faden.de\/wordpress\/wp-content\/uploads\/2020\/01\/passe-schliessen-830x623.jpg 830w, https:\/\/der-rote-faden.de\/wordpress\/wp-content\/uploads\/2020\/01\/passe-schliessen-230x173.jpg 230w, https:\/\/der-rote-faden.de\/wordpress\/wp-content\/uploads\/2020\/01\/passe-schliessen-350x263.jpg 350w, https:\/\/der-rote-faden.de\/wordpress\/wp-content\/uploads\/2020\/01\/passe-schliessen-480x360.jpg 480w, https:\/\/der-rote-faden.de\/wordpress\/wp-content\/uploads\/2020\/01\/passe-schliessen.jpg 1200w\" sizes=\"auto, (max-width: 400px) 100vw, 400px\" \/><\/p>\n<p>Rockteil rechts auf rechts legen und Seitenn\u00e4hte schlie\u00dfen. Taillenb\u00fcndchen rechts auf rechts legen und Seitenn\u00e4hte schlie\u00dfen.<\/p>\n<p><img loading=\"lazy\" decoding=\"async\" class=\"aligncenter  wp-image-3076\" src=\"https:\/\/der-rote-faden.de\/wordpress\/wp-content\/uploads\/2020\/01\/taillenbund-1024x809.jpg\" alt=\"taillenbund\" width=\"404\" height=\"319\" srcset=\"https:\/\/der-rote-faden.de\/wordpress\/wp-content\/uploads\/2020\/01\/taillenbund-1024x809.jpg 1024w, https:\/\/der-rote-faden.de\/wordpress\/wp-content\/uploads\/2020\/01\/taillenbund-300x237.jpg 300w, https:\/\/der-rote-faden.de\/wordpress\/wp-content\/uploads\/2020\/01\/taillenbund-768x607.jpg 768w, https:\/\/der-rote-faden.de\/wordpress\/wp-content\/uploads\/2020\/01\/taillenbund-830x656.jpg 830w, https:\/\/der-rote-faden.de\/wordpress\/wp-content\/uploads\/2020\/01\/taillenbund-230x182.jpg 230w, https:\/\/der-rote-faden.de\/wordpress\/wp-content\/uploads\/2020\/01\/taillenbund-350x277.jpg 350w, https:\/\/der-rote-faden.de\/wordpress\/wp-content\/uploads\/2020\/01\/taillenbund-480x379.jpg 480w, https:\/\/der-rote-faden.de\/wordpress\/wp-content\/uploads\/2020\/01\/taillenbund.jpg 1200w\" sizes=\"auto, (max-width: 404px) 100vw, 404px\" \/><\/p>\n<p>Oberteil rechts auf rechts auf Taillenb\u00fcndchen legen und versteppen, ebenso Taillenb\u00fcndchen und Rock. Dabei das Oberteil leicht dehnen, da das Taillenb\u00fcndchen enger geschnitten ist. Es sollte auf keinen Fall umgekehrt sein, sonst Nahtzugaben oder Abn\u00e4her nochmals \u00fcberpr\u00fcfen.<\/p>\n<p>Das Kleid kann nun ges\u00e4umt werden. Bitte nochmals vorab anprobieren und die L\u00e4nge kontrollieren.<\/p>\n<p>Hilfe findet ihr in unserer Facebook-Gruppe <a href=\"https:\/\/www.facebook.com\/groups\/derrotefaden\/\" target=\"_blank\" rel=\"noopener noreferrer\">Der rote Faden N\u00e4hdesign<\/a>. Gern k\u00f6nnt ihr dort euer Problem mit Bild posten.<\/p>\n<p>Und hier geht&#8217;s zum <a href=\"https:\/\/der-rote-faden.de\/de\/messen-zeichnen-schneiden\/Schnittvorlagen\/Burda\/Kleider\/schnittmuster-download-ueberzieh-kleid-shape.html\" target=\"_blank\" rel=\"noopener noreferrer\">Schnittmuster.<\/a><\/p>\n<p>Wenn euch dieser Beitrag gef\u00e4llt, k\u00f6nnt ihr gern hier unten einen Kommentar hinterlassen oder uns liken bzw. folgen:<\/p>\n<p><a href=\"https:\/\/www.facebook.com\/pg\/DerRoteFadenAachenStoffe\/posts\/?ref=page_internal\" target=\"_blank\" rel=\"noopener noreferrer\"><img loading=\"lazy\" decoding=\"async\" class=\"alignnone wp-image-1849 size-thumbnail\" src=\"https:\/\/der-rote-faden.de\/wordpress\/wp-content\/uploads\/2017\/10\/facebook-150x150.jpg\" sizes=\"auto, (max-width: 150px) 100vw, 150px\" srcset=\"https:\/\/der-rote-faden.de\/wordpress\/wp-content\/uploads\/2017\/10\/facebook-150x150.jpg 150w, https:\/\/der-rote-faden.de\/wordpress\/wp-content\/uploads\/2017\/10\/facebook.jpg 204w\" alt=\"facebook\" width=\"150\" height=\"150\" \/><\/a><a href=\"https:\/\/twitter.com\/mia22065\" target=\"_blank\" rel=\"noopener noreferrer\"><img loading=\"lazy\" decoding=\"async\" class=\"alignnone wp-image-1845\" src=\"https:\/\/der-rote-faden.de\/wordpress\/wp-content\/uploads\/2017\/10\/twttr-150x150.jpg\" sizes=\"auto, (max-width: 137px) 100vw, 137px\" srcset=\"https:\/\/der-rote-faden.de\/wordpress\/wp-content\/uploads\/2017\/10\/twttr-150x150.jpg 150w, https:\/\/der-rote-faden.de\/wordpress\/wp-content\/uploads\/2017\/10\/twttr.jpg 225w\" alt=\"twitter\" width=\"137\" height=\"137\" \/><\/a><a href=\"https:\/\/www.instagram.com\/der.rote.faden\/\" target=\"_blank\" rel=\"noopener noreferrer\"><img loading=\"lazy\" decoding=\"async\" class=\"alignnone wp-image-1848 size-thumbnail\" src=\"https:\/\/der-rote-faden.de\/wordpress\/wp-content\/uploads\/2017\/10\/instgrm-150x150.jpg\" sizes=\"auto, (max-width: 150px) 100vw, 150px\" srcset=\"https:\/\/der-rote-faden.de\/wordpress\/wp-content\/uploads\/2017\/10\/instgrm-150x150.jpg 150w, https:\/\/der-rote-faden.de\/wordpress\/wp-content\/uploads\/2017\/10\/instgrm.jpg 225w\" alt=\"instagram\" width=\"150\" height=\"150\" \/><\/a><a href=\"https:\/\/www.pinterest.de\/schellwetzig\/n%C3%A4hen-einfach-mit-kostenlosen-schnittmustern\/\" target=\"_blank\" rel=\"noopener noreferrer\"><img loading=\"lazy\" decoding=\"async\" class=\"alignnone wp-image-1846 size-thumbnail\" src=\"https:\/\/der-rote-faden.de\/wordpress\/wp-content\/uploads\/2017\/10\/pint-150x150.png\" sizes=\"auto, (max-width: 150px) 100vw, 150px\" srcset=\"https:\/\/der-rote-faden.de\/wordpress\/wp-content\/uploads\/2017\/10\/pint-150x150.png 150w, https:\/\/der-rote-faden.de\/wordpress\/wp-content\/uploads\/2017\/10\/pint.png 225w\" alt=\"pinterest\" width=\"150\" height=\"150\" \/><\/a><\/p>\n","protected":false},"excerpt":{"rendered":"<p>Romanit-\u00dcberzieh-Kleid Ein Kleid, das eine Traumfigur zaubert: in der Taille eng geschn\u00fcrt, am Bauch ein paar kleine F\u00e4ltchen, die umspielen, was verdeckt werden soll, ein tiefer sexy Ausschnitt, eine Taillenpasse, die bis unter die Brust geht und diese damit optisch hebt und noch ein Hingucker: die au\u00dfergew\u00f6hnlichen, leicht wattierten \u00c4rmelpassen. Wie geschaffen f\u00fcr diese Figur-Modellierung ist Romanit-Jersey, der das\u00a0 Kleid perfekt in Szene setzen kann. Zudem ist es als \u00dcberzieh-Kleid gestaltet, so dass man mit farblich unterschiedlichen T-Shirts darunter immer neu akzentuieren kann. Angenehmer Nebeneffekt: es muss nicht so oft in die W\u00e4sche. Hier geht&#8217;s zum Schnittmuster nur Kleid und [&hellip;]<\/p>\n","protected":false},"author":2,"featured_media":0,"comment_status":"open","ping_status":"closed","sticky":false,"template":"","format":"standard","meta":{"footnotes":""},"categories":[71,70],"tags":[188,187,190,189,191],"class_list":["post-3037","post","type-post","status-publish","format-standard","hentry","category-naehanleitungen","category-naehen-fuer-damen","tag-etuikleid","tag-figurmodellierendes-kleid","tag-kleid-aus-romanitjersey","tag-kleid-mit-tulpenrock","tag-kleid-punto-di-roma"],"_links":{"self":[{"href":"https:\/\/der-rote-faden.de\/wordpress\/wp-json\/wp\/v2\/posts\/3037","targetHints":{"allow":["GET"]}}],"collection":[{"href":"https:\/\/der-rote-faden.de\/wordpress\/wp-json\/wp\/v2\/posts"}],"about":[{"href":"https:\/\/der-rote-faden.de\/wordpress\/wp-json\/wp\/v2\/types\/post"}],"author":[{"embeddable":true,"href":"https:\/\/der-rote-faden.de\/wordpress\/wp-json\/wp\/v2\/users\/2"}],"replies":[{"embeddable":true,"href":"https:\/\/der-rote-faden.de\/wordpress\/wp-json\/wp\/v2\/comments?post=3037"}],"version-history":[{"count":49,"href":"https:\/\/der-rote-faden.de\/wordpress\/wp-json\/wp\/v2\/posts\/3037\/revisions"}],"predecessor-version":[{"id":3156,"href":"https:\/\/der-rote-faden.de\/wordpress\/wp-json\/wp\/v2\/posts\/3037\/revisions\/3156"}],"wp:attachment":[{"href":"https:\/\/der-rote-faden.de\/wordpress\/wp-json\/wp\/v2\/media?parent=3037"}],"wp:term":[{"taxonomy":"category","embeddable":true,"href":"https:\/\/der-rote-faden.de\/wordpress\/wp-json\/wp\/v2\/categories?post=3037"},{"taxonomy":"post_tag","embeddable":true,"href":"https:\/\/der-rote-faden.de\/wordpress\/wp-json\/wp\/v2\/tags?post=3037"}],"curies":[{"name":"wp","href":"https:\/\/api.w.org\/{rel}","templated":true}]}}