{"id":342,"date":"2015-09-21T19:42:50","date_gmt":"2015-09-21T17:42:50","guid":{"rendered":"http:\/\/der-rote-faden.de\/wordpress\/?p=342"},"modified":"2025-05-25T17:58:22","modified_gmt":"2025-05-25T15:58:22","slug":"buegelkissen-kragenholz-und-achselbock","status":"publish","type":"post","link":"https:\/\/der-rote-faden.de\/wordpress\/buegelkissen-kragenholz-und-achselbock\/","title":{"rendered":"B\u00fcgelkissen, Kragenholz und Achselbock"},"content":{"rendered":"<h2>B\u00fcgelei und B\u00fcgelbock, Kantenholz und B\u00fcgelblatt<\/h2>\n<p>die Begriffe scheinen aus der Urzeit der Schneiderei zu stammen und die Ger\u00e4te sehen auch wie Remineszensen aus dem 19. Jahrhundert aus.<\/p>\n<p>Wer hat nicht schon mal \u00fcber die unf\u00f6rmigen B\u00fcgelhilfen beim Theater, Herrenschneider oder im Modeatelier gestaunt, mit ihren aus grauen Vorzeiten anmutenden ei- oder bohnenf\u00f6rmigen, fest gef\u00fcllten Polstern? Und den langen H\u00f6lzern, die wie Dinosaurier eines \u00c4rmelbrettes aussehen?<\/p>\n<p>In der professionellen Ma\u00dfschneiderei, also bei der Neuanfertigung unerl\u00e4sslich sind diese Utensilien, weil sie helfen, knifflige Kragenspitzen auszub\u00fcgeln oder ein Revers leicht in Rundung zu legen sowie Brustabn\u00e4her so zu runden, dass es keine T\u00fctchenbildung gibt. Sie sind, soweit sie nicht nur aus Holz bestehen, meist mit hochwertigem H\u00e4cksel gef\u00fcllt, mit einem \u00dcberzug aus Leinendrell. Das Kleidungsst\u00fcck wird zum Formen und Dressieren angefeuchtet und dann auf dem Ger\u00e4t geb\u00fcgelt. L\u00e4sst man es dann in dieser Form auf dem B\u00fcgelkissen trocknen kann es besser fixiert werden.<\/p>\n<p>Aber auch f\u00fcr Hobbyschneider gilt: gut geb\u00fcgelt ist halb gen\u00e4ht!<\/p>\n<p>Deshalb lohnt es sich, mit diesen professionellen B\u00fcgelhilfen auseinanderzusetzen und sich das richtige Teil anzuschaffen. Zumindest ein kleines B\u00fcgelkissen oder Handkissen oder ein kleiner Achselbock geh\u00f6rt einfach zur Grundausstattung.<\/p>\n<h2><\/h2>\n<h2>Handkissen<\/h2>\n<figure id=\"attachment_367\" aria-describedby=\"caption-attachment-367\" style=\"width: 286px\" class=\"wp-caption alignright\"><a href=\"https:\/\/der-rote-faden.de\/de\/buegeln-reparieren-praesentieren\/buegeln-stecken-naehen\/Buegelkissen--Handkissen-m-Schlaufe--16x26cm.html\" target=\"_blank\" rel=\"noopener noreferrer\"><img loading=\"lazy\" decoding=\"async\" class=\"wp-image-367\" src=\"http:\/\/der-rote-faden.de\/wordpress\/wp-content\/uploads\/2015\/09\/21943_handkissen.jpg\" alt=\"Handkissen\" width=\"286\" height=\"143\" srcset=\"https:\/\/der-rote-faden.de\/wordpress\/wp-content\/uploads\/2015\/09\/21943_handkissen.jpg 600w, https:\/\/der-rote-faden.de\/wordpress\/wp-content\/uploads\/2015\/09\/21943_handkissen-300x150.jpg 300w, https:\/\/der-rote-faden.de\/wordpress\/wp-content\/uploads\/2015\/09\/21943_handkissen-550x275.jpg 550w, https:\/\/der-rote-faden.de\/wordpress\/wp-content\/uploads\/2015\/09\/21943_handkissen-230x115.jpg 230w\" sizes=\"auto, (max-width: 286px) 100vw, 286px\" \/><\/a><figcaption id=\"caption-attachment-367\" class=\"wp-caption-text\">Handkissen 16 x 26 cm<\/figcaption><\/figure>\n<p>.<\/p>\n<p>F\u00fcr den Anfang gen\u00fcgt auch ein kleines <a href=\"https:\/\/der-rote-faden.de\/Buegelkissen-Handkissen-klein-m.Schlaufe-ca.-14x23cm\/21943\" target=\"_blank\" rel=\"noopener noreferrer\">Handkissen<\/a>, mit dem man ein Kragenende oder die Armkugel ganz gut in Rundung b\u00fcgeln kann. Aufgrund seiner Gr\u00f6\u00dfe kann es aber nicht so viel leisten wie Achselbock, B\u00fcgelei und B\u00fcgelbock, hilft aber zumindest bei den allerwichtigsten Stellen enorm weiter.<\/p>\n<h2><\/h2>\n<p>.<\/p>\n<h2><\/h2>\n<h2>Achselbock<\/h2>\n<figure id=\"attachment_364\" aria-describedby=\"caption-attachment-364\" style=\"width: 297px\" class=\"wp-caption alignleft\"><a href=\"https:\/\/der-rote-faden.de\/de\/buegeln-reparieren-praesentieren\/buegeln-stecken-naehen\/Achselbock--25x11-cm--auf-Hartholz-montiert--mit-Kork-gefuellt.html\" target=\"_blank\" rel=\"noopener noreferrer\"><img loading=\"lazy\" decoding=\"async\" class=\"wp-image-364\" src=\"http:\/\/der-rote-faden.de\/wordpress\/wp-content\/uploads\/2015\/09\/21974.jpg\" alt=\"Achselbock\" width=\"297\" height=\"206\" srcset=\"https:\/\/der-rote-faden.de\/wordpress\/wp-content\/uploads\/2015\/09\/21974.jpg 600w, https:\/\/der-rote-faden.de\/wordpress\/wp-content\/uploads\/2015\/09\/21974-300x208.jpg 300w, https:\/\/der-rote-faden.de\/wordpress\/wp-content\/uploads\/2015\/09\/21974-550x381.jpg 550w, https:\/\/der-rote-faden.de\/wordpress\/wp-content\/uploads\/2015\/09\/21974-230x159.jpg 230w\" sizes=\"auto, (max-width: 297px) 100vw, 297px\" \/><\/a><figcaption id=\"caption-attachment-364\" class=\"wp-caption-text\">Achselbock 25 x 11 cm<\/figcaption><\/figure>\n<p style=\"text-align: left;\">Der <a href=\"https:\/\/der-rote-faden.de\/Achselbock-25x11-cm-auf-Hartholz-montiert-mit-Kork-gefuellt-ein-Buegelkissen-mit-Staender\/21974\" target=\"_blank\" rel=\"noopener noreferrer\">Achselbock <\/a>ist ein kleineres B\u00fcgelger\u00e4t als B\u00fcgelkissen und B\u00fcgelei, f\u00fcr Kragen, \u00c4rmelkugel und Brustabn\u00e4her auch ausreichend. Er ist ebenso mit H\u00e4cksel fest gestopft wie B\u00fcgelei und B\u00fcgelbock, \u00a0auf Hartholz montiert, mit Kork gef\u00fcllt, aber doch handlicher, wenn nur im semiprofessionellen Bereich gearbeitet wird oder f\u00fcr die anspruchsvolle Hobbyschneiderei.<\/p>\n<div class=\"mceTemp\"><\/div>\n<h2><\/h2>\n<h2><\/h2>\n<p>.<\/p>\n<p>.<\/p>\n<p>.<\/p>\n<p>.<\/p>\n<h2>B\u00fcgelei, B\u00fcgelkissen Eiform<\/h2>\n<figure id=\"attachment_361\" aria-describedby=\"caption-attachment-361\" style=\"width: 536px\" class=\"wp-caption alignright\"><a href=\"https:\/\/der-rote-faden.de\/de\/buegeln-reparieren-praesentieren\/buegeln-stecken-naehen\/Buegelkissen-Eiform--35-x-60cm.html\" target=\"_blank\" rel=\"noopener noreferrer\"><img loading=\"lazy\" decoding=\"async\" class=\"wp-image-361\" title=\"B\u00fcgelkissen Eiform 60 x 35 cm\" src=\"http:\/\/der-rote-faden.de\/wordpress\/wp-content\/uploads\/2015\/09\/21977.jpg\" alt=\"B\u00fcgelkissen Eiform 60 x 35 cm\" width=\"536\" height=\"268\" srcset=\"https:\/\/der-rote-faden.de\/wordpress\/wp-content\/uploads\/2015\/09\/21977.jpg 600w, https:\/\/der-rote-faden.de\/wordpress\/wp-content\/uploads\/2015\/09\/21977-300x150.jpg 300w, https:\/\/der-rote-faden.de\/wordpress\/wp-content\/uploads\/2015\/09\/21977-550x275.jpg 550w, https:\/\/der-rote-faden.de\/wordpress\/wp-content\/uploads\/2015\/09\/21977-230x115.jpg 230w\" sizes=\"auto, (max-width: 536px) 100vw, 536px\" \/><\/a><figcaption id=\"caption-attachment-361\" class=\"wp-caption-text\">B\u00fcgelkissen Eiform 60 x 35 cm<\/figcaption><\/figure>\n<p>Dieses m\u00e4chtige <a href=\"https:\/\/der-rote-faden.de\/Buegelkissen-Eiform-gross-35-x-60cm\/21977\" target=\"_blank\" rel=\"noopener noreferrer\">B\u00fcgel-Ei,<\/a> etwa 60 cm lang, ist gro\u00df genug, um auch ein stattliches Revers in eine leichte Rundung zu b\u00fcgeln, so dass die Kragen- und Reversspitzen sich nicht nach oben w\u00f6lben. Ebenso gut hilft es bei Brustabn\u00e4hern, vor allem den gro\u00dfen, die von der Taille aus nach oben gehen oder bei Prinzessn\u00e4hten\/Wiener N\u00e4hten. Auch ein gerundeter R\u00fccken kann mit dem breiteren Teil gut ausgeb\u00fcgelt\/dressiert werden, w\u00e4hrend Armkugeln im Schulterbereich besser mit der kleineren Spitze in Form gebracht werden.<\/p>\n<p>.<\/p>\n<p>.<\/p>\n<p>.<\/p>\n<p>.<\/p>\n<h2><\/h2>\n<h2>B\u00fcgelkissen Bohnenform<\/h2>\n<figure id=\"attachment_362\" aria-describedby=\"caption-attachment-362\" style=\"width: 462px\" class=\"wp-caption alignleft\"><a href=\"https:\/\/der-rote-faden.de\/de\/buegeln-reparieren-praesentieren\/buegeln-stecken-naehen\/Buegelkissen-Bohnenform--32-x-62cm.html\" target=\"_blank\" rel=\"noopener noreferrer\"><img loading=\"lazy\" decoding=\"async\" class=\"wp-image-362\" src=\"http:\/\/der-rote-faden.de\/wordpress\/wp-content\/uploads\/2015\/09\/21963a.jpg\" alt=\"b\u00fcgelei bohnenform\" width=\"462\" height=\"240\" srcset=\"https:\/\/der-rote-faden.de\/wordpress\/wp-content\/uploads\/2015\/09\/21963a.jpg 600w, https:\/\/der-rote-faden.de\/wordpress\/wp-content\/uploads\/2015\/09\/21963a-300x156.jpg 300w, https:\/\/der-rote-faden.de\/wordpress\/wp-content\/uploads\/2015\/09\/21963a-550x286.jpg 550w, https:\/\/der-rote-faden.de\/wordpress\/wp-content\/uploads\/2015\/09\/21963a-230x120.jpg 230w\" sizes=\"auto, (max-width: 462px) 100vw, 462px\" \/><\/a><figcaption id=\"caption-attachment-362\" class=\"wp-caption-text\">B\u00fcgelei Bohnenform 62 x 32 cm<\/figcaption><\/figure>\n<p>Auch das <a href=\"https:\/\/der-rote-faden.de\/Buegelkissen-Bohnenform-gross-32-x-62cm\/21963\" target=\"_blank\" rel=\"noopener noreferrer\">B\u00fcgelei Bohnenform<\/a> ist gro\u00df genug, um die obigen Arbeiten zu erledigen. Dieses hat jedoch den Vorteil im breiteren Teil vor dem Innenschwung eine noch gr\u00f6\u00dfere Rundung aufzuweisen, so dass auch Armkugeln perfekt in Form geb\u00fcgelt, also dressiert werden k\u00f6nnen.<\/p>\n<h2><\/h2>\n<h2><\/h2>\n<h2>.<\/h2>\n<h2>.<\/h2>\n<p>.<\/p>\n<h2>B\u00fcgelbock<\/h2>\n<figure id=\"attachment_363\" aria-describedby=\"caption-attachment-363\" style=\"width: 407px\" class=\"wp-caption alignright\"><a href=\"https:\/\/der-rote-faden.de\/de\/buegeln-reparieren-praesentieren\/buegeln-stecken-naehen\/Buegelbock-Eiform-60x30cm.html\" target=\"_blank\" rel=\"noopener noreferrer\"><img loading=\"lazy\" decoding=\"async\" class=\"wp-image-363\" src=\"http:\/\/der-rote-faden.de\/wordpress\/wp-content\/uploads\/2015\/09\/21945.jpg\" alt=\"B\u00fcgelbock\" width=\"407\" height=\"216\" srcset=\"https:\/\/der-rote-faden.de\/wordpress\/wp-content\/uploads\/2015\/09\/21945.jpg 600w, https:\/\/der-rote-faden.de\/wordpress\/wp-content\/uploads\/2015\/09\/21945-300x160.jpg 300w, https:\/\/der-rote-faden.de\/wordpress\/wp-content\/uploads\/2015\/09\/21945-550x292.jpg 550w, https:\/\/der-rote-faden.de\/wordpress\/wp-content\/uploads\/2015\/09\/21945-230x122.jpg 230w\" sizes=\"auto, (max-width: 407px) 100vw, 407px\" \/><\/a><figcaption id=\"caption-attachment-363\" class=\"wp-caption-text\">B\u00fcgelbock 60 x 30 cm<\/figcaption><\/figure>\n<p>Noch bequemer wird die Arbeit, wenn das B\u00fcgelkissen auf einen St\u00e4nder montiert ist. Es hei\u00dft dann <a href=\"https:\/\/der-rote-faden.de\/Buegelbock-Eiform-60x30cm-ein-Buegelei-auf-einem-Staender\/21945\" target=\"_blank\" rel=\"noopener noreferrer\">B\u00fcgelbock<\/a>, den es widerum in ei- oder bohnenform gibt. Dann kann n\u00e4mlich der nicht zu erfassende Teil des Kleidungsst\u00fcckes lose herunterh\u00e4ngen und wird nicht versehentlich platt- oder in Falten geb\u00fcgelt. Ansonsten ist der B\u00fcgelbock in Eiform ebenso wie das B\u00fcgelei eine gro\u00dfartige Hilfe zum Ausb\u00fcgeln f\u00fcr alle Abn\u00e4her sowie f\u00fcr die \u00c4rmelpartie im Schulterbereich, f\u00fcr Revers und Kragenspitzen, w\u00e4hrend der <a href=\"https:\/\/der-rote-faden.de\/Buegelbock-Bohnenform-60x30cm-ein-Buegelei-auf-einem-Staender\/21944\">B\u00fcgelbock Bohnenform<\/a> noch die gr\u00f6\u00dferen Rundungsvarianten aufweist und das Kleidungsst\u00fcck daher nicht so oft weiter geschoben werden muss.<\/p>\n<h2>.<\/h2>\n<p>.<\/p>\n<p>.<\/p>\n<h2>Kragenholz, Kragenklotz<\/h2>\n<figure id=\"attachment_617\" aria-describedby=\"caption-attachment-617\" style=\"width: 206px\" class=\"wp-caption alignright\"><a href=\"http:\/\/aachen-stoffe.de\/buegeln-reparieren-praesentieren\/buegeln-stecken-naehen\/Kragenklotz--50x24x7-cm-gedaempftes-Buchenholz.html\" target=\"_blank\" rel=\"noopener noreferrer\"><img loading=\"lazy\" decoding=\"async\" class=\"wp-image-617\" src=\"http:\/\/der-rote-faden.de\/wordpress\/wp-content\/uploads\/2015\/09\/21972Kragenklotz.jpg\" alt=\"Kragenklotz\" width=\"206\" height=\"182\" \/><\/a><figcaption id=\"caption-attachment-617\" class=\"wp-caption-text\">Kragenklotz 50 x 24 x 7 cm<\/figcaption><\/figure>\n<p>Der <a href=\"https:\/\/der-rote-faden.de\/Kragenklotz-50x24x7-cm-gedaempftes-Buchenholz\/21972\" target=\"_blank\" rel=\"noopener noreferrer\">Kragenklotz<\/a>, der teilweise auch Kragenholz genannt wird, dann aber die Abgrenzung zu unten aufgef\u00fchrtem Ger\u00e4t erschwert, ist ein schmales Holz mit einer ausgefeilten Rundung, auf der man schmale Kragenstege gut ausb\u00fcgeln kann. Ein sehr spezielles und hochprofessionelles Werkzeug, eher f\u00fcr spezialisierte Schneidereien als f\u00fcr den Hobby-Bereich.<\/p>\n<h2><\/h2>\n<h2>.<\/h2>\n<p>.<\/p>\n<h2>\u00c4rmelbock<\/h2>\n<figure id=\"attachment_369\" aria-describedby=\"caption-attachment-369\" style=\"width: 373px\" class=\"wp-caption alignleft\"><a href=\"http:\/\/aachen-stoffe.de\/buegeln-reparieren-praesentieren\/buegeln-stecken-naehen\/Aermelbock-68cm-lang--zum-Buegeln-von-Aermeln-u--Hosenbeinen.html\" target=\"_blank\" rel=\"noopener noreferrer\"><img loading=\"lazy\" decoding=\"async\" class=\"wp-image-369\" src=\"http:\/\/der-rote-faden.de\/wordpress\/wp-content\/uploads\/2015\/09\/21964.jpg\" alt=\"\u00c4rmelbock\" width=\"373\" height=\"223\" srcset=\"https:\/\/der-rote-faden.de\/wordpress\/wp-content\/uploads\/2015\/09\/21964.jpg 600w, https:\/\/der-rote-faden.de\/wordpress\/wp-content\/uploads\/2015\/09\/21964-300x179.jpg 300w, https:\/\/der-rote-faden.de\/wordpress\/wp-content\/uploads\/2015\/09\/21964-550x328.jpg 550w, https:\/\/der-rote-faden.de\/wordpress\/wp-content\/uploads\/2015\/09\/21964-230x137.jpg 230w\" sizes=\"auto, (max-width: 373px) 100vw, 373px\" \/><\/a><figcaption id=\"caption-attachment-369\" class=\"wp-caption-text\">\u00c4rmelbock<\/figcaption><\/figure>\n<p>.<\/p>\n<p>Ein <a href=\"https:\/\/der-rote-faden.de\/AErmelbock-68cm-lang-zum-Buegeln-von-AErmeln-u.-Hosenbeinen\/21964\" target=\"_blank\" rel=\"noopener noreferrer\">\u00c4rmelbock<\/a> ist ein schmales B\u00fcgelbrett, mit dem man enge \u00c4rmel und Hosenbeine gut ausb\u00fcgeln kann, ohne Falten hineinzub\u00fcgeln. Durch die gute Polsterung gibt es keine harten Kanten, die sich durchdr\u00fccken.<\/p>\n<p>.<\/p>\n<h2>B\u00fcgelamboss, Kragenholz, B\u00fcgelholz<\/h2>\n<figure id=\"attachment_375\" aria-describedby=\"caption-attachment-375\" style=\"width: 442px\" class=\"wp-caption alignright\"><a href=\"http:\/\/aachen-stoffe.de\/buegeln-reparieren-praesentieren\/buegeln-stecken-naehen\/Buegelamboss---Kragenholz-12x42-cm.html\" target=\"_blank\" rel=\"noopener noreferrer\"><img loading=\"lazy\" decoding=\"async\" class=\"wp-image-375\" src=\"http:\/\/der-rote-faden.de\/wordpress\/wp-content\/uploads\/2015\/09\/21976-300x188.jpg\" alt=\"Kantenholz\" width=\"442\" height=\"277\" srcset=\"https:\/\/der-rote-faden.de\/wordpress\/wp-content\/uploads\/2015\/09\/21976-300x188.jpg 300w, https:\/\/der-rote-faden.de\/wordpress\/wp-content\/uploads\/2015\/09\/21976-1024x641.jpg 1024w, https:\/\/der-rote-faden.de\/wordpress\/wp-content\/uploads\/2015\/09\/21976-830x519.jpg 830w, https:\/\/der-rote-faden.de\/wordpress\/wp-content\/uploads\/2015\/09\/21976-550x344.jpg 550w, https:\/\/der-rote-faden.de\/wordpress\/wp-content\/uploads\/2015\/09\/21976-230x144.jpg 230w, https:\/\/der-rote-faden.de\/wordpress\/wp-content\/uploads\/2015\/09\/21976.jpg 1200w\" sizes=\"auto, (max-width: 442px) 100vw, 442px\" \/><\/a><figcaption id=\"caption-attachment-375\" class=\"wp-caption-text\">Kantenholz 12 x 42 cm<\/figcaption><\/figure>\n<h2><\/h2>\n<p><a href=\"https:\/\/der-rote-faden.de\/Buegelamboss-Kantenholz-Kragenholz-Buegelholz-2-7x12x42-cm\/21976\" target=\"_blank\" rel=\"noopener noreferrer\">B\u00fcgelambo\u00df, auch B\u00fcgelholz, Kragenholz, Kantenholz<\/a> genannt ist ein aus Hartholz gefertigtes B\u00fcgelutensil mit einer schmalen Auflagefl\u00e4che, die beim Ausb\u00fcgeln nur der Nahtkante hilft, da der Rest des Stoffes seitlich vom Kragenholz runterh\u00e4ngt und so nicht mitgeb\u00fcgelt wird. Das spitze Ende des B\u00fcgelholzes dient zum Ausb\u00fcgeln in spitzen und engen, unzug\u00e4nglichen Stellen wie etwa Kragenecken. Mit dem abgerundeten Ende hilft b\u00fcgelt man kleine Rundungen aus, wie etwa Kragenstege. Ein h\u00f6chst professionelles Werkzeug.<\/p>\n<p>.<\/p>\n<p>.<\/p>\n<h2>B\u00fcgelbrett, B\u00fcgelblatt Fakir<\/h2>\n<figure id=\"attachment_1307\" aria-describedby=\"caption-attachment-1307\" style=\"width: 220px\" class=\"wp-caption alignleft\"><a href=\"http:\/\/der-rote-faden.de\/wordpress\/wp-content\/uploads\/2015\/09\/21975buegelbl_fakir.jpg\"><img loading=\"lazy\" decoding=\"async\" class=\"wp-image-1307\" src=\"http:\/\/der-rote-faden.de\/wordpress\/wp-content\/uploads\/2015\/09\/21975buegelbl_fakir.jpg\" alt=\"B\u00fcgelblatt Fakir\" width=\"220\" height=\"184\" srcset=\"https:\/\/der-rote-faden.de\/wordpress\/wp-content\/uploads\/2015\/09\/21975buegelbl_fakir.jpg 400w, https:\/\/der-rote-faden.de\/wordpress\/wp-content\/uploads\/2015\/09\/21975buegelbl_fakir-300x251.jpg 300w, https:\/\/der-rote-faden.de\/wordpress\/wp-content\/uploads\/2015\/09\/21975buegelbl_fakir-230x193.jpg 230w, https:\/\/der-rote-faden.de\/wordpress\/wp-content\/uploads\/2015\/09\/21975buegelbl_fakir-350x293.jpg 350w\" sizes=\"auto, (max-width: 220px) 100vw, 220px\" \/><\/a><figcaption id=\"caption-attachment-1307\" class=\"wp-caption-text\">B\u00fcgelblatt Fakir<\/figcaption><\/figure>\n<p>Wer kennt nicht den unsch\u00f6nen Glanz, den das B\u00fcgeleisen auf dem Samtstoff hinterl\u00e4sst, kaum ein B\u00fcgeltuch kann es verhindern, es sei, die Temperatur wird sehr niedrig eingestellt, was aber wiederum den Nachteil hat, das der Stoff nicht ordentlich ausgeb\u00fcgelt werden kann. Hier hilft das B\u00fcgelbrett oder <a href=\"https:\/\/der-rote-faden.de\/Naehzubehoer\/Schneider-Utensilien\/Utensilien-zum-Buegeln-Stecken-Naehen\/\" target=\"_blank\" rel=\"noopener noreferrer\">B\u00fcgelblatt &#8222;Fakir&#8220;<\/a>. Das ist ein Holzbrett mit Stahlnadeln, das das Durchdr\u00fccken von Samt und anderen empfindlichen Veloursstoffen beim B\u00fcgeln verhindert. Da es aufw\u00e4ndig in der Herstellung ist hat es seinen Preis. Aber die verschiedenen im Handel angebotenen Gr\u00f6\u00dfen erlauben, die Kosten je nach H\u00e4ufigkeit der Verwendung nicht allzu sehr explodieren zu lassen.<\/p>\n<p style=\"text-align: center;\"><a href=\"&quot;http:\/\/aachen-stoffe.de\/index.php?cat=c1302_Rei-verschl-sse.html&lt;BR\"><br \/>\n<\/a><a href=\"https:\/\/der-rote-faden.de\/wordpress\/buegelkissen-kragenholz-und-achselbock\/\" target=\"_blank\" rel=\"noopener noreferrer\"><img loading=\"lazy\" decoding=\"async\" class=\"aligncenter wp-image-46 size-full\" src=\"https:\/\/der-rote-faden.de\/wordpress\/wp-content\/uploads\/2015\/07\/webshop.jpg\" alt=\"webshop\" width=\"254\" height=\"81\" \/><\/a><br \/>\n<a href=\"https:\/\/der-rote-faden.de\/wordpress\/buegelkissen-kragenholz-und-achselbock\/\" target=\"_blank\" rel=\"noopener noreferrer\">Hier geht&#8217;s zu unserem webshop<\/a><\/p>\n<p>Wir freuen uns \u00fcber alle Kommentare und Anregungen, die ihr hier unten gern hinterlassen k\u00f6nnt.<\/p>\n<p>Wenn euch dieser Beitrag gefallen hat, k\u00f6nnt ihr uns gern liken bzw. folgen:<\/p>\n<p><a href=\"https:\/\/www.facebook.com\/pg\/DerRoteFadenAachenStoffe\/posts\/?ref=page_internal\" target=\"_blank\" rel=\"noopener noreferrer\"><img loading=\"lazy\" decoding=\"async\" class=\"alignnone wp-image-1849 size-thumbnail\" src=\"https:\/\/der-rote-faden.de\/wordpress\/wp-content\/uploads\/2017\/10\/facebook-150x150.jpg\" sizes=\"auto, (max-width: 150px) 100vw, 150px\" srcset=\"https:\/\/der-rote-faden.de\/wordpress\/wp-content\/uploads\/2017\/10\/facebook-150x150.jpg 150w, https:\/\/der-rote-faden.de\/wordpress\/wp-content\/uploads\/2017\/10\/facebook.jpg 204w\" alt=\"facebook\" width=\"150\" height=\"150\" \/><\/a><a href=\"https:\/\/www.instagram.com\/der.rote.faden\/\" target=\"_blank\" rel=\"noopener noreferrer\"><img loading=\"lazy\" decoding=\"async\" class=\"alignnone wp-image-1848 size-thumbnail\" src=\"https:\/\/der-rote-faden.de\/wordpress\/wp-content\/uploads\/2017\/10\/instgrm-150x150.jpg\" sizes=\"auto, (max-width: 150px) 100vw, 150px\" srcset=\"https:\/\/der-rote-faden.de\/wordpress\/wp-content\/uploads\/2017\/10\/instgrm-150x150.jpg 150w, https:\/\/der-rote-faden.de\/wordpress\/wp-content\/uploads\/2017\/10\/instgrm.jpg 225w\" alt=\"instagram\" width=\"150\" height=\"150\" \/><\/a><a href=\"https:\/\/www.pinterest.de\/schellwetzig\/n%C3%A4hen-einfach-mit-kostenlosen-schnittmustern\/\" target=\"_blank\" rel=\"noopener noreferrer\"><img loading=\"lazy\" decoding=\"async\" class=\"alignnone wp-image-1846 size-thumbnail\" src=\"https:\/\/der-rote-faden.de\/wordpress\/wp-content\/uploads\/2017\/10\/pint-150x150.png\" sizes=\"auto, (max-width: 150px) 100vw, 150px\" srcset=\"https:\/\/der-rote-faden.de\/wordpress\/wp-content\/uploads\/2017\/10\/pint-150x150.png 150w, https:\/\/der-rote-faden.de\/wordpress\/wp-content\/uploads\/2017\/10\/pint.png 225w\" alt=\"pinterest\" width=\"150\" height=\"150\" \/><\/a><\/p>\n<p><span style=\"border-radius: 2px; text-indent: 20px; width: auto; padding: 0px 4px 0px 0px; text-align: center; font: bold 11px\/20px 'Helvetica Neue',Helvetica,sans-serif; color: #ffffff; background: #bd081c no-repeat scroll 3px 50% \/ 14px 14px; position: absolute; opacity: 1; z-index: 8675309; display: none; cursor: pointer; top: 1330px; left: 854px;\">Merken<\/span><\/p>\n<p><span style=\"border-radius: 2px; text-indent: 20px; width: auto; padding: 0px 4px 0px 0px; text-align: center; font: bold 11px\/20px 'Helvetica Neue',Helvetica,sans-serif; color: #ffffff; background: #bd081c no-repeat scroll 3px 50% \/ 14px 14px; position: absolute; opacity: 1; z-index: 8675309; display: none; cursor: pointer; top: 2106px; left: 665px;\">Merken<\/span><\/p>\n<p><span style=\"border-radius: 2px; text-indent: 20px; width: auto; padding: 0px 4px 0px 0px; text-align: center; font: bold 11px\/20px 'Helvetica Neue',Helvetica,sans-serif; color: #ffffff; background: #bd081c no-repeat scroll 3px 50% \/ 14px 14px; position: absolute; opacity: 1; z-index: 8675309; display: none; cursor: pointer; top: 2953px; left: 665px;\">Merken<\/span><\/p>\n<p><span style=\"border-radius: 2px; text-indent: 20px; width: auto; padding: 0px 4px 0px 0px; text-align: center; font: bold 11px\/20px 'Helvetica Neue',Helvetica,sans-serif; color: #ffffff; background: #bd081c  no-repeat scroll 3px 50% \/ 14px 14px; position: absolute; opacity: 1; z-index: 8675309; display: none; cursor: pointer; top: 3572px; left: 20px;\">Merken<\/span><\/p>\n","protected":false},"excerpt":{"rendered":"<p>B\u00fcgelei und B\u00fcgelbock, Kantenholz und B\u00fcgelblatt die Begriffe scheinen aus der Urzeit der Schneiderei zu stammen und die Ger\u00e4te sehen auch wie Remineszensen aus dem 19. Jahrhundert aus. Wer hat nicht schon mal \u00fcber die unf\u00f6rmigen B\u00fcgelhilfen beim Theater, Herrenschneider oder im Modeatelier gestaunt, mit ihren aus grauen Vorzeiten anmutenden ei- oder bohnenf\u00f6rmigen, fest gef\u00fcllten Polstern? Und den langen H\u00f6lzern, die wie Dinosaurier eines \u00c4rmelbrettes aussehen? In der professionellen Ma\u00dfschneiderei, also bei der Neuanfertigung unerl\u00e4sslich sind diese Utensilien, weil sie helfen, knifflige Kragenspitzen auszub\u00fcgeln oder ein Revers leicht in Rundung zu legen sowie Brustabn\u00e4her so zu runden, dass es keine [&hellip;]<\/p>\n","protected":false},"author":2,"featured_media":0,"comment_status":"closed","ping_status":"closed","sticky":false,"template":"","format":"standard","meta":{"footnotes":""},"categories":[1,4],"tags":[47,42,41,39,46,43,40,44,45],"class_list":["post-342","post","type-post","status-publish","format-standard","hentry","category-beitraege","category-kurzwaren","tag-buegelamboss","tag-buegelbock","tag-buegelei","tag-buegelkissen","tag-buegelklotz","tag-handkissen","tag-kantenholz-und-achselbock","tag-kragenholz","tag-kragenklotz"],"_links":{"self":[{"href":"https:\/\/der-rote-faden.de\/wordpress\/wp-json\/wp\/v2\/posts\/342","targetHints":{"allow":["GET"]}}],"collection":[{"href":"https:\/\/der-rote-faden.de\/wordpress\/wp-json\/wp\/v2\/posts"}],"about":[{"href":"https:\/\/der-rote-faden.de\/wordpress\/wp-json\/wp\/v2\/types\/post"}],"author":[{"embeddable":true,"href":"https:\/\/der-rote-faden.de\/wordpress\/wp-json\/wp\/v2\/users\/2"}],"replies":[{"embeddable":true,"href":"https:\/\/der-rote-faden.de\/wordpress\/wp-json\/wp\/v2\/comments?post=342"}],"version-history":[{"count":40,"href":"https:\/\/der-rote-faden.de\/wordpress\/wp-json\/wp\/v2\/posts\/342\/revisions"}],"predecessor-version":[{"id":4003,"href":"https:\/\/der-rote-faden.de\/wordpress\/wp-json\/wp\/v2\/posts\/342\/revisions\/4003"}],"wp:attachment":[{"href":"https:\/\/der-rote-faden.de\/wordpress\/wp-json\/wp\/v2\/media?parent=342"}],"wp:term":[{"taxonomy":"category","embeddable":true,"href":"https:\/\/der-rote-faden.de\/wordpress\/wp-json\/wp\/v2\/categories?post=342"},{"taxonomy":"post_tag","embeddable":true,"href":"https:\/\/der-rote-faden.de\/wordpress\/wp-json\/wp\/v2\/tags?post=342"}],"curies":[{"name":"wp","href":"https:\/\/api.w.org\/{rel}","templated":true}]}}