{"id":917,"date":"2018-10-25T06:06:07","date_gmt":"2018-10-25T04:06:07","guid":{"rendered":"http:\/\/der-rote-faden.de\/wordpress\/?p=917"},"modified":"2023-06-06T08:55:45","modified_gmt":"2023-06-06T06:55:45","slug":"paillettenkleid-mit-raffung-und-cut-out","status":"publish","type":"post","link":"https:\/\/der-rote-faden.de\/wordpress\/paillettenkleid-mit-raffung-und-cut-out\/","title":{"rendered":"Paillettenkleid  oder Rock + Shirt mit Raffung am Bauch und Cut-Out-\u00c4rmeln"},"content":{"rendered":"<h1 style=\"text-align: left;\"><span style=\"color: #000000;\"><span style=\"color: #000000;\">Tutorial f\u00fcr Raffung und Cut-Out<\/span> <\/span><\/h1>\n<h1 style=\"text-align: center;\"><a href=\"http:\/\/der-rote-faden.de\/wordpress\/wp-content\/uploads\/2016\/02\/36403-n02_pailletten.jpg\"><img loading=\"lazy\" decoding=\"async\" class=\"wp-image-918 aligncenter\" src=\"http:\/\/der-rote-faden.de\/wordpress\/wp-content\/uploads\/2016\/02\/36403-n02_pailletten.jpg\" alt=\"36403-n02_pailletten\" width=\"293\" height=\"565\" srcset=\"https:\/\/der-rote-faden.de\/wordpress\/wp-content\/uploads\/2016\/02\/36403-n02_pailletten.jpg 623w, https:\/\/der-rote-faden.de\/wordpress\/wp-content\/uploads\/2016\/02\/36403-n02_pailletten-156x300.jpg 156w, https:\/\/der-rote-faden.de\/wordpress\/wp-content\/uploads\/2016\/02\/36403-n02_pailletten-532x1024.jpg 532w, https:\/\/der-rote-faden.de\/wordpress\/wp-content\/uploads\/2016\/02\/36403-n02_pailletten-230x443.jpg 230w, https:\/\/der-rote-faden.de\/wordpress\/wp-content\/uploads\/2016\/02\/36403-n02_pailletten-350x674.jpg 350w\" sizes=\"auto, (max-width: 293px) 100vw, 293px\" \/><\/a><\/h1>\n<p>&nbsp;<\/p>\n<p>Obwohl dieses Kleid mit seinen Raffungen und Schulter-Cut-Out nach einem schwierigen Schnitt aussieht ist es doch ganz leicht zu erstellen. Eigentlich ist es ja kein Kleid, sondern ein Rock mit Gummizug und ein Pulli, dessen \u00c4rmel im oberen Bereich nicht geschlossen sind. Hat den Vorteil, dass es auch einzeln getragen werden kann und ist viel leichter von der Schnitterstellung und gen\u00e4ht. Am Morgen eines Events hatte ich so richtig Lust auf was Neues f\u00fcr die Party, zu der wir eingeladen waren. Da es nat\u00fcrlich mal wieder super sp\u00e4t war, musste ich mir was einfallen lassen, das sehr schnell geht. Dieser dehnbare <a href=\"http:\/\/aachen-stoffe.de\/Modestoffe-Abend\/\" target=\"_blank\" rel=\"noopener noreferrer\">Pailletten-Stretchsamt-Stoff<\/a> bot sich nicht nur an, weil ich ihn gerade noch im Schrank hatte und er das gew\u00fcnschte silvesterm\u00e4\u00dfige Bling-bling vorweisen konnte, sondern auch weil er sch\u00f6n dick und dehnbar ist und damit kleine Schnitt-Fehler nicht gleich offenbart, ebenso aber noch gut gerafft werden kann, so dass ich das Weihnachtsb\u00e4uchlein gut verstecken konnte. F\u00fcr das Foto habe ich meine Tochter das Kleid anziehen lassen, auch bei ihrem wesentlich schlankeren Fig\u00fcrchen war es noch gut tragbar.<\/p>\n<h2>&nbsp;Rockteil<\/h2>\n<p>&nbsp;<\/p>\n<p><a href=\"http:\/\/der-rote-faden.de\/wordpress\/wp-content\/uploads\/2016\/02\/IMG_6003.jpg\"><img loading=\"lazy\" decoding=\"async\" class=\"wp-image-920 aligncenter\" src=\"http:\/\/der-rote-faden.de\/wordpress\/wp-content\/uploads\/2016\/02\/IMG_6003-1024x768.jpg\" alt=\"Rockschnitt\" width=\"606\" height=\"455\" srcset=\"https:\/\/der-rote-faden.de\/wordpress\/wp-content\/uploads\/2016\/02\/IMG_6003-1024x768.jpg 1024w, https:\/\/der-rote-faden.de\/wordpress\/wp-content\/uploads\/2016\/02\/IMG_6003-300x225.jpg 300w, https:\/\/der-rote-faden.de\/wordpress\/wp-content\/uploads\/2016\/02\/IMG_6003-830x623.jpg 830w, https:\/\/der-rote-faden.de\/wordpress\/wp-content\/uploads\/2016\/02\/IMG_6003-230x173.jpg 230w, https:\/\/der-rote-faden.de\/wordpress\/wp-content\/uploads\/2016\/02\/IMG_6003-350x263.jpg 350w\" sizes=\"auto, (max-width: 606px) 100vw, 606px\" \/><\/a><\/p>\n<p>F\u00fcr den Rock habe ich einen alten, schon vielfach verwendeten Rockschnitt genommen, man sieht es an den zahlreichen \u00c4nderungen, die ich jeweils eingefaltet, gezeichnet oder geschnitten habe. Da der Rock aber ohne Abn\u00e4her, ohne Rei\u00dfverschluss und nur mit einem Gummizug in der Taille gearbeitet werden kann, da so ein Stretch-Samt daf\u00fcr elastisch genug ist, kann man auch einen geraden Streifen nehmen, der 1\/4 der H\u00fcftweite entspricht. Ich habe sogar 0,5cm weniger genommen, man sieht es daran, dass ich den Schnitt in der Vorderen Mitte (VM) und Hinteren Mitte (HM) 0,25cm \u00fcber den Stoffbruch \u00fcberstehen lasse, an der Seitennaht habe ich auch um diesen Betrag reduziert. Die L\u00e4nge des Schnittes entspricht erst mal der gew\u00fcnschten Rockl\u00e4nge, bevor die Raffung eingearbeitet wird.<\/p>\n<p><a href=\"http:\/\/der-rote-faden.de\/wordpress\/wp-content\/uploads\/2016\/02\/IMG_6005.jpg\"><img loading=\"lazy\" decoding=\"async\" class=\"aligncenter wp-image-922\" src=\"http:\/\/der-rote-faden.de\/wordpress\/wp-content\/uploads\/2016\/02\/IMG_6005-1024x768.jpg\" alt=\"Rockschnitt3\" width=\"604\" height=\"453\" srcset=\"https:\/\/der-rote-faden.de\/wordpress\/wp-content\/uploads\/2016\/02\/IMG_6005-1024x768.jpg 1024w, https:\/\/der-rote-faden.de\/wordpress\/wp-content\/uploads\/2016\/02\/IMG_6005-300x225.jpg 300w, https:\/\/der-rote-faden.de\/wordpress\/wp-content\/uploads\/2016\/02\/IMG_6005-830x623.jpg 830w, https:\/\/der-rote-faden.de\/wordpress\/wp-content\/uploads\/2016\/02\/IMG_6005-230x173.jpg 230w, https:\/\/der-rote-faden.de\/wordpress\/wp-content\/uploads\/2016\/02\/IMG_6005-350x263.jpg 350w\" sizes=\"auto, (max-width: 604px) 100vw, 604px\" \/> <\/a><\/p>\n<p>Dann habe ich ein St\u00fcck Stoff, so ca 14 cm im H\u00fcftbereich in eine Falte gelegt, nur f\u00fcr das Vorderteil, das gibt nachher die Raffung. Nimmt man einen geraden Streifen als Papierschnitt kann man den auch einfach um 14 cm verl\u00e4ngern. Wenn man gen\u00fcgend Zeit mitbringt kann man auch den Schnitt selber im Bereich der Rundung zwischen Taille und H\u00fcfte um die Breite der Raffung erweitern, indem man ihn in diesem Bereich quer auseinanderschneidet und die 14 cm Mehrweite mit einem Papierstreifen einf\u00fcgt. Wie man sieht habe ich als Saum auch noch 3-4 cm gelassen, ich war mir nicht sicher, welche Rockl\u00e4nge optimal sein w\u00fcrde. Abschneiden kann man das nach der Anprobe immer noch oder einen breiteren Saum machen. Ich n\u00e4he normalerweise S\u00e4ume von ca. 2 cm. Oben habe ich noch 5 cm f\u00fcr den Tunnelzug mit Gummi zugegeben und aufgrund des fast geraden Schnittes in der Taille diese auch gar nicht erst seitlich erh\u00f6ht, also wirklich etwa ein Rechteck als Schnittvorlage genommen. Ich habe hier mehr als nur die f\u00fcr die H\u00fcftweite ben\u00f6tigte Stoffbreite gefaltet. Das liegt daran, dass die Paillettenbestickung nicht ganz bis an den Rand geht. Der unbestickte Teil soll nat\u00fcrlich nicht seitlich im Rock zu sehen sein.<\/p>\n<p>&nbsp;<\/p>\n<p><a href=\"http:\/\/der-rote-faden.de\/wordpress\/wp-content\/uploads\/2016\/02\/IMG_6015.jpg\"><img loading=\"lazy\" decoding=\"async\" class=\"aligncenter wp-image-923\" src=\"http:\/\/der-rote-faden.de\/wordpress\/wp-content\/uploads\/2016\/02\/IMG_6015-1024x768.jpg\" alt=\"rockschnittR\" width=\"606\" height=\"454\" srcset=\"https:\/\/der-rote-faden.de\/wordpress\/wp-content\/uploads\/2016\/02\/IMG_6015-1024x768.jpg 1024w, https:\/\/der-rote-faden.de\/wordpress\/wp-content\/uploads\/2016\/02\/IMG_6015-300x225.jpg 300w, https:\/\/der-rote-faden.de\/wordpress\/wp-content\/uploads\/2016\/02\/IMG_6015-830x623.jpg 830w, https:\/\/der-rote-faden.de\/wordpress\/wp-content\/uploads\/2016\/02\/IMG_6015-230x173.jpg 230w, https:\/\/der-rote-faden.de\/wordpress\/wp-content\/uploads\/2016\/02\/IMG_6015-350x263.jpg 350w, https:\/\/der-rote-faden.de\/wordpress\/wp-content\/uploads\/2016\/02\/IMG_6015.jpg 1200w\" sizes=\"auto, (max-width: 606px) 100vw, 606px\" \/><\/a><\/p>\n<p>Der Papierschnitt muss auf jeden Fall mit der VM an den Stoffbruch angelegt werden. Da das R\u00fcckenteil ohne Rei\u00dfverschluss oder sonstigem Verschluss gearbeitet wird und daher auch im Stoffbruch aufzulegen ist, muss der Stoff von beiden Seiten in der ben\u00f6tigten Breite gefaltet werden. W\u00fcrde man die Stoffkanten nur einfach aufeinander legen h\u00e4tte man nur einen einzigen Stoffbruch. Das R\u00fcckenteil kann nun einfach mit der HM im Stoffbruch angelegt und ausgeschnitten werden, ohne Falten und ebenso ohne Abn\u00e4her, aber mit der gleichen Saumzugabe unten und oben f\u00fcr den Tunnelzug. Kleine Pailletten lassen sich gut mit dem <a href=\"http:\/\/aachen-stoffe.de\/messen-zeichnen-schneiden\/Schneideunterlagen\/\" target=\"_blank\" rel=\"noopener noreferrer\">Rollschneider<\/a> zuschneiden, ohne dass die Klinge merklich leidet. Ist die Klinge dann doch mal stumpf, l\u00e4sst sie sich einfach auswechseln, im Gegensatz zur Schere, die dann zum Scherenschleifer gebracht werden muss.<\/p>\n<p><a href=\"http:\/\/der-rote-faden.de\/wordpress\/wp-content\/uploads\/2016\/02\/IMG_6012.jpg\"><img loading=\"lazy\" decoding=\"async\" class=\"aligncenter wp-image-925\" src=\"http:\/\/der-rote-faden.de\/wordpress\/wp-content\/uploads\/2016\/02\/IMG_6012-1024x768.jpg\" alt=\"Rockraffung\" width=\"608\" height=\"456\" srcset=\"https:\/\/der-rote-faden.de\/wordpress\/wp-content\/uploads\/2016\/02\/IMG_6012-1024x768.jpg 1024w, https:\/\/der-rote-faden.de\/wordpress\/wp-content\/uploads\/2016\/02\/IMG_6012-300x225.jpg 300w, https:\/\/der-rote-faden.de\/wordpress\/wp-content\/uploads\/2016\/02\/IMG_6012-830x623.jpg 830w, https:\/\/der-rote-faden.de\/wordpress\/wp-content\/uploads\/2016\/02\/IMG_6012-230x173.jpg 230w, https:\/\/der-rote-faden.de\/wordpress\/wp-content\/uploads\/2016\/02\/IMG_6012-350x263.jpg 350w\" sizes=\"auto, (max-width: 608px) 100vw, 608px\" \/><\/a><\/p>\n<p>Die 14 cm in der Seitennaht k\u00f6nnen jetzt gerafft werden. Das geht mit der Maschine, mit der l\u00e4ngsten Sticheinstellung und etwas gelockertem Oberfaden oder von Hand, etwa mit <a href=\"http:\/\/aachen-stoffe.de\/Garne\/Heft---Transparentgarn--Seide--sonstiges\/Reihgarn---Heftfaden--20-g--ca--300m--rohweiss100--Baumw.html\" target=\"_blank\" rel=\"noopener noreferrer\">Reihgarn&nbsp;<\/a> und einer Handn\u00e4hnadel, indem man mit gro\u00dfen Stichen von oben bis zur H\u00e4lfte des Rockes durchn\u00e4ht und diese Naht dann am Faden (beim Maschinenstich Unterfaden) zusammenzieht, also kr\u00e4uselt.<\/p>\n<p><a href=\"http:\/\/der-rote-faden.de\/wordpress\/wp-content\/uploads\/2016\/02\/IMG_6016.jpg\"><img loading=\"lazy\" decoding=\"async\" class=\"aligncenter wp-image-926\" src=\"http:\/\/der-rote-faden.de\/wordpress\/wp-content\/uploads\/2016\/02\/IMG_6016-1024x768.jpg\" alt=\"IMG_6016\" width=\"604\" height=\"453\" srcset=\"https:\/\/der-rote-faden.de\/wordpress\/wp-content\/uploads\/2016\/02\/IMG_6016-1024x768.jpg 1024w, https:\/\/der-rote-faden.de\/wordpress\/wp-content\/uploads\/2016\/02\/IMG_6016-300x225.jpg 300w, https:\/\/der-rote-faden.de\/wordpress\/wp-content\/uploads\/2016\/02\/IMG_6016-830x623.jpg 830w, https:\/\/der-rote-faden.de\/wordpress\/wp-content\/uploads\/2016\/02\/IMG_6016-230x173.jpg 230w, https:\/\/der-rote-faden.de\/wordpress\/wp-content\/uploads\/2016\/02\/IMG_6016-350x263.jpg 350w\" sizes=\"auto, (max-width: 604px) 100vw, 604px\" \/><\/a><\/p>\n<p>Es muss so stark gerafft werden bis das Vorderteil des Rockes genauso lang ist wie das R\u00fcckenteil, also Seitenteil auf Seitenteil passt. Dabei d\u00fcrfen die obersten 8-10 cm nicht zusammengezogen und gekr\u00e4uselt werden, da die ja zum Tunnelzug bzw. seinem Umschlag geh\u00f6ren.<\/p>\n<p><a href=\"http:\/\/der-rote-faden.de\/wordpress\/wp-content\/uploads\/2016\/02\/IMG_6019.jpg\"><img loading=\"lazy\" decoding=\"async\" class=\"aligncenter wp-image-928\" src=\"http:\/\/der-rote-faden.de\/wordpress\/wp-content\/uploads\/2016\/02\/IMG_6019-1024x768.jpg\" alt=\"Rock-Tunnel\" width=\"603\" height=\"452\" srcset=\"https:\/\/der-rote-faden.de\/wordpress\/wp-content\/uploads\/2016\/02\/IMG_6019-1024x768.jpg 1024w, https:\/\/der-rote-faden.de\/wordpress\/wp-content\/uploads\/2016\/02\/IMG_6019-300x225.jpg 300w, https:\/\/der-rote-faden.de\/wordpress\/wp-content\/uploads\/2016\/02\/IMG_6019-830x623.jpg 830w, https:\/\/der-rote-faden.de\/wordpress\/wp-content\/uploads\/2016\/02\/IMG_6019-230x173.jpg 230w, https:\/\/der-rote-faden.de\/wordpress\/wp-content\/uploads\/2016\/02\/IMG_6019-350x263.jpg 350w\" sizes=\"auto, (max-width: 603px) 100vw, 603px\" \/><\/a><\/p>\n<p>Der Umschlag f\u00fcr den Tunnelzug wird jetzt eingeschlagen, bei einem 30mm <a href=\"http:\/\/aachen-stoffe.de\/Baender\/Standardbaender-elastisch\/\" target=\"_blank\" rel=\"noopener noreferrer\">Gummiband<\/a> etwa 35mm breit und mit 4 gleichm\u00e4\u00dfig verteilten Stecknadeln fixiert. Der Tunnelzug wird anschlie\u00dfend gen\u00e4ht, ein <a href=\"http:\/\/aachen-stoffe.de\/messen-zeichnen-schneiden\/Zeichenutensilien\/?gm_boosted_category=Zeichenutensilien&amp;messen-zeichnen-schneiden=Zeichenutensilien&amp;cat=c2778&amp;cPath=2743_2778&amp;page=1\" target=\"_blank\" rel=\"noopener noreferrer\">Handma\u00df<\/a> hilft, den Tunnel auch innerhalb der Zwischenr\u00e4ume der Stecknadeln korrekt umzuschlagen. Die letzten 4-6 cm bleiben offen, damit das Gummiband eingezogen werden kann. Die Naht kann mit einem leichten Zickzack-Stich gen\u00e4ht werden, damit sie sch\u00f6n dehnbar bleibt. Es ist nat\u00fcrlich auch m\u00f6glich mit einer Zwillingsnadel zu n\u00e4hen, dann hat man zwar den dehnbaren Zickzack-Stich auf der linken N\u00e4hseite, auf der rechten Seite aber eine sch\u00f6ne Doppelnaht. Dann m\u00fcsste man allerdings die Naht von rechts aufbringen, nicht wie hier, von links. Bei dem Stretch-Samt mit Pailletten sieht man die Naht fast gar nicht, deshalb geht auch eine Zickzack-Naht.<\/p>\n<p><a href=\"http:\/\/der-rote-faden.de\/wordpress\/wp-content\/uploads\/2016\/02\/IMG_6018.jpg\"><img loading=\"lazy\" decoding=\"async\" class=\"aligncenter wp-image-927\" src=\"http:\/\/der-rote-faden.de\/wordpress\/wp-content\/uploads\/2016\/02\/IMG_6018-1024x768.jpg\" alt=\"Rock-Tunnel\" width=\"600\" height=\"450\" srcset=\"https:\/\/der-rote-faden.de\/wordpress\/wp-content\/uploads\/2016\/02\/IMG_6018-1024x768.jpg 1024w, https:\/\/der-rote-faden.de\/wordpress\/wp-content\/uploads\/2016\/02\/IMG_6018-300x225.jpg 300w, https:\/\/der-rote-faden.de\/wordpress\/wp-content\/uploads\/2016\/02\/IMG_6018-830x623.jpg 830w, https:\/\/der-rote-faden.de\/wordpress\/wp-content\/uploads\/2016\/02\/IMG_6018-230x173.jpg 230w, https:\/\/der-rote-faden.de\/wordpress\/wp-content\/uploads\/2016\/02\/IMG_6018-350x263.jpg 350w\" sizes=\"auto, (max-width: 600px) 100vw, 600px\" \/><\/a><\/p>\n<p>Danach kann der Gummizug mit einer Sicherheitsnadel oder einer Wendenadel durch den Tunnel geschoben und am Ende zugen\u00e4ht werden. Ist die Tunnel\u00f6ffnung klein genug, braucht man sie auch gar nicht zu vern\u00e4hen, sondern kann sie offenlassen, insbesondere, wenn es sich um ein schnelles Werk handelt. Sch\u00f6ner sieht es nat\u00fcrlich aus, wenn die Naht geschlossen wird.<\/p>\n<p>Der Saum kann offen bleiben, wenn, wie bei diesem Stoff, das Material nicht ausfranst. Wer noch etwas Zeit hat kann den Saum umschlagen und durchn\u00e4hen, entweder mit einem Zickzack-Stich, da der in dem dickeren Stoff versinkt und kaum sichtbar ist, oder mit einer <a href=\"http:\/\/aachen-stoffe.de\/Nadeln\/Maschinennadeln\/Naehmaschinennadeln-ZWI-Abstand-4mm-130-705H-No-75-Stretch-Flachkolben--1-Stueck.html\" target=\"_blank\" rel=\"noopener noreferrer\">Zwillingsnadel<\/a> einen sch\u00f6nen elastischen Saum n\u00e4hen.<\/p>\n<p>&nbsp;<\/p>\n<h1 style=\"text-align: left;\">Oberteil<\/h1>\n<p><a href=\"http:\/\/der-rote-faden.de\/wordpress\/wp-content\/uploads\/2016\/02\/IMG_59961.jpg\"><img loading=\"lazy\" decoding=\"async\" class=\"aligncenter wp-image-929\" src=\"http:\/\/der-rote-faden.de\/wordpress\/wp-content\/uploads\/2016\/02\/IMG_59961-1024x768.jpg\" alt=\"IMG_5996\" width=\"605\" height=\"454\" srcset=\"https:\/\/der-rote-faden.de\/wordpress\/wp-content\/uploads\/2016\/02\/IMG_59961-1024x768.jpg 1024w, https:\/\/der-rote-faden.de\/wordpress\/wp-content\/uploads\/2016\/02\/IMG_59961-300x225.jpg 300w, https:\/\/der-rote-faden.de\/wordpress\/wp-content\/uploads\/2016\/02\/IMG_59961-830x623.jpg 830w, https:\/\/der-rote-faden.de\/wordpress\/wp-content\/uploads\/2016\/02\/IMG_59961-230x173.jpg 230w, https:\/\/der-rote-faden.de\/wordpress\/wp-content\/uploads\/2016\/02\/IMG_59961-350x263.jpg 350w, https:\/\/der-rote-faden.de\/wordpress\/wp-content\/uploads\/2016\/02\/IMG_59961.jpg 1200w\" sizes=\"auto, (max-width: 605px) 100vw, 605px\" \/><\/a><\/p>\n<p>Auch hier habe ich, wie man deutlich sieht, einen alten, schon sehr viel verwendeten Grundschnitt f\u00fcr meine Pullis und T-Shirts genommen, dessen seitliche Weite, wie auch vordere Mitte dem jeweiligen dickeren oder d\u00fcnneren Stoff angepasst wird. Ebenso wird mal mit und mal ohne Abn\u00e4her gearbeitet, dieses Mal ohne, ich habe aber die Abn\u00e4her sicherheitshalber markiert, falls sie sich bei der Anprobe doch als notwendig herausstellen sollten. Auch der Halsausschnitt ist schon oft kleiner oder gr\u00f6\u00dfer gearbeitet worden, je nach augenblicklichem Befinden. Da der Stretch-Samt so mitteldick ist habe ich hier die Variante von je 0,7cm enger seitlich und bei der VM (vorderen Mitte) gew\u00e4hlt. Ein solcher Schnitt kann recht gut den eigenen Ma\u00dfen entsprechend aufgestellt werden, ich habe es auf der Seite <a href=\"http:\/\/der-rote-faden.de\/wordpress\/strickkleid-schnell-und-einfach-schnittkonstruktion-und-naeh-tutorial\" target=\"_blank\" rel=\"noopener noreferrer\">Schnittkonstruktion schnell und einfach<\/a> erkl\u00e4rt. Soll das Oberteil sch\u00f6n eng anliegend sein kann man auch hier, wie beim Rock, das glatte Ma\u00df der Oberweite verwenden, da der Stoff recht dehnbar ist. Wenn man jedoch einen gewebten Stoff mit nur etwa 3-4% Elasthan nimmt, sollte man schon mindestens 4cm an Mehrweite beim Schnitt zugeben.<\/p>\n<p>&nbsp;<\/p>\n<p><a href=\"http:\/\/der-rote-faden.de\/wordpress\/wp-content\/uploads\/2016\/02\/IMG_5997.jpg\"><img loading=\"lazy\" decoding=\"async\" class=\"aligncenter wp-image-930\" src=\"http:\/\/der-rote-faden.de\/wordpress\/wp-content\/uploads\/2016\/02\/IMG_5997-1024x768.jpg\" alt=\"Oberteil2\" width=\"599\" height=\"449\" srcset=\"https:\/\/der-rote-faden.de\/wordpress\/wp-content\/uploads\/2016\/02\/IMG_5997-1024x768.jpg 1024w, https:\/\/der-rote-faden.de\/wordpress\/wp-content\/uploads\/2016\/02\/IMG_5997-300x225.jpg 300w, https:\/\/der-rote-faden.de\/wordpress\/wp-content\/uploads\/2016\/02\/IMG_5997-830x623.jpg 830w, https:\/\/der-rote-faden.de\/wordpress\/wp-content\/uploads\/2016\/02\/IMG_5997-230x173.jpg 230w, https:\/\/der-rote-faden.de\/wordpress\/wp-content\/uploads\/2016\/02\/IMG_5997-350x263.jpg 350w\" sizes=\"auto, (max-width: 599px) 100vw, 599px\" \/><\/a><\/p>\n<p>Wie auch beim Rock muss bedacht werden, dass sowohl Vorder- als auch R\u00fcckenteil im Stoffbruch angelegt werden, da ja kein Rei\u00dfverschluss oder Knopfleiste angebracht werden m\u00fcssen. Da die Bestickung nicht bis an den Rand geht habe ich auch hier entsprechend mehr Stoff umgeschlagen, damit sie das ganze Vorderteil bedeckt. Ich habe das Oberteil etwas l\u00e4nger als meine Shirts und Pullis sonst zugeschnitten, da ich die Raffung vom Rock auch hier fortsetzen m\u00f6chte.<\/p>\n<p><a href=\"http:\/\/der-rote-faden.de\/wordpress\/wp-content\/uploads\/2016\/02\/IMG_6000.jpg\"><img loading=\"lazy\" decoding=\"async\" class=\"aligncenter wp-image-931\" src=\"http:\/\/der-rote-faden.de\/wordpress\/wp-content\/uploads\/2016\/02\/IMG_6000-1024x768.jpg\" alt=\"Oberteil3\" width=\"598\" height=\"449\" srcset=\"https:\/\/der-rote-faden.de\/wordpress\/wp-content\/uploads\/2016\/02\/IMG_6000-1024x768.jpg 1024w, https:\/\/der-rote-faden.de\/wordpress\/wp-content\/uploads\/2016\/02\/IMG_6000-300x225.jpg 300w, https:\/\/der-rote-faden.de\/wordpress\/wp-content\/uploads\/2016\/02\/IMG_6000-830x623.jpg 830w, https:\/\/der-rote-faden.de\/wordpress\/wp-content\/uploads\/2016\/02\/IMG_6000-230x173.jpg 230w, https:\/\/der-rote-faden.de\/wordpress\/wp-content\/uploads\/2016\/02\/IMG_6000-350x263.jpg 350w, https:\/\/der-rote-faden.de\/wordpress\/wp-content\/uploads\/2016\/02\/IMG_6000.jpg 1200w\" sizes=\"auto, (max-width: 598px) 100vw, 598px\" \/><\/a><\/p>\n<p>Das R\u00fcckenteil wird mit einem entsprechend engeren Halsausschnitt zugeschnitten.<\/p>\n<p><a href=\"http:\/\/der-rote-faden.de\/wordpress\/wp-content\/uploads\/2016\/02\/IMG_6021.jpg\"><img loading=\"lazy\" decoding=\"async\" class=\"aligncenter wp-image-936\" src=\"http:\/\/der-rote-faden.de\/wordpress\/wp-content\/uploads\/2016\/02\/IMG_6021-1024x768.jpg\" alt=\"Vorderteil zusammenn\u00e4hen\" width=\"597\" height=\"448\" srcset=\"https:\/\/der-rote-faden.de\/wordpress\/wp-content\/uploads\/2016\/02\/IMG_6021-1024x768.jpg 1024w, https:\/\/der-rote-faden.de\/wordpress\/wp-content\/uploads\/2016\/02\/IMG_6021-300x225.jpg 300w, https:\/\/der-rote-faden.de\/wordpress\/wp-content\/uploads\/2016\/02\/IMG_6021-830x623.jpg 830w, https:\/\/der-rote-faden.de\/wordpress\/wp-content\/uploads\/2016\/02\/IMG_6021-230x173.jpg 230w, https:\/\/der-rote-faden.de\/wordpress\/wp-content\/uploads\/2016\/02\/IMG_6021-350x263.jpg 350w, https:\/\/der-rote-faden.de\/wordpress\/wp-content\/uploads\/2016\/02\/IMG_6021.jpg 1200w\" sizes=\"auto, (max-width: 597px) 100vw, 597px\" \/><\/a><\/p>\n<p>Vorder- und R\u00fcckenteil werden seitlich und an der Schulter zusammengen\u00e4ht. Vorher stecke ich mit ein paar Stecknadeln die Teile ab, damit sie beim N\u00e4hen nicht verrutschen. Achtung! Wer unge\u00fcbt ist sollte die Nadeln lieber quer stecken, damit er mit der Maschine nicht dr\u00fcber n\u00e4ht. Hier sieht man noch Kreuzchen, mit denen ich eventuelle Abn\u00e4her markiert habe, f\u00fcr den Fall, dass das Oberteil ohne Abn\u00e4her doch zu sehr schlabbern sollte und der gew\u00fcnschte Effekt der Raffung nicht so richtig r\u00fcberk\u00e4me. Weil Abn\u00e4her im fertigen Teil sehr schwer gerade anzubringen sind. Lieber vorher diese kleinen Zeichen markieren. Es war aber ein dankbarer Stoff und machte, was ich mir so vorstellte. Die Abn\u00e4her waren nicht n\u00f6tig.<\/p>\n<p>&nbsp;<\/p>\n<p><a href=\"http:\/\/der-rote-faden.de\/wordpress\/wp-content\/uploads\/2016\/02\/IMG_6009.jpg\"><img loading=\"lazy\" decoding=\"async\" class=\"aligncenter wp-image-934\" src=\"http:\/\/der-rote-faden.de\/wordpress\/wp-content\/uploads\/2016\/02\/IMG_6009-1024x768.jpg\" alt=\"aermel1\" width=\"597\" height=\"448\" srcset=\"https:\/\/der-rote-faden.de\/wordpress\/wp-content\/uploads\/2016\/02\/IMG_6009-1024x768.jpg 1024w, https:\/\/der-rote-faden.de\/wordpress\/wp-content\/uploads\/2016\/02\/IMG_6009-300x225.jpg 300w, https:\/\/der-rote-faden.de\/wordpress\/wp-content\/uploads\/2016\/02\/IMG_6009-830x623.jpg 830w, https:\/\/der-rote-faden.de\/wordpress\/wp-content\/uploads\/2016\/02\/IMG_6009-230x173.jpg 230w, https:\/\/der-rote-faden.de\/wordpress\/wp-content\/uploads\/2016\/02\/IMG_6009-350x263.jpg 350w, https:\/\/der-rote-faden.de\/wordpress\/wp-content\/uploads\/2016\/02\/IMG_6009.jpg 1200w\" sizes=\"auto, (max-width: 597px) 100vw, 597px\" \/><\/a><\/p>\n<p>Bevor der \u00c4rmel zugeschnitten wird pr\u00fcfe ich nochmals, ob die Nahtlinie der Armkugel der L\u00e4nge der beiden Armausschnitte von Vorder- und R\u00fcckenteil entspricht. Normalerweise sollte sie lieber 2-4 cm l\u00e4nger sein, dann w\u00f6lbt sich der \u00c4rmel etwas raus. Ist die Armkugel enger als das Armloch f\u00e4llt der \u00c4rmel nach innen, &#8222;implodiert&#8220;. Da erkennt man auch gleich den zu engen \u00c4rmel. In einem weniger dehnbaren Stoff macht es sich zudem als unangenehmes Zw\u00e4ngen bemerkbar. Hier wollen wir allerdings den oberen Teil des \u00c4rmels gar nicht festn\u00e4hen, als Cut-Out offen lassen. Damit der obere Teil der Armkugel nicht mit zuviel Weite umklappt und am Oberarm rumschlabbert ist es daher ausnahmsweise ratsam, die Armkugel nur so weit wie das Armloch zu machen und nicht gr\u00f6\u00dfer. Ich habe auch hier einen zig-fach verwendeten \u00c4rmelschnitt aufgelegt und ihn nur in der ein wenig enger gefalteten Variante genommen. F\u00fcr so einen dehnbaren Stoff kann die untere Sauml\u00e4nge auf 0-2cm weiter als die Armweite am Handgelenk (oder wo der \u00c4rmel enden soll, bei mir Mitte des Unterarmes) festgelegt werden. Wer keinen Grundschnitt hat, kann sich den Schnitt f\u00fcr den \u00c4rmel ebenfalls nach der Seite&nbsp;<a href=\"http:\/\/der-rote-faden.de\/wordpress\/strickkleid-schnell-und-einfach-schnittkonstruktion-und-naeh-tutorial\" target=\"_blank\" rel=\"noopener noreferrer\">Schnittkonstruktion schnell und einfach<\/a> erstellen. Ich messe nochmals nach, ob der \u00c4rmelschnitt mit seiner Mitte im Fadenlauf liegt, also oben und unten gleich weit vom Rand entfernt, da jetzt auf dem umgeschlagenen Teil keine Webkante mehr vorhanden ist.<\/p>\n<p>&nbsp;<\/p>\n<p><a href=\"http:\/\/der-rote-faden.de\/wordpress\/wp-content\/uploads\/2016\/02\/IMG_6023.jpg\"><img loading=\"lazy\" decoding=\"async\" class=\"aligncenter wp-image-937\" src=\"http:\/\/der-rote-faden.de\/wordpress\/wp-content\/uploads\/2016\/02\/IMG_6023-1024x768.jpg\" alt=\"\u00c4rmel\" width=\"605\" height=\"454\" srcset=\"https:\/\/der-rote-faden.de\/wordpress\/wp-content\/uploads\/2016\/02\/IMG_6023-1024x768.jpg 1024w, https:\/\/der-rote-faden.de\/wordpress\/wp-content\/uploads\/2016\/02\/IMG_6023-300x225.jpg 300w, https:\/\/der-rote-faden.de\/wordpress\/wp-content\/uploads\/2016\/02\/IMG_6023-830x623.jpg 830w, https:\/\/der-rote-faden.de\/wordpress\/wp-content\/uploads\/2016\/02\/IMG_6023-230x173.jpg 230w, https:\/\/der-rote-faden.de\/wordpress\/wp-content\/uploads\/2016\/02\/IMG_6023-350x263.jpg 350w, https:\/\/der-rote-faden.de\/wordpress\/wp-content\/uploads\/2016\/02\/IMG_6023.jpg 1200w\" sizes=\"auto, (max-width: 605px) 100vw, 605px\" \/><\/a><\/p>\n<p>Die beiden zugeschnittenen \u00c4rmel werden jeweils an der Seitennaht zusammengen\u00e4ht. Da der Stoff nicht ausfranst kann der \u00c4rmel nachher auch offenkantig bleiben. Wer noch etwas Zeit investieren m\u00f6chte kann aber mit einer einfachen Zickzack-Naht den 2cm eingeschlagenen Saum abn\u00e4hen oder mit einer Zwillingsnadel einen nicht sichtbaren, elastischen Stich zaubern.<\/p>\n<p><a href=\"http:\/\/der-rote-faden.de\/wordpress\/wp-content\/uploads\/2016\/02\/IMG_6024.jpg\"><img loading=\"lazy\" decoding=\"async\" class=\"aligncenter wp-image-938\" src=\"http:\/\/der-rote-faden.de\/wordpress\/wp-content\/uploads\/2016\/02\/IMG_6024-1024x768.jpg\" alt=\"\u00c4rmel in Armloch\" width=\"599\" height=\"449\" srcset=\"https:\/\/der-rote-faden.de\/wordpress\/wp-content\/uploads\/2016\/02\/IMG_6024-1024x768.jpg 1024w, https:\/\/der-rote-faden.de\/wordpress\/wp-content\/uploads\/2016\/02\/IMG_6024-300x225.jpg 300w, https:\/\/der-rote-faden.de\/wordpress\/wp-content\/uploads\/2016\/02\/IMG_6024-830x623.jpg 830w, https:\/\/der-rote-faden.de\/wordpress\/wp-content\/uploads\/2016\/02\/IMG_6024-230x173.jpg 230w, https:\/\/der-rote-faden.de\/wordpress\/wp-content\/uploads\/2016\/02\/IMG_6024-350x263.jpg 350w, https:\/\/der-rote-faden.de\/wordpress\/wp-content\/uploads\/2016\/02\/IMG_6024.jpg 1200w\" sizes=\"auto, (max-width: 599px) 100vw, 599px\" \/><\/a><\/p>\n<p>Der \u00c4rmel wird jeweils rechts auf rechts ins Armloch gesteckt, mit ein paar Stecknadeln fixiert und bis auf 14-16 cm oben an der Armkugel, die als Cut-Out offenbleiben, zugen\u00e4ht.<\/p>\n<p>&nbsp;<\/p>\n<p><a href=\"http:\/\/der-rote-faden.de\/wordpress\/wp-content\/uploads\/2016\/02\/IMG_6029.jpg\"><img loading=\"lazy\" decoding=\"async\" class=\"aligncenter wp-image-939\" src=\"http:\/\/der-rote-faden.de\/wordpress\/wp-content\/uploads\/2016\/02\/IMG_6029-1024x768.jpg\" alt=\"cutout\" width=\"603\" height=\"452\" srcset=\"https:\/\/der-rote-faden.de\/wordpress\/wp-content\/uploads\/2016\/02\/IMG_6029-1024x768.jpg 1024w, https:\/\/der-rote-faden.de\/wordpress\/wp-content\/uploads\/2016\/02\/IMG_6029-300x225.jpg 300w, https:\/\/der-rote-faden.de\/wordpress\/wp-content\/uploads\/2016\/02\/IMG_6029-830x623.jpg 830w, https:\/\/der-rote-faden.de\/wordpress\/wp-content\/uploads\/2016\/02\/IMG_6029-230x173.jpg 230w, https:\/\/der-rote-faden.de\/wordpress\/wp-content\/uploads\/2016\/02\/IMG_6029-350x263.jpg 350w, https:\/\/der-rote-faden.de\/wordpress\/wp-content\/uploads\/2016\/02\/IMG_6029.jpg 1200w\" sizes=\"auto, (max-width: 603px) 100vw, 603px\" \/><\/a><\/p>\n<p>Beim offenen \u00c4rmelteil, dem &#8222;Cut-Out&#8220;, wird die Nahtzugabe umgen\u00e4ht, soweit wie die \u00d6ffnung vorhanden ist.<\/p>\n<p><img loading=\"lazy\" decoding=\"async\" class=\"wp-image-2427 aligncenter\" src=\"https:\/\/der-rote-faden.de\/wordpress\/wp-content\/uploads\/2018\/10\/cut-out-1024x576.jpg\" alt=\"cut-out\" width=\"600\" height=\"338\" srcset=\"https:\/\/der-rote-faden.de\/wordpress\/wp-content\/uploads\/2018\/10\/cut-out-1024x576.jpg 1024w, https:\/\/der-rote-faden.de\/wordpress\/wp-content\/uploads\/2018\/10\/cut-out-300x169.jpg 300w, https:\/\/der-rote-faden.de\/wordpress\/wp-content\/uploads\/2018\/10\/cut-out-768x432.jpg 768w, https:\/\/der-rote-faden.de\/wordpress\/wp-content\/uploads\/2018\/10\/cut-out-830x467.jpg 830w, https:\/\/der-rote-faden.de\/wordpress\/wp-content\/uploads\/2018\/10\/cut-out-230x129.jpg 230w, https:\/\/der-rote-faden.de\/wordpress\/wp-content\/uploads\/2018\/10\/cut-out-350x197.jpg 350w, https:\/\/der-rote-faden.de\/wordpress\/wp-content\/uploads\/2018\/10\/cut-out-480x270.jpg 480w\" sizes=\"auto, (max-width: 600px) 100vw, 600px\" \/><\/p>\n<p>Hier geht auch ein gerader Steppstich, da die Naht nicht dehnbar sein muss.<\/p>\n<p>&nbsp;<\/p>\n<p><a href=\"http:\/\/der-rote-faden.de\/wordpress\/wp-content\/uploads\/2016\/02\/IMG_6025.jpg\"><img loading=\"lazy\" decoding=\"async\" class=\"aligncenter wp-image-940\" src=\"http:\/\/der-rote-faden.de\/wordpress\/wp-content\/uploads\/2016\/02\/IMG_6025-1024x768.jpg\" alt=\"Halsausschnitt\" width=\"603\" height=\"452\" srcset=\"https:\/\/der-rote-faden.de\/wordpress\/wp-content\/uploads\/2016\/02\/IMG_6025-1024x768.jpg 1024w, https:\/\/der-rote-faden.de\/wordpress\/wp-content\/uploads\/2016\/02\/IMG_6025-300x225.jpg 300w, https:\/\/der-rote-faden.de\/wordpress\/wp-content\/uploads\/2016\/02\/IMG_6025-830x623.jpg 830w, https:\/\/der-rote-faden.de\/wordpress\/wp-content\/uploads\/2016\/02\/IMG_6025-230x173.jpg 230w, https:\/\/der-rote-faden.de\/wordpress\/wp-content\/uploads\/2016\/02\/IMG_6025-350x263.jpg 350w, https:\/\/der-rote-faden.de\/wordpress\/wp-content\/uploads\/2016\/02\/IMG_6025.jpg 1200w\" sizes=\"auto, (max-width: 603px) 100vw, 603px\" \/><\/a><\/p>\n<p>Am Halsausschnitt kann die Nahtzugabe 0,75cm eingeschlagen und mit leichtem Zickzack-Stich umgen\u00e4ht werden. Das geht am schnellsten. Man muss nur, wie unten erkl\u00e4rt, darauf achten, dass der Halsausschnitt dabei nicht verdehnt wird. Zur Sicherheit kann man etwa ein <a href=\"http:\/\/aachen-stoffe.de\/Miederwaren\/\" target=\"_blank\" rel=\"noopener noreferrer\">Framilon-Band<\/a> mitlaufen lassen, das man leicht dehnt beim Einn\u00e4hen, dadurch springt der Halsausschnitt etwas zusammen. Das sollte aber erst an einem St\u00fcck Reststoff ausprobiert werden, damit das Ergebnis nicht etwa gekr\u00e4uselt aussieht. Ich hatte gerade keines zur Hand und habe deshalb mit einem transparenten Schr\u00e4gband als Beleg vers\u00e4ubert, damit man den Beleg nicht sieht und weil ich keine passende Farbe zur Hand hatte. Ein Beleg aus dem gleichen Material w\u00e4re zu dick gewesen und h\u00e4tte zu sehr aufgetragen und ein Rest Jerseystoff, den ich sonst gern daf\u00fcr nehme, war auch nicht in einer passenden Farbe zur Hand.<\/p>\n<p>&nbsp;<\/p>\n<p><a href=\"http:\/\/der-rote-faden.de\/wordpress\/wp-content\/uploads\/2016\/02\/schraegband-einfassen.jpg\"><img loading=\"lazy\" decoding=\"async\" class=\"aligncenter wp-image-942\" src=\"http:\/\/der-rote-faden.de\/wordpress\/wp-content\/uploads\/2016\/02\/schraegband-einfassen-1024x768.jpg\" alt=\"schraegband-einfassen\" width=\"599\" height=\"449\" srcset=\"https:\/\/der-rote-faden.de\/wordpress\/wp-content\/uploads\/2016\/02\/schraegband-einfassen-1024x768.jpg 1024w, https:\/\/der-rote-faden.de\/wordpress\/wp-content\/uploads\/2016\/02\/schraegband-einfassen-300x225.jpg 300w, https:\/\/der-rote-faden.de\/wordpress\/wp-content\/uploads\/2016\/02\/schraegband-einfassen-830x623.jpg 830w, https:\/\/der-rote-faden.de\/wordpress\/wp-content\/uploads\/2016\/02\/schraegband-einfassen-230x173.jpg 230w, https:\/\/der-rote-faden.de\/wordpress\/wp-content\/uploads\/2016\/02\/schraegband-einfassen-350x263.jpg 350w, https:\/\/der-rote-faden.de\/wordpress\/wp-content\/uploads\/2016\/02\/schraegband-einfassen.jpg 1200w\" sizes=\"auto, (max-width: 599px) 100vw, 599px\" \/><\/a><\/p>\n<p>Das Schr\u00e4gband wird rechts auf rechts aufgen\u00e4ht und anschlie\u00dfend nach innen umgeschlagen und nochmals mit 1,0 cm Abstand durchgesteppt. Bitte aufpassen, dass dabei der Halsausschnitt nicht verdehnt wird. Lieber vorher mit ein paar Nadeln das Band aufstecken, so hat man die Kontrolle. Schon beim Aufstecken kann darauf geachtet werden, dass der Stoff eher etwas zusammengeschoben wird, auf keinen Fall aber gedehnt wird, sonst klafft der Halsausschnitt ab, wenn er so breit ist. Wem das mit dem Stecken zu schwierig erscheint, der kann auch vorher das Band aufheften oder auch ein <a href=\"http:\/\/aachen-stoffe.de\/Fixiereinlagen\/Einlagebaender\/Formband-Kantenband-schraeg--fadenverstaerkt--mittiger-Kettstich---12mm--grau.html\" target=\"_blank\" rel=\"noopener noreferrer\">Formband <\/a>auf den Ausschnitt b\u00fcgeln, damit sich der Ausschnitt nicht verdehnt. Auch dabei sollte schon darauf geachtet werden, den Ausschnitt nicht zu dehnen sondern eher einzuhalten. Ein Saum ist bei den Oberteil nicht n\u00f6tig. Das Kleid ist fertig.<\/p>\n<p>Den Stoff: <a href=\"https:\/\/der-rote-faden.de\/de\/Modestoffe-Abend\/\" target=\"_blank\" rel=\"noopener\">Stretch-Samt mit Pailletten<\/a> gibt es jetzt in oliv<\/p>\n<p><img loading=\"lazy\" decoding=\"async\" class=\"wp-image-2425 aligncenter\" src=\"https:\/\/der-rote-faden.de\/wordpress\/wp-content\/uploads\/2018\/10\/36403-oliv_paillettenstoff.jpg\" alt=\"paillettenstoff oliv stretch velvet\" width=\"233\" height=\"466\" srcset=\"https:\/\/der-rote-faden.de\/wordpress\/wp-content\/uploads\/2018\/10\/36403-oliv_paillettenstoff.jpg 450w, https:\/\/der-rote-faden.de\/wordpress\/wp-content\/uploads\/2018\/10\/36403-oliv_paillettenstoff-150x300.jpg 150w, https:\/\/der-rote-faden.de\/wordpress\/wp-content\/uploads\/2018\/10\/36403-oliv_paillettenstoff-230x460.jpg 230w, https:\/\/der-rote-faden.de\/wordpress\/wp-content\/uploads\/2018\/10\/36403-oliv_paillettenstoff-350x700.jpg 350w\" sizes=\"auto, (max-width: 233px) 100vw, 233px\" \/><\/p>\n<p>Wenn euch dieser Beitrag gefallen oder nicht gefallen hat, ihr Anregungen oder Fragen habt, k\u00f6nnt ihr gern hier unten einen Kommentar hinterlassen oder uns liken bzw. folgen:<\/p>\n<p><a href=\"https:\/\/www.facebook.com\/pg\/DerRoteFadenAachenStoffe\/posts\/?ref=page_internal\" target=\"_blank\" rel=\"noopener\"><img loading=\"lazy\" decoding=\"async\" class=\"alignnone wp-image-1849 size-thumbnail\" src=\"https:\/\/der-rote-faden.de\/wordpress\/wp-content\/uploads\/2017\/10\/facebook-150x150.jpg\" sizes=\"auto, (max-width: 150px) 100vw, 150px\" srcset=\"https:\/\/der-rote-faden.de\/wordpress\/wp-content\/uploads\/2017\/10\/facebook-150x150.jpg 150w, https:\/\/der-rote-faden.de\/wordpress\/wp-content\/uploads\/2017\/10\/facebook.jpg 204w\" alt=\"facebook\" width=\"150\" height=\"150\"><\/a><a href=\"https:\/\/twitter.com\/mia22065\" target=\"_blank\" rel=\"noopener\"><img loading=\"lazy\" decoding=\"async\" class=\"alignnone wp-image-1845\" src=\"https:\/\/der-rote-faden.de\/wordpress\/wp-content\/uploads\/2017\/10\/twttr-150x150.jpg\" sizes=\"auto, (max-width: 137px) 100vw, 137px\" srcset=\"https:\/\/der-rote-faden.de\/wordpress\/wp-content\/uploads\/2017\/10\/twttr-150x150.jpg 150w, https:\/\/der-rote-faden.de\/wordpress\/wp-content\/uploads\/2017\/10\/twttr.jpg 225w\" alt=\"twitter\" width=\"137\" height=\"137\"><\/a><a href=\"https:\/\/www.instagram.com\/der.rote.faden\/\" target=\"_blank\" rel=\"noopener\"><img loading=\"lazy\" decoding=\"async\" class=\"alignnone wp-image-1848 size-thumbnail\" src=\"https:\/\/der-rote-faden.de\/wordpress\/wp-content\/uploads\/2017\/10\/instgrm-150x150.jpg\" sizes=\"auto, (max-width: 150px) 100vw, 150px\" srcset=\"https:\/\/der-rote-faden.de\/wordpress\/wp-content\/uploads\/2017\/10\/instgrm-150x150.jpg 150w, https:\/\/der-rote-faden.de\/wordpress\/wp-content\/uploads\/2017\/10\/instgrm.jpg 225w\" alt=\"instagram\" width=\"150\" height=\"150\"><\/a><a href=\"https:\/\/www.pinterest.de\/schellwetzig\/n%C3%A4hen-einfach-mit-kostenlosen-schnittmustern\/\" target=\"_blank\" rel=\"noopener\"><img loading=\"lazy\" decoding=\"async\" class=\"alignnone wp-image-1846 size-thumbnail\" src=\"https:\/\/der-rote-faden.de\/wordpress\/wp-content\/uploads\/2017\/10\/pint-150x150.png\" sizes=\"auto, (max-width: 150px) 100vw, 150px\" srcset=\"https:\/\/der-rote-faden.de\/wordpress\/wp-content\/uploads\/2017\/10\/pint-150x150.png 150w, https:\/\/der-rote-faden.de\/wordpress\/wp-content\/uploads\/2017\/10\/pint.png 225w\" alt=\"pinterest\" width=\"150\" height=\"150\"><\/a><\/p>\n<p>verlinkt in:<\/p>\n<p><a href=\"http:\/\/www.sewlala.de\" target=\"_blank\" rel=\"noopener\">sewlala<\/a><\/p>\n<p><a href=\"https:\/\/naehfrosch.de\/tag\/du-fuer-dich-am-donnerstag\/\" target=\"_blank\" rel=\"noopener\">Du f\u00fcr dich<\/a><\/p>\n<p><a href=\"https:\/\/naehfrosch.de\/kostenlose-schnittmuster-linkparty\/#kostenloseschnittmusterlinkparty\" target=\"_blank\" rel=\"noopener\">N\u00e4hfrosch<\/a><\/p>\n<p><a href=\"https:\/\/dienstagsdinge.blogspot.com\/\" target=\"_blank\" rel=\"noopener\">Dienstagsdinge<\/a><\/p>\n<p><a href=\"https:\/\/handmadeontuesday.blogspot.com\/\" target=\"_blank\" rel=\"noopener\">HOT Handmade on Tuesday<\/a><\/p>\n<p><a href=\"https:\/\/www.creadienstag.de\/\" target=\"_blank\" rel=\"noopener\">Creadienstag<\/a><\/p>\n<p><span style=\"border-radius: 2px; text-indent: 20px; width: auto; padding: 0px 4px 0px 0px; text-align: center; font: bold 11px\/20px 'Helvetica Neue',Helvetica,sans-serif; color: #ffffff; background: #bd081c no-repeat scroll 3px 50% \/ 14px 14px; position: absolute; opacity: 1; z-index: 8675309; display: none; cursor: pointer; top: 1757px; left: 356px;\">Merken<\/span><\/p>\n","protected":false},"excerpt":{"rendered":"<p>Tutorial f\u00fcr Raffung und Cut-Out &nbsp; Obwohl dieses Kleid mit seinen Raffungen und Schulter-Cut-Out nach einem schwierigen Schnitt aussieht ist es doch ganz leicht zu erstellen. Eigentlich ist es ja kein Kleid, sondern ein Rock mit Gummizug und ein Pulli, dessen \u00c4rmel im oberen Bereich nicht geschlossen sind. Hat den Vorteil, dass es auch einzeln getragen werden kann und ist viel leichter von der Schnitterstellung und gen\u00e4ht. Am Morgen eines Events hatte ich so richtig Lust auf was Neues f\u00fcr die Party, zu der wir eingeladen waren. Da es nat\u00fcrlich mal wieder super sp\u00e4t war, musste ich mir was einfallen [&hellip;]<\/p>\n","protected":false},"author":2,"featured_media":2425,"comment_status":"closed","ping_status":"closed","sticky":false,"template":"","format":"standard","meta":{"footnotes":""},"categories":[1,70,62,11],"tags":[66,82,105,106,107,85,48],"class_list":["post-917","post","type-post","status-publish","format-standard","has-post-thumbnail","hentry","category-beitraege","category-naehen-fuer-damen","category-schnitterstellung-damen","category-modestoffe_schnitterstellung","tag-eigenes-schnittmuster-erstellen","tag-grundkenntnisse-der-schnittechnik","tag-kleid-mit-cut-out-erstellen","tag-kleid-mit-raffung-erstellen","tag-rock-mit-raffung-erstellen","tag-schnitt-selbst-erstellen-schnell-und-einfach","tag-schnittabaenderung"],"_links":{"self":[{"href":"https:\/\/der-rote-faden.de\/wordpress\/wp-json\/wp\/v2\/posts\/917","targetHints":{"allow":["GET"]}}],"collection":[{"href":"https:\/\/der-rote-faden.de\/wordpress\/wp-json\/wp\/v2\/posts"}],"about":[{"href":"https:\/\/der-rote-faden.de\/wordpress\/wp-json\/wp\/v2\/types\/post"}],"author":[{"embeddable":true,"href":"https:\/\/der-rote-faden.de\/wordpress\/wp-json\/wp\/v2\/users\/2"}],"replies":[{"embeddable":true,"href":"https:\/\/der-rote-faden.de\/wordpress\/wp-json\/wp\/v2\/comments?post=917"}],"version-history":[{"count":33,"href":"https:\/\/der-rote-faden.de\/wordpress\/wp-json\/wp\/v2\/posts\/917\/revisions"}],"predecessor-version":[{"id":3792,"href":"https:\/\/der-rote-faden.de\/wordpress\/wp-json\/wp\/v2\/posts\/917\/revisions\/3792"}],"wp:featuredmedia":[{"embeddable":true,"href":"https:\/\/der-rote-faden.de\/wordpress\/wp-json\/wp\/v2\/media\/2425"}],"wp:attachment":[{"href":"https:\/\/der-rote-faden.de\/wordpress\/wp-json\/wp\/v2\/media?parent=917"}],"wp:term":[{"taxonomy":"category","embeddable":true,"href":"https:\/\/der-rote-faden.de\/wordpress\/wp-json\/wp\/v2\/categories?post=917"},{"taxonomy":"post_tag","embeddable":true,"href":"https:\/\/der-rote-faden.de\/wordpress\/wp-json\/wp\/v2\/tags?post=917"}],"curies":[{"name":"wp","href":"https:\/\/api.w.org\/{rel}","templated":true}]}}